{"id":60772,"date":"2023-02-26T20:52:03","date_gmt":"2023-02-26T18:52:03","guid":{"rendered":"https:\/\/israelmagazine.net\/?p=60772"},"modified":"2023-02-26T20:52:03","modified_gmt":"2023-02-26T18:52:03","slug":"un-terroriste-toujours-en-fuite-apres-avoir-tue-deux-jeunes-a-huwara","status":"publish","type":"post","link":"https:\/\/israelmagazine.net\/?p=60772","title":{"rendered":"Un terroriste toujours en fuite apr\u00e8s avoir assassin\u00e9 deux jeunes (19 et 21 ans) \u00e0 Huwara."},"content":{"rendered":"<h1><img class=\\\"alignnone size-medium wp-image-60777\\\" src=\\\"https:\/\/israelmagazine.co.il\/wp-content\/uploads\/2023\/02\/BJ00rs1YRs_0_73_1368_770_0_x-large1-300x169.jpg\\\" alt=\\\"\\\" width=\\\"300\\\" height=\\\"169\\\" \/><\/h1>\n<h1>Un terroriste toujours en fuite apr\u00e8s avoir assassin\u00e9 deux jeunes (19 et 21 ans) \u00e0 Huwara.<\/h1>\n<h2>La chasse \u00e0 l\\&rsquo;homme en cours<\/h2>\n<h3>Le terroriste responsable de l\\&rsquo;attaque n\\&rsquo;a pas encore \u00e9t\u00e9 arr\u00eat\u00e9 \u2022 La police est en \u00e9tat d\\&rsquo;alerte maximale et le gouvernement promet une r\u00e9ponse rapide et efficace<\/h3>\n<p>Deux Isra\u00e9liens ont \u00e9t\u00e9 assassin\u00e9s dimanche lors d\\&rsquo;une fusillade terroriste dans la\u00a0ville de Huwar<a href=\\\"https:\/\/www.jpost.com\/arab-israeli-conflict\/article-694572\\\">a,<\/a>\u00a0dans le nord de la Jud\u00e9e-Samarie.<\/p>\n<p>Le terroriste a <strong><em>utilis\u00e9 une voiture pour percuter<\/em><\/strong> un v\u00e9hicule isra\u00e9lien qui traversait la ville, avant de tirer et de blesser gri\u00e8vement les deux passagers qui ont ensuite succomb\u00e9 \u00e0 leurs blessures.\u00a0Le terroriste s\\&rsquo;est \u00e9chapp\u00e9 de la sc\u00e8ne et les Forces de Tsahal m\u00e8nent des recherches dans la zone pour retrouver le suspect.<\/p>\n<p>La police a confirm\u00e9 que les deux victimes \u00e9taient les fr\u00e8res <em><strong>Hillel Menachem et Yigal Yaakov Yaniv<\/strong><\/em>.<\/p>\n<p>Les fr\u00e8res r\u00e9sidaient dans l\u2019implantation de Har Bracha pr\u00e8s de Naplouse et Hillel venait de terminer son service dans la marine isra\u00e9lienne.<\/p>\n<h2>Bouclage de la zone pour attraper l\\&rsquo;assassin<\/h2>\n<p>Les forces de s\u00e9curit\u00e9 ont ferm\u00e9 temporairement le carrefour Yizhar Hagedola et le carrefour Tapuah \u00e0 la circulation, apr\u00e8s l\\&rsquo;attaque alors qu\u2019elles recherchent le terroriste.<\/p>\n<p>Gil Bismuth, ambulancier du Magen David Adom, qui est arriv\u00e9 sur les lieux, a d\u00e9clar\u00e9 : \u00ab Lorsque nous sommes arriv\u00e9s, nous avons vu les deux bless\u00e9s allong\u00e9s pr\u00e8s du v\u00e9hicule alors qu\\&rsquo;ils \u00e9taient inconscients. On les a mis dans des v\u00e9hicules militaires de soins intensifs et ils ont \u00e9t\u00e9 \u00e9vacu\u00e9s \u00e0 l\\&rsquo;h\u00f4pital dans un \u00e9tat grave.\\\u00a0\u00bb<\/p>\n<p>Le Premier ministre Benjamin Netanyahou a confirm\u00e9 qu\\&rsquo;il recevait r\u00e9guli\u00e8rement des rapports sur l\\&rsquo;incident.<\/p>\n<h2>Priorit\u00e9 au r\u00e9tablissement de la s\u00e9curit\u00e9<\/h2>\n<p>\\\u00a0\u00bbNous continuerons d\\&rsquo;agir par tous les moyens n\u00e9cessaires, pour r\u00e9tablir la s\u00e9curit\u00e9, par les activit\u00e9s op\u00e9rationnelles et gr\u00e2ce \u00e0 la l\u00e9gislation, pour dissuader les terroristes et maintenir la s\u00e9curit\u00e9 d\\&rsquo;Isra\u00ebl\\\u00a0\u00bb, a d\u00e9clar\u00e9 le Premier ministre via Twitter.<\/p>\n<p>Plus tard dimanche, le ministre de la D\u00e9fense, Yoav Galant, a ordonn\u00e9 aux unit\u00e9s op\u00e9rationnelles et de renseignement des forces de s\u00e9curit\u00e9 de concentrer leurs efforts sur la capture des terroristes. Il leur demande d\u2019utiliser tous les moyens n\u00e9cessaires, y compris des frappes pr\u00e9ventives pour emp\u00eacher de futures attaques.<\/p>\n<h2>Accroissement des forces en Jud\u00e9e-Samarie<\/h2>\n<p>Galant a \u00e9galement approuv\u00e9 l\\&rsquo;augmentation temporaire du nombre de forces en Jud\u00e9e-Samarie pour mieux couvrir la zone.<\/p>\n<p>La r\u00e9union dirig\u00e9e par Galant comprenait le chef d\\&rsquo;\u00e9tat-major de Tsahal Herzi Halevi, le chef du Shin Bet Ronen Bar, le chef du renseignement de Tsahal, le major-g\u00e9n\u00e9ral\u00a0Aharon Hulia, le directeur g\u00e9n\u00e9ral du minist\u00e8re de la D\u00e9fense Eyal Zamir et d\\&rsquo;autres hauts responsables.<\/p>\n<h2>Couper court au risque d\\&rsquo;Intifada avant le Ramadan<\/h2>\n<p>Halevi avait fait de l\\&rsquo;apaisement de la situation en Jud\u00e9e-Samarie l\\&rsquo;une de ses principales priorit\u00e9s avant le Ramadan le mois prochain. Il s\u2019agit, \u00e0 la fois, d\u2019\u00e9viter une v\u00e9ritable Intifada et d\u2019avoir la libert\u00e9 de mouvement suffisante pour \u00e9ventuellement repositionner ses forces sur les fronts nord et sud, qui pr\u00e9sentent de plus grandes menaces \u00e0 long terme.<\/p>\n<p>Le commissaire de police Kobi Shabtai a publi\u00e9 une d\u00e9claration peu apr\u00e8s l\\&rsquo;attaque, adressant ses condol\u00e9ances \u00e0 la famille.<\/p>\n<h2>Toutes les unit\u00e9s de Police sur le qui-vive<\/h2>\n<p>\\\u00a0\u00bbNous sommes dans une situation tr\u00e8s sensible et cela n\u00e9cessite que nous soyons tous en \u00e9tat d\\&rsquo;alerte op\u00e9rationnelle totale, donc je demande \u00e0 tous les officiers de v\u00e9rifier l\\&rsquo;\u00e9tat de pr\u00e9paration de leurs unit\u00e9s et de s\\&rsquo;assurer que tous les policiers sont pr\u00e9par\u00e9s\\\u00a0\u00bb, a-t-il d\u00e9clar\u00e9.<\/p>\n<p>\\\u00a0\u00bbLa police isra\u00e9lienne est entr\u00e9e en alerte maximale afin d\\&rsquo;\u00eatre \u00e0 un niveau complet d\\&rsquo;instruction op\u00e9rationnelle.\\\u00a0\u00bb<\/p>\n<h2><strong>Le chef r\u00e9gional de Jud\u00e9e-Samarie appelle le gouvernement \u00e0 \\\u00a0\u00bbpasser de la d\u00e9fense \u00e0 l\\&rsquo;attaque\\\u00a0\u00bb<\/strong><\/h2>\n<p>Yossi Dagan, le chef du Conseil r\u00e9gional de Samarie, a appel\u00e9 le gouvernement \u00e0 \\\u00a0\u00bbchanger de paradigme et passer de la d\u00e9fense \u00e0 l\\&rsquo;attaque\\\u00a0\u00bb.<\/p>\n<p>\\\u00a0\u00bbCe n\\&rsquo;est pas possible qu\\&rsquo;\u00e0 la lumi\u00e8re du jour, des terroristes se permettent de tirer sur des civils innocents. L\\&rsquo;insolence du terrorisme prouve qu\\&rsquo;il n\\&rsquo;y a pas de dissuasion\\\u00a0\u00bb, a d\u00e9clar\u00e9 Dagan.<\/p>\n<p>\\\u00a0\u00bbLe peuple d\\&rsquo;Isra\u00ebl et les habitants de Samarie sont forts, nous ne nous briserons pas face \u00e0 la terreur meurtri\u00e8re de l\\&rsquo;Autorit\u00e9 palestinienne.\\\u00a0\u00bb<\/p>\n<p>Le maire de Beit El, Shai Alon, a racont\u00e9 les \u00e9v\u00e9nements de l\\&rsquo;attaque en disant : \u00ab La fusillade s\\&rsquo;est produite juste derri\u00e8re moi. \u00c7a avait l\\&rsquo;air terrible &#8211; c\\&rsquo;\u00e9taient des coups de feu \u00e0 bout portant. Vous \u00eates encercl\u00e9 par les c\u00f4t\u00e9s gauche et droit, il n\\&rsquo;y a aucun moyen de Il n\\&rsquo;est pas possible que des terroristes puissent poss\u00e9der des armes aussi facilement et tirer librement [sur des civils isra\u00e9liens] \u00e0 bout portant en plein jour \u00bb.<\/p>\n<h2>Perte de contr\u00f4le en Jud\u00e9e-Samarie ?<\/h2>\n<p>Il a ajout\u00e9 que l\\&rsquo;attaque terroriste a montr\u00e9 qu\\&rsquo;il y a \u00ab\u00a0un manque total de contr\u00f4le en Jud\u00e9e-Samarie\u00a0et que la menace&#8230; est pire que jamais\u00a0\u00bb, et qu\\&rsquo;Isra\u00ebl doit d\u00e9clarer une \u00ab\u00a0guerre totale\u00a0\u00bb pour r\u00e9tablir la s\u00e9curit\u00e9.<\/p>\n<p>Le chef de l\\&rsquo;opposition, Yair Lapid, a adress\u00e9 ses condol\u00e9ances aux familles des victimes et a d\u00e9clar\u00e9 qu\\&rsquo;il avait\u00a0\\\u00a0\u00bbpleinement confiance dans le fait que les forces de s\u00e9curit\u00e9 attraperont les meurtriers\\\u00a0\u00bb.<\/p>\n<p>Des Palestiniens ont distribu\u00e9 des bonbons \u00e0 Naplouse, J\u00e9nine et dans la bande de Gaza peu apr\u00e8s l\\&rsquo;attaque pour c\u00e9l\u00e9brer les meurtres.<\/p>\n<h2>Le Hamas \u00e0 Gaza exulte<\/h2>\n<p>Le porte-parole du Hamas, Hazem Qassam, a qualifi\u00e9 l\\&rsquo;attaque terroriste de \\\u00a0\u00bbr\u00e9action naturelle aux crimes de l\\&rsquo;occupation\\\u00a0\u00bb, ajoutant que \\\u00a0\u00bbla r\u00e9sistance en Cisjordanie restera pr\u00e9sente et s\\&rsquo;intensifiera, et aucun plan ou sommet ne pourra l\\&rsquo;arr\u00eater\\\u00a0\u00bb.<\/p>\n<p>L\\&rsquo;attaque survient quelques heures seulement apr\u00e8s que les m\u00e9dias isra\u00e9liens ont rapport\u00e9 que l\\&rsquo;establishment de la d\u00e9fense avait d\u00e9cid\u00e9 de r\u00e9duire ses op\u00e9rations en Jud\u00e9e-Samarie afin d\\&rsquo;essayer de calmer la situation avant le Ramadan.<\/p>\n<h2><strong>Sommet sur la s\u00e9curit\u00e9 d\\&rsquo;Aqaba<\/strong><\/h2>\n<p>L\\&rsquo;attaque survient \u00e9galement alors qu\\&rsquo;Isra\u00ebl, l\\&rsquo;Autorit\u00e9 palestinienne, l\\&rsquo;\u00c9gypte, la Jordanie et les \u00c9tats-Unis\u00a0tiennent un sommet \u00e0 Aqaba\u00a0pour tenter de calmer les tensions dans la r\u00e9gion.\u00a0Le sommet a \u00e9t\u00e9 largement condamn\u00e9 par les factions palestiniennes. Les m\u00e9dias affili\u00e9s au Hamas qualifient le sommet de \\\u00a0\u00bbpr\u00e9lude \u00e0 l\\&rsquo;\u00e9limination de la r\u00e9sistance de la Cisjordanie aux mains des Palestiniens\\\u00a0\u00bb.<\/p>\n<p>Plusieurs heures apr\u00e8s l\\&rsquo;attaque, le <strong><em>d\u00e9put\u00e9 jordanien Yanal Phriha\\&rsquo;at a salu\u00e9 l\\&rsquo;attaque terroriste<\/em><\/strong>, affirmant que \u00ab le gouvernement sioniste fasciste souffre de fractures politiques internes, nous nous opposons au sommet d\\&rsquo;Aqaba et le consid\u00e9rons comme honteux.<\/p>\n<p>\\\u00a0\u00bbNous saluons les combattants de la r\u00e9sistance qui luttent contre les crimes d\\&rsquo;Isra\u00ebl. Toutes les tentatives de d\u00e9truire la r\u00e9sistance \u00e9choueront.\\\u00a0\u00bb<\/p>\n<p>&nbsp;<\/p>\n<p>Apr\u00e8s l\\&rsquo;attaque, le ministre des Finances Bezalel Smotrich a appel\u00e9 la d\u00e9l\u00e9gation isra\u00e9lienne \u00e0 Aqaba \u00e0 revenir en Isra\u00ebl. Il a affirm\u00e9 que la d\u00e9sescalade \\\u00a0\u00bbne sera atteinte que lorsque <em><strong>Tsahal frappera sans piti\u00e9 les villes et les brigades terroristes<\/strong><\/em>\\\u00a0\u00bb.<\/p>\n<p>&nbsp;<\/p>\n<p><strong>La suite de l\u2019article se trouve dans le prochain num\u00e9ro d\u2019Isra\u00ebl Magazine<\/strong><\/p>\n<p><strong>D\u00e9couvrez un exemplaire du magazine gratuitement et cliquez ensuite sur le rebord droit<\/strong><\/p>\n<p><a href=\\\"https:\/\/online.fliphtml5.com\/rjspi\/ypmm\/#p=1\\\"><strong>https:\/\/online.fliphtml5.com\/rjspi\/ypmm\/#p=1<\/strong><\/a><\/p>\n<p><strong>Votre magazine est livr\u00e9 chez vous en toute confidentialit\u00e9<br \/>\nS\u2019abonner au magazine par t\u00e9l\u00e9phone ou par whats app 00972 (0) 54 254 45 20 ou au 01 86 98 27 27<\/strong><\/p>\n<p><strong>Par email\u00a0\u00a0<\/strong><a href=\\\"mailto:Andredarmon21@gmail.com\\\"><strong>Andredarmon21@gmail.com<\/strong><\/a><strong>\u00a0 pay pal<\/strong><\/p>\n<p><strong>Ou directement sur le site<\/strong><\/p>\n<p><a href=\\\"https:\/\/israelmagazine.co.il\/sabonner-au-magazine\/\\\"><strong>https:\/\/israelmagazine.co.il\/sabonner-au-magazine\/<\/strong><\/a><\/p>\n<p><strong>Loi du Retour ou qui est Juif ?Ou encore S\u2019abonner au magazine livr\u00e9 chez vous en toute confidentialit\u00e9. Remplir le formulaire<\/strong><\/p>\n<p><a href=\\\"https:\/\/docs.google.com\/forms\/d\/e\/1FAIpQLSfPYJfb8KjEya-X17w0DGPAuBlCGvqVUdh_Is8EL810Lxw82A\/viewform?entry.1189475001=Recipient_Email\\\"><strong>https:\/\/docs.google.com\/forms\/d\/e\/1FAIpQLSfPYJfb8KjEya-X17w0DGPAuBlCGvqVUdh_Is8EL810Lxw82A\/viewform?entry.1189475001=Recipient_Email<\/strong><\/a><\/p>\n<p><strong><u>\u00a0<\/u><\/strong><\/p>\n","protected":false},"excerpt":{"rendered":"<p>Un terroriste toujours en fuite apr\u00e8s avoir assassin\u00e9 deux jeunes (19 et 21 ans) \u00e0 Huwara. La chasse \u00e0 l\\&rsquo;homme en cours Le terroriste responsable de l\\&rsquo;attaque n\\&rsquo;a pas encore \u00e9t\u00e9 arr\u00eat\u00e9 \u2022 La police est en \u00e9tat d\\&rsquo;alerte maximale et le gouvernement promet une r\u00e9ponse rapide et efficace Deux Isra\u00e9liens ont \u00e9t\u00e9 assassin\u00e9s dimanche &hellip;<\/p>\n<p class=\"read-more\"> <a class=\"\" href=\"https:\/\/israelmagazine.net\/?p=60772\"> <span class=\"screen-reader-text\">Un terroriste toujours en fuite apr\u00e8s avoir assassin\u00e9 deux jeunes (19 et 21 ans) \u00e0 Huwara.<\/span> Lire la suite \u00bb<\/a><\/p>\n","protected":false},"author":4,"featured_media":60773,"comment_status":"open","ping_status":"open","sticky":false,"template":"","format":"standard","meta":{"site-sidebar-layout":"default","site-content-layout":"default","ast-global-header-display":"","ast-main-header-display":"","ast-hfb-above-header-display":"","ast-hfb-below-header-display":"","ast-hfb-mobile-header-display":"","site-post-title":"","ast-breadcrumbs-content":"","ast-featured-img":"","footer-sml-layout":"","theme-transparent-header-meta":"","adv-header-id-meta":"","stick-header-meta":"","header-above-stick-meta":"","header-main-stick-meta":"","header-below-stick-meta":""},"categories":[84,1621,1387,1612,3188,841,1622,1614,1674,1623,1191,1616,1624],"tags":[1474,823,2013,877,821,742],"sujet":[],"_links":{"self":[{"href":"https:\/\/israelmagazine.net\/index.php?rest_route=\/wp\/v2\/posts\/60772"}],"collection":[{"href":"https:\/\/israelmagazine.net\/index.php?rest_route=\/wp\/v2\/posts"}],"about":[{"href":"https:\/\/israelmagazine.net\/index.php?rest_route=\/wp\/v2\/types\/post"}],"author":[{"embeddable":true,"href":"https:\/\/israelmagazine.net\/index.php?rest_route=\/wp\/v2\/users\/4"}],"replies":[{"embeddable":true,"href":"https:\/\/israelmagazine.net\/index.php?rest_route=%2Fwp%2Fv2%2Fcomments&post=60772"}],"version-history":[{"count":0,"href":"https:\/\/israelmagazine.net\/index.php?rest_route=\/wp\/v2\/posts\/60772\/revisions"}],"wp:featuredmedia":[{"embeddable":true,"href":"https:\/\/israelmagazine.net\/index.php?rest_route=\/"}],"wp:attachment":[{"href":"https:\/\/israelmagazine.net\/index.php?rest_route=%2Fwp%2Fv2%2Fmedia&parent=60772"}],"wp:term":[{"taxonomy":"category","embeddable":true,"href":"https:\/\/israelmagazine.net\/index.php?rest_route=%2Fwp%2Fv2%2Fcategories&post=60772"},{"taxonomy":"post_tag","embeddable":true,"href":"https:\/\/israelmagazine.net\/index.php?rest_route=%2Fwp%2Fv2%2Ftags&post=60772"},{"taxonomy":"sujet","embeddable":true,"href":"https:\/\/israelmagazine.net\/index.php?rest_route=%2Fwp%2Fv2%2Fsujet&post=60772"}],"curies":[{"name":"wp","href":"https:\/\/api.w.org\/{rel}","templated":true}]}}