{"id":60785,"date":"2023-02-27T10:14:36","date_gmt":"2023-02-27T08:14:36","guid":{"rendered":"https:\/\/israelmagazine.net\/?p=60785"},"modified":"2023-02-27T10:14:36","modified_gmt":"2023-02-27T08:14:36","slug":"ofir-sofer-le-ministre-de-lalya-relancer-limmigration-des-etats-unis-et-de-france-en-baisse","status":"publish","type":"post","link":"https:\/\/israelmagazine.net\/?p=60785","title":{"rendered":"Ofir Sofer le ministre de l\\&rsquo;Alya : relancer l\\&rsquo;immigration des \u00c9tats-Unis et de France en baisse"},"content":{"rendered":"<div class=\\\"adn ads\\\" data-message-id=\\\"#msg-f:1758969668005303288\\\" data-legacy-message-id=\\\"18691d97f82493f8\\\">\n<div class=\\\"gs\\\">\n<div class=\\\"\\\">\n<div id=\\\":o7\\\" class=\\\"ii gt\\\">\n<div id=\\\":o8\\\" class=\\\"a3s aiL \\\">\n<div dir=\\\"ltr\\\">\n<div class=\\\"gmail_quote\\\">\n<div class=\\\"gmail_attr\\\" dir=\\\"ltr\\\"><img class=\\\"alignnone size-medium wp-image-60790\\\" src=\\\"https:\/\/israelmagazine.co.il\/wp-content\/uploads\/2023\/02\/Mon-projet-2023-02-27T101715.956-300x157.jpg\\\" alt=\\\"\\\" width=\\\"300\\\" height=\\\"157\\\" \/><\/div>\n<div dir=\\\"ltr\\\">\n<h2 dir=\\\"ltr\\\"><span style=\\\"font-size: large;\\\">Ofir Sofer va \u00ab allouer des budgets \u00e0 des programmes destin\u00e9s \u00e0 int\u00e9grer les nouveaux immigrants sur le march\u00e9 du travail \u00bb.<\/span><\/h2>\n<p>Le ministre de l\\&rsquo;Alya et de l\\&rsquo;Int\u00e9gration, Ofir Sofer (RZP, Parti Dati-Leoumi), a d\u00e9clar\u00e9 dimanche que le budget de son minist\u00e8re a b\u00e9n\u00e9fici\u00e9 d\u2019une rallonge de 250 millions de shekels, et qu\\&rsquo;il avait l\\&rsquo;intention de les utiliser pour promouvoir l\\&rsquo;Alya depuis l\\&rsquo;Am\u00e9rique du Nord et la France.<\/p>\n<h2>Transposer des communaut\u00e9s enti\u00e8res ?<\/h2>\n<p>\\\u00a0\u00bbSofer s\\&rsquo;int\u00e9resse \u00e0 l\u2019id\u00e9e de susciter l\\&rsquo;Alya de communaut\u00e9s [enti\u00e8res] pour faciliter leur absorption en Isra\u00ebl\\\u00a0\u00bb, a indiqu\u00e9 le minist\u00e8re dans un communiqu\u00e9 de presse. Sofer est \u00ab cens\u00e9 allouer des budgets \u00e0 des programmes destin\u00e9s \u00e0 int\u00e9grer les nouveaux immigrants sur le march\u00e9 du travail \u00bb.<\/p>\n<p>Environ 70 nouveaux employ\u00e9s rejoindront le minist\u00e8re, \\\u00a0\u00bbce qui aidera le minist\u00e8re \u00e0 affecter des travailleurs aux programmes pour les immigrants et \u00e0 agrandir les centres d\\&rsquo;absorption dans tout le pays\\\u00a0\u00bb, a d\u00e9clar\u00e9 Sofer.<\/p>\n<p>Sofer veut \u00e9largir le nombre de programmes et d\\&rsquo;assistance aux olim dans les domaines de l\\&#8217;emploi, de l\\&rsquo;octroi de permis d\u2019exercer certaines professions et afin d\u2019\u00e9tendre les programmes d\\&rsquo;apprentissage de l\\&rsquo;h\u00e9breu.<\/p>\n<p>\\\u00a0\u00bbCes programmes devraient recevoir un coup de pouce significatif. En plus, le ministre a d\u00e9j\u00e0 ajout\u00e9 3 000 bons (droits \u00e0 l\\&rsquo;allocation de cours) pour apprendre l\\&rsquo;h\u00e9breu cette ann\u00e9e et devrait travailler pour les d\u00e9velopper\\\u00a0\u00bb, indique le communiqu\u00e9.<\/p>\n<h2 dir=\\\"ltr\\\"><span style=\\\"font-size: large;\\\">Booster l\\&rsquo;Alya depuis les \u00c9tats-Unis et la France<\/span><\/h2>\n<p dir=\\\"ltr\\\">Sofer a d\u00e9clar\u00e9, au d\u00e9but de ce mois-ci, qu\\&rsquo;il souhaitait \\\u00a0\u00bbmettre tous ses efforts dans l\\&rsquo;absorption d\\&rsquo;un plus grand nombre d\\&rsquo;immigrants des pays occidentaux, principalement des \u00c9tats-Unis et de la France\\\u00a0\u00bb.<\/p>\n<p dir=\\\"ltr\\\">Le Parti sioniste religieux a exig\u00e9 350 millions de NIS de budget, pour que le minist\u00e8re puisse les consacrer \u00e0 l\\&rsquo;Alya de ces communaut\u00e9s. Sofer a r\u00e9ussi \u00e0 obtenir une augmentation budg\u00e9taire, mais elle est nettement inf\u00e9rieure \u00e0 celle convenue dans les accords de coalition.<\/p>\n<h2 dir=\\\"ltr\\\">Comment corriger la tendance \u00e0 la baisse ?<\/h2>\n<p dir=\\\"ltr\\\">\\\u00a0\u00bbCela encouragera l\\&rsquo;immigration juive en provenance des \u00c9tats-Unis et de France, a d\u00e9clar\u00e9 Sofer dans le communiqu\u00e9. \\\u00a0\u00bbL\\&rsquo;ann\u00e9e derni\u00e8re, il y a eu une diminution significative du nombre d\\&rsquo;immigrants en provenance de France et des \u00c9tats-Unis\\\u00a0\u00bb, a-t-il d\u00e9clar\u00e9.<\/p>\n<p dir=\\\"ltr\\\">\\\u00a0\u00bbLes donn\u00e9es de l\\&rsquo;Agence juive indiquent cette tendance continue, et cela nous oblige \u00e0 avoir des programmes d\\&rsquo;absorption de haute qualit\u00e9 ainsi que des programmes pour encourager l\\&rsquo;Alya de ces pays.\\\u00a0\u00bb<\/p>\n<h2 dir=\\\"ltr\\\">Le gouvernement est sensible \u00e0 cette question du d\u00e9veloppement de la population<\/h2>\n<p>\u00ab Pour faciliter l\\&rsquo;absorption et l\\&rsquo;int\u00e9gration des immigrants en Isra\u00ebl et encourager les Juifs \u00e0 immigrer en Isra\u00ebl, on doit investir un grand effort pour int\u00e9grer les immigrants [existants] sur le march\u00e9 de l\\&#8217;emploi, en reconnaissant leurs dipl\u00f4mes et en investissant dans l\\&rsquo;apprentissage de la langue.\\\u00a0\u00bb<\/p>\n<p>Sofer s\\&rsquo;est dit heureux d\\&rsquo;avoir pu compter sur un budget suppl\u00e9mentaire important, car les responsables du Tr\u00e9sor \\\u00a0\u00bbont compris l\\&rsquo;importance d\\&rsquo;aider les immigrants, malgr\u00e9 les difficult\u00e9s budg\u00e9taires\\\u00a0\u00bb.<\/p>\n<p>Le Premier ministre Benjamin Netanyahou en a reconnu l\\&rsquo;importance lors des r\u00e9unions du cabinet la semaine derni\u00e8re, a d\u00e9clar\u00e9 Sofer, ajoutant que le ministre des Finances Bezalel Smotrich (RZP) per\u00e7oit avec acuit\u00e9 \u00ab une grande importance dans l\\&rsquo;Alya de nombreux Juifs de France et des \u00c9tats-Unis<\/p>\n<\/div>\n<div class=\\\"yj6qo\\\"><\/div>\n<div class=\\\"adL\\\">\n<p><strong>La suite de l\u2019article se trouve dans le prochain num\u00e9ro d\u2019Isra\u00ebl Magazine<\/strong><\/p>\n<p><strong>D\u00e9couvrez un exemplaire du magazine gratuitement et cliquez ensuite sur le rebord droit<\/strong><\/p>\n<p><a href=\\\"https:\/\/online.fliphtml5.com\/rjspi\/ypmm\/#p=1\\\"><strong>https:\/\/online.fliphtml5.com\/rjspi\/ypmm\/#p=1<\/strong><\/a><\/p>\n<p><strong>Votre magazine est livr\u00e9 chez vous en toute confidentialit\u00e9<br \/>\nS\u2019abonner au magazine par t\u00e9l\u00e9phone ou par whats app 00972 (0) 54 254 45 20 ou au 01 86 98 27 27<\/strong><\/p>\n<p><strong>Par email\u00a0\u00a0<\/strong><a href=\\\"mailto:Andredarmon21@gmail.com\\\"><strong>Andredarmon21@gmail.com<\/strong><\/a><strong>\u00a0 pay pal<\/strong><\/p>\n<p><strong>Ou directement sur le site<\/strong><\/p>\n<p><a href=\\\"https:\/\/israelmagazine.co.il\/sabonner-au-magazine\/\\\"><strong>https:\/\/israelmagazine.co.il\/sabonner-au-magazine\/<\/strong><\/a><\/p>\n<p><strong>Loi du Retour ou qui est Juif ?Ou encore S\u2019abonner au magazine livr\u00e9 chez vous en toute confidentialit\u00e9. Remplir le formulaire<\/strong><\/p>\n<p><a href=\\\"https:\/\/docs.google.com\/forms\/d\/e\/1FAIpQLSfPYJfb8KjEya-X17w0DGPAuBlCGvqVUdh_Is8EL810Lxw82A\/viewform?entry.1189475001=Recipient_Email\\\"><strong>https:\/\/docs.google.com\/forms\/d\/e\/1FAIpQLSfPYJfb8KjEya-X17w0DGPAuBlCGvqVUdh_Is8EL810Lxw82A\/viewform?entry.1189475001=Recipient_Email<\/strong><\/a><\/p>\n<p><strong><u>\u00a0<\/u><\/strong><\/p>\n<\/div>\n<\/div>\n<\/div>\n<div class=\\\"adL\\\"><\/div>\n<\/div>\n<\/div>\n<div class=\\\"hi\\\"><\/div>\n<\/div>\n<\/div>\n<div class=\\\"ajx\\\"><\/div>\n<\/div>\n","protected":false},"excerpt":{"rendered":"<p>Ofir Sofer va \u00ab allouer des budgets \u00e0 des programmes destin\u00e9s \u00e0 int\u00e9grer les nouveaux immigrants sur le march\u00e9 du travail \u00bb. Le ministre de l\\&rsquo;Alya et de l\\&rsquo;Int\u00e9gration, Ofir Sofer (RZP, Parti Dati-Leoumi), a d\u00e9clar\u00e9 dimanche que le budget de son minist\u00e8re a b\u00e9n\u00e9fici\u00e9 d\u2019une rallonge de 250 millions de shekels, et qu\\&rsquo;il avait &hellip;<\/p>\n<p class=\"read-more\"> <a class=\"\" href=\"https:\/\/israelmagazine.net\/?p=60785\"> <span class=\"screen-reader-text\">Ofir Sofer le ministre de l\\&rsquo;Alya : relancer l\\&rsquo;immigration des \u00c9tats-Unis et de France en baisse<\/span> Lire la suite \u00bb<\/a><\/p>\n","protected":false},"author":4,"featured_media":60787,"comment_status":"open","ping_status":"open","sticky":false,"template":"","format":"standard","meta":{"site-sidebar-layout":"default","site-content-layout":"default","ast-global-header-display":"","ast-main-header-display":"","ast-hfb-above-header-display":"","ast-hfb-below-header-display":"","ast-hfb-mobile-header-display":"","site-post-title":"","ast-breadcrumbs-content":"","ast-featured-img":"","footer-sml-layout":"","theme-transparent-header-meta":"","adv-header-id-meta":"","stick-header-meta":"","header-above-stick-meta":"","header-main-stick-meta":"","header-below-stick-meta":""},"categories":[84,1621,1617,2283,1674,1191,1615],"tags":[1001,1474,937],"sujet":[],"_links":{"self":[{"href":"https:\/\/israelmagazine.net\/index.php?rest_route=\/wp\/v2\/posts\/60785"}],"collection":[{"href":"https:\/\/israelmagazine.net\/index.php?rest_route=\/wp\/v2\/posts"}],"about":[{"href":"https:\/\/israelmagazine.net\/index.php?rest_route=\/wp\/v2\/types\/post"}],"author":[{"embeddable":true,"href":"https:\/\/israelmagazine.net\/index.php?rest_route=\/wp\/v2\/users\/4"}],"replies":[{"embeddable":true,"href":"https:\/\/israelmagazine.net\/index.php?rest_route=%2Fwp%2Fv2%2Fcomments&post=60785"}],"version-history":[{"count":0,"href":"https:\/\/israelmagazine.net\/index.php?rest_route=\/wp\/v2\/posts\/60785\/revisions"}],"wp:featuredmedia":[{"embeddable":true,"href":"https:\/\/israelmagazine.net\/index.php?rest_route=\/"}],"wp:attachment":[{"href":"https:\/\/israelmagazine.net\/index.php?rest_route=%2Fwp%2Fv2%2Fmedia&parent=60785"}],"wp:term":[{"taxonomy":"category","embeddable":true,"href":"https:\/\/israelmagazine.net\/index.php?rest_route=%2Fwp%2Fv2%2Fcategories&post=60785"},{"taxonomy":"post_tag","embeddable":true,"href":"https:\/\/israelmagazine.net\/index.php?rest_route=%2Fwp%2Fv2%2Ftags&post=60785"},{"taxonomy":"sujet","embeddable":true,"href":"https:\/\/israelmagazine.net\/index.php?rest_route=%2Fwp%2Fv2%2Fsujet&post=60785"}],"curies":[{"name":"wp","href":"https:\/\/api.w.org\/{rel}","templated":true}]}}