{"id":60807,"date":"2023-02-27T19:04:55","date_gmt":"2023-02-27T17:04:55","guid":{"rendered":"https:\/\/israelmagazine.net\/?p=60807"},"modified":"2023-02-27T19:04:55","modified_gmt":"2023-02-27T17:04:55","slug":"un-israelien-en-etat-critique-victime-dun-tir-terroriste-dans-la-vallee-du-jourdain","status":"publish","type":"post","link":"https:\/\/israelmagazine.net\/?p=60807","title":{"rendered":"Un Isra\u00e9lien meurt, victime d\u2019un tir terroriste dans la vall\u00e9e du Jourdain"},"content":{"rendered":"<h1 class=\\\"selectable-text copyable-text iq0m558w\\\" dir=\\\"ltr\\\">Un Isra\u00e9lien,meurt, victime d\u2019un tir terroriste dans la vall\u00e9e du Jourdain<\/h1>\n<p class=\\\"selectable-text copyable-text iq0m558w\\\" dir=\\\"ltr\\\"><span class=\\\"selectable-text copyable-text\\\">La victime, un homme d\\&rsquo;environ 25 ans, a \u00e9t\u00e9 transf\u00e9r\u00e9e au centre m\u00e9dical Hadassah \u00e0 Har Zofim dans un \u00e9tat critique, puis est d\u00e9c\u00e9d\u00e9 de ses blessures quelques temps plus tard.<\/span><\/p>\n<p class=\\\"selectable-text copyable-text iq0m558w\\\" dir=\\\"ltr\\\"><span class=\\\"selectable-text copyable-text\\\">Un Isra\u00e9lien a \u00e9t\u00e9 gri\u00e8vement bless\u00e9, en se faisant mitrailler, pr\u00e8s du carrefour de Beit HaArava sur l\\&rsquo;autoroute 90 dans la vall\u00e9e du Jourdain lundi apr\u00e8s-midi.<\/span><\/p>\n<p class=\\\"selectable-text copyable-text iq0m558w\\\" dir=\\\"ltr\\\"><span class=\\\"selectable-text copyable-text\\\">Les premiers rapports indiquaient que le terroriste avait poursuivi et men\u00e9 une deuxi\u00e8me attaque au carrefour d\\&rsquo;Almog situ\u00e9 \u00e0 proximit\u00e9, bien qu\\&rsquo;aucun bless\u00e9 n\\&rsquo;ait \u00e9t\u00e9 signal\u00e9 lors de cette attaque.<\/span><\/p>\n<p class=\\\"selectable-text copyable-text iq0m558w\\\" dir=\\\"ltr\\\"><span class=\\\"selectable-text copyable-text\\\">La victime, un homme d\\&rsquo;environ 25 ans, a \u00e9t\u00e9 transf\u00e9r\u00e9e au centre m\u00e9dical Hadassah \u00e0 Har Zofim dans un \u00e9tat critique alors que les ambulanciers menaient des efforts pour le r\u00e9animer. Une fois \u00e0 l\\&rsquo;h\u00f4pital, il a \u00e9t\u00e9 d\u00e9clar\u00e9 d\u00e9c\u00e9d\u00e9.\u00a0<\/span><\/p>\n<p class=\\\"selectable-text copyable-text iq0m558w\\\" dir=\\\"ltr\\\"><span class=\\\"selectable-text copyable-text\\\">\\\u00a0\u00bbJe suis pass\u00e9 tr\u00e8s pr\u00e8s de la sc\u00e8ne avec mon v\u00e9hicule priv\u00e9 lorsque j\\&rsquo;ai re\u00e7u un appel concernant une fusillade\\\u00a0\u00bb, a d\u00e9clar\u00e9 Hezi Lareza, m\u00e9decin du Magen David Adom. \\\u00a0\u00bbJe suis imm\u00e9diatement arriv\u00e9 sur les lieux et j\\&rsquo;ai remarqu\u00e9 un v\u00e9hicule stationn\u00e9 dans la voie oppos\u00e9e avec le conducteur du v\u00e9hicule inconscient. J\\&rsquo;ai appel\u00e9 les secours et j\\&rsquo;ai commenc\u00e9 \u00e0 lui donner des soins m\u00e9dicaux vitaux. L\\&rsquo;\u00e9quipe de notre v\u00e9hicule de soins intensifs, qui est arriv\u00e9e rapidement sur la sc\u00e8ne s\\&rsquo;est poursuivie avec un traitement m\u00e9dical vital et il est transf\u00e9r\u00e9 dans un h\u00f4pital pendant qu\u2019on A poursuiVU les efforts pour le r\u00e9animer, car son \u00e9tat \u00e9tait critique.\\\u00a0\u00bb<\/span><\/p>\n<h2 class=\\\"selectable-text copyable-text iq0m558w\\\" dir=\\\"ltr\\\"><span class=\\\"selectable-text copyable-text\\\">Attaques et action militaire \u00e0 J\u00e9richo<\/span><\/h2>\n<p class=\\\"selectable-text copyable-text iq0m558w\\\" dir=\\\"ltr\\\"><span class=\\\"selectable-text copyable-text\\\">Le carrefour Beit HaArava est situ\u00e9 pr\u00e8s de la ville cisjordanienne de J\u00e9richo. En janvier, une cellule terroriste de J\u00e9richo a tent\u00e9 de perp\u00e9trer une fusillade dans un restaurant de Vered Yeriho. Personne n\\&rsquo;a \u00e9t\u00e9 bless\u00e9 lors de la tentative d\\&rsquo;attaque alors que les armes des terroristes se sont enraill\u00e9es.<\/span><\/p>\n<p class=\\\"selectable-text copyable-text iq0m558w\\\" dir=\\\"ltr\\\"><span class=\\\"selectable-text copyable-text\\\">Au d\u00e9but de ce mois-ci, un raid de Tsahal a liquid\u00e9 cinq Palestiniens, dont des membres de la cellule qui a tent\u00e9 de perp\u00e9trer l\\&rsquo;attaque \u00e0 Vered Yeriho et des terroristes du Hamas, dans le camp de r\u00e9fugi\u00e9s d\\&rsquo;Aqabat Jaber pr\u00e8s de J\u00e9richo.<\/span><\/p>\n<p class=\\\"selectable-text copyable-text iq0m558w\\\" dir=\\\"ltr\\\"><span class=\\\"selectable-text copyable-text\\\">En janvier, une nouvelle cellule terroriste affili\u00e9e aux Brigades al-Qassam du Hamas a annonc\u00e9 sa cr\u00e9ation dans le camp d\\&rsquo;Aqabat Jaber. Des membres de la cellule, qui s\\&rsquo;appelait le \\\u00a0\u00bbBataillon Aqabat Jaber\\\u00a0\u00bb, auraient men\u00e9 des affrontements arm\u00e9s avec les forces isra\u00e9liennes op\u00e9rant dans la r\u00e9gion de J\u00e9richo.<\/span><\/p>\n<p><strong>La suite de l\u2019article se trouve dans le prochain num\u00e9ro d\u2019Isra\u00ebl Magazine<\/strong><\/p>\n<p><strong>D\u00e9couvrez un exemplaire du magazine gratuitement et cliquez ensuite sur le rebord droit<\/strong><\/p>\n<p><a href=\\\"https:\/\/online.fliphtml5.com\/rjspi\/ypmm\/#p=1\\\"><strong>https:\/\/online.fliphtml5.com\/rjspi\/ypmm\/#p=1<\/strong><\/a><\/p>\n<p><strong>Votre magazine est livr\u00e9 chez vous en toute confidentialit\u00e9<br \/>\nS\u2019abonner au magazine par t\u00e9l\u00e9phone ou par whats app 00972 (0) 54 254 45 20 ou au 01 86 98 27 27<\/strong><\/p>\n<p><strong>Par email\u00a0\u00a0<\/strong><a href=\\\"mailto:Andredarmon21@gmail.com\\\"><strong>Andredarmon21@gmail.com<\/strong><\/a><strong>\u00a0 pay pal<\/strong><\/p>\n<p><strong>Ou directement sur le site<\/strong><\/p>\n<p><a href=\\\"https:\/\/israelmagazine.co.il\/sabonner-au-magazine\/\\\"><strong>https:\/\/israelmagazine.co.il\/sabonner-au-magazine\/<\/strong><\/a><\/p>\n<p><strong>Loi du Retour ou qui est Juif ?Ou encore S\u2019abonner au magazine livr\u00e9 chez vous en toute confidentialit\u00e9. Remplir le formulaire<\/strong><\/p>\n<p><a href=\\\"https:\/\/docs.google.com\/forms\/d\/e\/1FAIpQLSfPYJfb8KjEya-X17w0DGPAuBlCGvqVUdh_Is8EL810Lxw82A\/viewform?entry.1189475001=Recipient_Email\\\"><strong>https:\/\/docs.google.com\/forms\/d\/e\/1FAIpQLSfPYJfb8KjEya-X17w0DGPAuBlCGvqVUdh_Is8EL810Lxw82A\/viewform?entry.1189475001=Recipient_Email<\/strong><\/a><\/p>\n<p><strong><u>\u00a0<\/u><\/strong><\/p>\n","protected":false},"excerpt":{"rendered":"<p>Un Isra\u00e9lien,meurt, victime d\u2019un tir terroriste dans la vall\u00e9e du Jourdain La victime, un homme d\\&rsquo;environ 25 ans, a \u00e9t\u00e9 transf\u00e9r\u00e9e au centre m\u00e9dical Hadassah \u00e0 Har Zofim dans un \u00e9tat critique, puis est d\u00e9c\u00e9d\u00e9 de ses blessures quelques temps plus tard. Un Isra\u00e9lien a \u00e9t\u00e9 gri\u00e8vement bless\u00e9, en se faisant mitrailler, pr\u00e8s du carrefour &hellip;<\/p>\n<p class=\"read-more\"> <a class=\"\" href=\"https:\/\/israelmagazine.net\/?p=60807\"> <span class=\"screen-reader-text\">Un Isra\u00e9lien meurt, victime d\u2019un tir terroriste dans la vall\u00e9e du Jourdain<\/span> Lire la suite \u00bb<\/a><\/p>\n","protected":false},"author":4,"featured_media":60808,"comment_status":"open","ping_status":"open","sticky":false,"template":"","format":"standard","meta":{"site-sidebar-layout":"default","site-content-layout":"default","ast-global-header-display":"","ast-main-header-display":"","ast-hfb-above-header-display":"","ast-hfb-below-header-display":"","ast-hfb-mobile-header-display":"","site-post-title":"","ast-breadcrumbs-content":"","ast-featured-img":"","footer-sml-layout":"","theme-transparent-header-meta":"","adv-header-id-meta":"","stick-header-meta":"","header-above-stick-meta":"","header-main-stick-meta":"","header-below-stick-meta":""},"categories":[84,1621,1387,1612,841,1624,1616],"tags":[2013,383,742],"sujet":[],"_links":{"self":[{"href":"https:\/\/israelmagazine.net\/index.php?rest_route=\/wp\/v2\/posts\/60807"}],"collection":[{"href":"https:\/\/israelmagazine.net\/index.php?rest_route=\/wp\/v2\/posts"}],"about":[{"href":"https:\/\/israelmagazine.net\/index.php?rest_route=\/wp\/v2\/types\/post"}],"author":[{"embeddable":true,"href":"https:\/\/israelmagazine.net\/index.php?rest_route=\/wp\/v2\/users\/4"}],"replies":[{"embeddable":true,"href":"https:\/\/israelmagazine.net\/index.php?rest_route=%2Fwp%2Fv2%2Fcomments&post=60807"}],"version-history":[{"count":0,"href":"https:\/\/israelmagazine.net\/index.php?rest_route=\/wp\/v2\/posts\/60807\/revisions"}],"wp:featuredmedia":[{"embeddable":true,"href":"https:\/\/israelmagazine.net\/index.php?rest_route=\/"}],"wp:attachment":[{"href":"https:\/\/israelmagazine.net\/index.php?rest_route=%2Fwp%2Fv2%2Fmedia&parent=60807"}],"wp:term":[{"taxonomy":"category","embeddable":true,"href":"https:\/\/israelmagazine.net\/index.php?rest_route=%2Fwp%2Fv2%2Fcategories&post=60807"},{"taxonomy":"post_tag","embeddable":true,"href":"https:\/\/israelmagazine.net\/index.php?rest_route=%2Fwp%2Fv2%2Ftags&post=60807"},{"taxonomy":"sujet","embeddable":true,"href":"https:\/\/israelmagazine.net\/index.php?rest_route=%2Fwp%2Fv2%2Fsujet&post=60807"}],"curies":[{"name":"wp","href":"https:\/\/api.w.org\/{rel}","templated":true}]}}