{"id":60841,"date":"2023-03-02T12:15:48","date_gmt":"2023-03-02T10:15:48","guid":{"rendered":"https:\/\/israelmagazine.net\/?p=60841"},"modified":"2023-03-02T12:15:48","modified_gmt":"2023-03-02T10:15:48","slug":"les-eu-chagrines-par-laccord-de-coalition-du-23-fevrier-2023","status":"publish","type":"post","link":"https:\/\/israelmagazine.net\/?p=60841","title":{"rendered":"Les EU chagrin\u00e9s par l\u2019accord de coalition du 23 f\u00e9vrier 2023"},"content":{"rendered":"<h1 class=\\\"ydp9fb2aad9MsoNormal\\\" align=\\\"center\\\"><b>Les EU chagrin\u00e9s par l\u2019accord de coalition du 23 f\u00e9vrier 2023<\/b><b><\/b><\/h1>\n<ul>\n<li>\n<h2>Par Bertrand Ramas-Muhlbach<\/h2>\n<\/li>\n<\/ul>\n<p class=\\\"ydp9fb2aad9MsoNormal\\\">Le 24 f\u00e9vrier 2023, l\u2019administration de Joe Biden a fait part de son vif m\u00e9contentement suite \u00e0 l\u2019accord gouvernemental (pass\u00e9 la veille) entre le Ministre des Finances Bezalel Smotrich (\u00e9galement ministre suppl\u00e9ant de la d\u00e9fense) et le Ministre de la D\u00e9fense Yoav Galant. En effet, cet accord (pass\u00e9 sous le contr\u00f4le du Premier ministre Benjamin Netanyahou) conf\u00e8re au premier, les plus larges pr\u00e9rogatives en mati\u00e8re civile sur la zone C de Cisjordanie (sous contr\u00f4le militaire isra\u00e9lien en vertu des accords isra\u00e9lo-palestiniens de paix d\u2019Oslo de 1993).<\/p>\n<h2>Une administration civile pour la Jud\u00e9e-Samarie<\/h2>\n<p class=\\\"ydp77ba9a5eMsoNormal\\\">Plus pr\u00e9cis\u00e9ment, avec l\u2019accord de coalition du 23 f\u00e9vrier 2023, Bezalel Smotrich se voit accorder un statut de \u00abquasi-gouverneur\u00bb de la Cisjordanie : le commandement militaire isra\u00e9lien de la zone (qui pr\u00e9valait depuis les accords d\u2019Oslo) se transforme en administration politique civile, avec transfert au ministre des Finances des pouvoirs les plus \u00e9tendus sur la planification et la construction d\u2019implantations nouvelles, mais aussi sur la nomination des responsables de l\u2019administration civile de ces territoires, voire encore sur le sort des implantations sauvages isra\u00e9liennes\u2026<\/p>\n<h2>Une annexion qui ne dirait pas son nom ?<\/h2>\n<p class=\\\"ydp77ba9a5eMsoNormal\\\">Pour l\u2019administration am\u00e9ricaine, le changement de gouvernance de ce territoire constitue la premi\u00e8re \u00e9tape de son annexion (ce dont Bezalel Smotrich est partisan depuis toujours). Aussi, les responsables am\u00e9ricains ont inform\u00e9 le Premier ministre isra\u00e9lien de ce qu\u2019ils s\u2019opposeraient \u00e0 toute mesure de nature \u00e0 compromettre ce qui est couramment appel\u00e9 \u00ab les perspectives d\\&rsquo;une solution \u00e0 deux \u00c9tats \u00bb. Les EU redoutent que cet accord facilite l\\&rsquo;expansion des implantations juives en Jud\u00e9e-Samarie, et perturbe le statu quo historique (l\u2019interdiction pour les Juifs de prier sur le Mont du Temple).<\/p>\n<p class=\\\"ydp77ba9a5eMsoNormal\\\">Sur le terrain s\u00e9curitaire, l\\&rsquo;administration Biden craint \u00e9galement un accroissement des tensions entre Isra\u00ebl et les terroristes palestiniens (\u00e0 l\u2019origine de l\u2019\u00e9limination de dizaines d\u2019entre eux en Jud\u00e9e-Samarie partag\u00e9e et \u00e0 J\u00e9rusalem-Est, depuis le d\u00e9but de l\u2019ann\u00e9e). D\u2019ailleurs, pour le directeur de la CIA William Burns, les violences palestiniennes ne sont pas sans rappeler celles qui ont secou\u00e9 la r\u00e9gion lors de la Seconde Intifada (de l\u2019ann\u00e9e 2000).<\/p>\n<h2>Des gangs terroristes se substituent \u00e0 la rue<\/h2>\n<p class=\\\"ydp77ba9a5eMsoNormal\\\">Rappelons effectivement qu\u2019au cours de cette p\u00e9riode, plus de 1 000 Isra\u00e9liens avaient \u00e9t\u00e9 assassin\u00e9s (entre 2000 et 2005) avant que le terrorisme palestinien ne soit partiellement contenu avec la coordination s\u00e9curitaire entre Isra\u00ebl et l\\&rsquo;Autorit\u00e9 palestinienne. L\u2019inconv\u00e9nient r\u00e9sulte de ce que les Palestiniens contestent de plus en plus le contr\u00f4le s\u00e9curitaire de l\\&rsquo;AP. Aussi, l\u2019\u00c9tat d\u2019Isra\u00ebl doit-il d\u00e9sormais faire face \u00e0 la pr\u00e9sence de nouvelles organisations terroristes comme les Brigades de J\u00e9nine ou encore\u00a0la Fosse aux Lions\u00a0de Naplouse.<\/p>\n<p class=\\\"ydp77ba9a5eMsoNormal\\\">Il est donc \u00e0 craindre que les Palestiniens trouvent dans l\u2019accord du 23 f\u00e9vrier 2023 un nouveau pr\u00e9texte pour multiplier les violences \u00e0 l\u2019\u00e9gard des Juifs. Il leur suffira d\u2019invoquer la violation de droits imaginaires (que la communaut\u00e9 internationale leur a invent\u00e9s).<\/p>\n<h2>La \\\u00a0\u00bbconfiance\\\u00a0\u00bb ? Quelle \\\u00a0\u00bbconfiance\\\u00a0\u00bb ?<\/h2>\n<p class=\\\"ydp77ba9a5eMsoNormal\\\">L\u2019\u00c9tat d\u2019Isra\u00ebl prend donc le risque de d\u00e9plaire \u00e0 son alli\u00e9 am\u00e9ricain, depuis toujours critique \u00e0 l\u2019id\u00e9e d\u2019une expansion des implantations juives en zone C de Jud\u00e9e Samarie. La Maison Blanche dit en effet s\u2019opposer \u00ab aux mesures unilat\u00e9rales qui exacerbent les tensions, nuisent \u00e0 la confiance entre les parties et compromettent la viabilit\u00e9 g\u00e9ographique de la solution \u00e0 deux \u00c9tats \u00bb. Selon l\u2019absurde doxa internationale (\u00e9galement adopt\u00e9e par les EU) les Isra\u00e9liens \u00ab r\u00e9duisent les chances d\\&rsquo;un r\u00e8glement pacifique du conflit isra\u00e9lo-palestinien \u00bb (les EU, tout comme la communaut\u00e9 internationale, feignent d\u2019oublier le refus palestinien de toute coexistence pacifique avec l\u2019\u00c9tat juif, voire l\u2019appel des islamistes palestiniens \u00e0 son \u00e9radication).<\/p>\n<h2 class=\\\"ydp77ba9a5eMsoNormal\\\">A la d\u00e9charge d\u2019Isra\u00ebl, la position am\u00e9ricaine manque de clart\u00e9 (et de constance).<\/h2>\n<p class=\\\"ydp77ba9a5eMsoNormal\\\">Le 17 f\u00e9vrier 2023, les \u00c9tats-Unis se sont oppos\u00e9s \u00e0 la r\u00e9solution propos\u00e9e par les \u00c9mirats Arabes Unis (qui a pourtant normalis\u00e9 ses relations avec Isra\u00ebl), mena\u00e7ant d\u2019exercer leur droit de veto. Au terme du texte, le Conseil de s\u00e9curit\u00e9 de l\\&rsquo;ONU devait condamner les implantations juives dans ces termes : \u00ab l\u2019\u00e9tablissement par Isra\u00ebl de <em>colonies<\/em> de peuplement dans le territoire palestinien occup\u00e9 depuis 1967, y compris J\u00e9rusalem-Est, n\\&rsquo;a aucune validit\u00e9 juridique et constitue une violation flagrante du droit international \u00bb. La r\u00e9solution visait alors \u00ab les tentatives d\\&rsquo;annexion, y compris les d\u00e9cisions et mesures d\\&rsquo;Isra\u00ebl concernant les \\\u00a0\u00bbcolonies\\\u00a0\u00bb (implantations), y compris les avant-postes (de colonies\/implantations), appelant \u00e0 leur annulation imm\u00e9diate \u00bb\u2026<\/p>\n<h2>Une rh\u00e9torique rod\u00e9e de \\\u00a0\u00bbl\\&rsquo;occupation\\\u00a0\u00bb d\\&rsquo;un territoire disput\u00e9<\/h2>\n<p class=\\\"ydp77ba9a5eMsoNormal\\\">Le Conseil de s\u00e9curit\u00e9 devait alors r\u00e9it\u00e9rer \u00ab sa demande qu\\&rsquo;Isra\u00ebl cesse imm\u00e9diatement et compl\u00e8tement toutes les activit\u00e9s de colonisation dans le territoire palestinien occup\u00e9, y compris J\u00e9rusalem-Est, et qu\\&rsquo;il respecte pleinement toutes ses obligations juridiques \u00e0 cet \u00e9gard \u00bb&#8230; Les \u00c9tats-Unis se sont oppos\u00e9s \u00e0 une telle r\u00e9daction.<\/p>\n<p class=\\\"ydp77ba9a5eMsoNormal\\\">En revanche, le 20 f\u00e9vrier 2023, les \u00c9tats-Unis ont soutenu la d\u00e9claration du Conseil de s\u00e9curit\u00e9 de l\\&rsquo;ONU (plus nuanc\u00e9e) condamnant \u00ab l\u2019extension des colonies isra\u00e9liennes dans le territoire palestinien occup\u00e9 \u00bb dans ces termes : \u00ab le Conseil\u00a0\u00a0s\\&rsquo;oppose fermement \u00e0 toutes les mesures unilat\u00e9rales qui entravent la paix, y compris la construction et l\\&rsquo;expansion des colonies par Isra\u00ebl, la confiscation des terres des Palestiniens et la l\u00e9galisation des avant-postes des colonies, la d\u00e9molition des maisons des Palestiniens et le d\u00e9placement des civils palestiniens \u00bb\u2026<\/p>\n<p class=\\\"ydp77ba9a5eMsoNormal\\\">Face au parti pris de la communaut\u00e9 internationale en faveur des Palestiniens, Isra\u00ebl n\u2019a donc d\u2019autre choix que celui de respecter l\u2019accord de coalition.<\/p>\n<p class=\\\"ydp77ba9a5eMsoNormal\\\">Rappelons, en effet, qu\u2019en d\u00e9cembre 2022, des personnes se pr\u00e9sentant comme \u00abexperts de l\\&rsquo;ONU\u00a0\u00bb\u00a0<a class=\\\"enhancr_card_8702701166\\\" href=\\\"https:\/\/www.ohchr.org\/en\/press-releases\/2022\/12\/israel-un-experts-condemn-record-year-israeli-violence-occupied-west-bank#:~:text=At%20least%20two%20Palestinians%20were,occupied%20West%20Bank%20in%202022.\\\" target=\\\"_blank\\\" rel=\\\"nofollow noopener\\\">ont condamn\u00e9<\/a> \u00a0Isra\u00ebl pour ses (soi-disant) actes de violence, avertissant que 2023 pourrait voir un plus grand nombre de victimes\u00a0: \u00ab <em>\u00c0 moins que les forces isra\u00e9liennes n\\&rsquo;abandonnent cet \u00e9tat d\\&rsquo;esprit dominant des colons et traitent \u00e0 juste titre les Palestiniens des territoires occup\u00e9s comme des personnes prot\u00e9g\u00e9es, le bilan d\u00e9plorable d\\&rsquo;Isra\u00ebl en Cisjordanie occup\u00e9e se d\u00e9t\u00e9riorera probablement davantage en 2023<\/em> \u00bb.\u00a0Le traitement discriminant dont l\u2019\u00c9tat d\u2019Isra\u00ebl fait l\u2019objet de la part des Nations unies justifiait qu\u2019il poursuive le processus visant \u00e0 se prot\u00e9ger du terrorisme palestinien.<\/p>\n<div><\/div>\n<div id=\\\"ydp91950e2aenhancr_card_8702701166\\\" class=\\\"ydp91950e2ayahoo-link-enhancr-card ydp91950e2aymail-preserve-class ydp91950e2aymail-preserve-style\\\" contenteditable=\\\"false\\\" data-url=\\\"https:\/\/www.ohchr.org\/en\/press-releases\/2022\/12\/israel-un-experts-condemn-record-year-israeli-violence-occupied-west-bank#:~:text=At%20least%20two%20Palestinians%20were,occupied%20West%20Bank%20in%202022.\\\" data-type=\\\"YENHANCER\\\" data-size=\\\"MEDIUM\\\">\n<table class=\\\"ydp91950e2acard-wrapper ydp91950e2ayahoo-ignore-table\\\" border=\\\"0\\\" cellspacing=\\\"0\\\" cellpadding=\\\"0\\\">\n<tbody>\n<tr>\n<td width=\\\"400\\\">\n<table class=\\\"ydp91950e2acard ydp91950e2ayahoo-ignore-table\\\" border=\\\"0\\\" width=\\\"100%\\\" cellspacing=\\\"0\\\" cellpadding=\\\"0\\\">\n<tbody>\n<tr>\n<td class=\\\"ydp91950e2acard-primary-image-cell\\\" valign=\\\"top\\\" bgcolor=\\\"#000000\\\" height=\\\"175\\\">\n<table class=\\\"ydp91950e2acard-overlay-container-table ydp91950e2ayahoo-ignore-table\\\" border=\\\"0\\\" cellspacing=\\\"0\\\" cellpadding=\\\"0\\\">\n<tbody>\n<tr>\n<td class=\\\"ydp91950e2acard-overlay-cell\\\" valign=\\\"top\\\" bgcolor=\\\"transparent\\\">\n<table class=\\\"ydp91950e2ayahoo-ignore-table\\\" border=\\\"0\\\">\n<tbody>\n<tr>\n<td class=\\\"ydp91950e2acard-richInfo2\\\"><\/td>\n<td class=\\\"ydp91950e2acard-actions\\\">\n<div class=\\\"ydp91950e2acard-share-container\\\"><\/div>\n<\/td>\n<\/tr>\n<\/tbody>\n<\/table>\n<\/td>\n<\/tr>\n<\/tbody>\n<\/table>\n<\/td>\n<\/tr>\n<tr>\n<td>\n<table class=\\\"ydp91950e2acard-info ydp91950e2ayahoo-ignore-table\\\" border=\\\"0\\\" cellspacing=\\\"0\\\" cellpadding=\\\"0\\\" align=\\\"center\\\">\n<tbody>\n<tr>\n<td><\/td>\n<td>\n<h2 class=\\\"ydp91950e2acard-title\\\">Israel: UN experts condemn record year of Israeli violence in the occupi&#8230;<\/h2>\n<p class=\\\"ydp91950e2acard-description\\\">GENEVA (15 December 2022) \u2013 UN experts* condemned the rampant Israeli settler violence and excessive use of forc&#8230;<\/p>\n<\/td>\n<\/tr>\n<\/tbody>\n<\/table>\n<\/td>\n<\/tr>\n<\/tbody>\n<\/table>\n<\/td>\n<\/tr>\n<\/tbody>\n<\/table>\n<\/div>\n<div><\/div>\n<div><\/div>\n<p>&nbsp;<\/p>\n<p class=\\\"ydp77ba9a5eMsoNormal\\\">A ce jour, l\u2019\u00c9tat de Palestine a \u00e9t\u00e9 reconnu (le 29 novembre 2012) par les Nations Unies comme \u00c9tat Observateur et non-membre de l\u2019Onu, et ce, sans affectation de territoires particuliers. Les Palestiniens r\u00e9clament donc \u00e0 leur profit les pr\u00e9rogatives de la Charte des Droits de l\u2019Homme sans se sentir concern\u00e9s, tenus par les obligations qu\u2019elle implique (faute de l\u2019avoir ratifi\u00e9e). Leur comportement irresponsable est bien \u00e0 l\u2019origine du blocage.<\/p>\n<p class=\\\"ydp77ba9a5eMsoNormal\\\">Naomi Linder Kahn (directrice de \u00ab Regavim\u00bb en faveur des mityachvim) a indiqu\u00e9 que l\u2019accord du 23 f\u00e9vrier 2023 \u00e9tait un \u00ab<strong><em> tr\u00e8s bon pas dans la bonne direction<\/em><\/strong> \u00bb, l\u2019objectif final \u00e9tant \u00ab l\\&rsquo;administration civile isra\u00e9lienne de toute la Jud\u00e9e-Samarie \u00bb. Les EU devront donc le respecter, et, quoi qu\u2019il arrive,\u00a0\u00a0tenter de responsabiliser les Palestiniens.<\/p>\n<p><strong>La suite de l\u2019article se trouve dans le prochain num\u00e9ro d\u2019Isra\u00ebl Magazine<\/strong><\/p>\n<p><strong>D\u00e9couvrez un exemplaire du magazine gratuitement et cliquez ensuite sur le rebord droit<\/strong><\/p>\n<p><a href=\\\"https:\/\/online.fliphtml5.com\/rjspi\/ypmm\/#p=1\\\"><strong>https:\/\/online.fliphtml5.com\/rjspi\/ypmm\/#p=1<\/strong><\/a><\/p>\n<p><strong>Votre magazine est livr\u00e9 chez vous en toute confidentialit\u00e9<br \/>\nS\u2019abonner au magazine par t\u00e9l\u00e9phone ou par whats app 00972 (0) 54 254 45 20 ou au 01 86 98 27 27<\/strong><\/p>\n<p><strong>Par email\u00a0\u00a0<\/strong><a href=\\\"mailto:Andredarmon21@gmail.com\\\"><strong>Andredarmon21@gmail.com<\/strong><\/a><strong>\u00a0 pay pal<\/strong><\/p>\n<p><strong>Ou directement sur le site<\/strong><\/p>\n<p><a href=\\\"https:\/\/israelmagazine.co.il\/sabonner-au-magazine\/\\\"><strong>https:\/\/israelmagazine.co.il\/sabonner-au-magazine\/<\/strong><\/a><\/p>\n<p><strong>Loi du Retour ou qui est Juif ?Ou encore S\u2019abonner au magazine livr\u00e9 chez vous en toute confidentialit\u00e9. Remplir le formulaire<\/strong><\/p>\n<p><a href=\\\"https:\/\/docs.google.com\/forms\/d\/e\/1FAIpQLSfPYJfb8KjEya-X17w0DGPAuBlCGvqVUdh_Is8EL810Lxw82A\/viewform?entry.1189475001=Recipient_Email\\\"><strong>https:\/\/docs.google.com\/forms\/d\/e\/1FAIpQLSfPYJfb8KjEya-X17w0DGPAuBlCGvqVUdh_Is8EL810Lxw82A\/viewform?entry.1189475001=Recipient_Email<\/strong><\/a><\/p>\n<p><strong><u>\u00a0<\/u><\/strong><\/p>\n","protected":false},"excerpt":{"rendered":"<p>Les EU chagrin\u00e9s par l\u2019accord de coalition du 23 f\u00e9vrier 2023 Par Bertrand Ramas-Muhlbach Le 24 f\u00e9vrier 2023, l\u2019administration de Joe Biden a fait part de son vif m\u00e9contentement suite \u00e0 l\u2019accord gouvernemental (pass\u00e9 la veille) entre le Ministre des Finances Bezalel Smotrich (\u00e9galement ministre suppl\u00e9ant de la d\u00e9fense) et le Ministre de la D\u00e9fense &hellip;<\/p>\n<p class=\"read-more\"> <a class=\"\" href=\"https:\/\/israelmagazine.net\/?p=60841\"> <span class=\"screen-reader-text\">Les EU chagrin\u00e9s par l\u2019accord de coalition du 23 f\u00e9vrier 2023<\/span> Lire la suite \u00bb<\/a><\/p>\n","protected":false},"author":4,"featured_media":60842,"comment_status":"open","ping_status":"open","sticky":false,"template":"","format":"standard","meta":{"site-sidebar-layout":"default","site-content-layout":"default","ast-global-header-display":"","ast-main-header-display":"","ast-hfb-above-header-display":"","ast-hfb-below-header-display":"","ast-hfb-mobile-header-display":"","site-post-title":"","ast-breadcrumbs-content":"","ast-featured-img":"","footer-sml-layout":"","theme-transparent-header-meta":"","adv-header-id-meta":"","stick-header-meta":"","header-above-stick-meta":"","header-main-stick-meta":"","header-below-stick-meta":""},"categories":[84,1621,1387,814,1612,1674,1623,1191,1616,1624],"tags":[1739,1474,383,1989,877],"sujet":[],"_links":{"self":[{"href":"https:\/\/israelmagazine.net\/index.php?rest_route=\/wp\/v2\/posts\/60841"}],"collection":[{"href":"https:\/\/israelmagazine.net\/index.php?rest_route=\/wp\/v2\/posts"}],"about":[{"href":"https:\/\/israelmagazine.net\/index.php?rest_route=\/wp\/v2\/types\/post"}],"author":[{"embeddable":true,"href":"https:\/\/israelmagazine.net\/index.php?rest_route=\/wp\/v2\/users\/4"}],"replies":[{"embeddable":true,"href":"https:\/\/israelmagazine.net\/index.php?rest_route=%2Fwp%2Fv2%2Fcomments&post=60841"}],"version-history":[{"count":0,"href":"https:\/\/israelmagazine.net\/index.php?rest_route=\/wp\/v2\/posts\/60841\/revisions"}],"wp:featuredmedia":[{"embeddable":true,"href":"https:\/\/israelmagazine.net\/index.php?rest_route=\/"}],"wp:attachment":[{"href":"https:\/\/israelmagazine.net\/index.php?rest_route=%2Fwp%2Fv2%2Fmedia&parent=60841"}],"wp:term":[{"taxonomy":"category","embeddable":true,"href":"https:\/\/israelmagazine.net\/index.php?rest_route=%2Fwp%2Fv2%2Fcategories&post=60841"},{"taxonomy":"post_tag","embeddable":true,"href":"https:\/\/israelmagazine.net\/index.php?rest_route=%2Fwp%2Fv2%2Ftags&post=60841"},{"taxonomy":"sujet","embeddable":true,"href":"https:\/\/israelmagazine.net\/index.php?rest_route=%2Fwp%2Fv2%2Fsujet&post=60841"}],"curies":[{"name":"wp","href":"https:\/\/api.w.org\/{rel}","templated":true}]}}