{"id":60847,"date":"2023-03-01T08:42:14","date_gmt":"2023-03-01T06:42:14","guid":{"rendered":"https:\/\/israelmagazine.net\/?p=60847"},"modified":"2023-03-01T08:42:14","modified_gmt":"2023-03-01T06:42:14","slug":"un-coeur-de-pierre-michele-mazel","status":"publish","type":"post","link":"https:\/\/israelmagazine.net\/?p=60847","title":{"rendered":"Un c\u0153ur de pierre, Mich\u00e8le Mazel"},"content":{"rendered":"<h1><img class=\\\"alignnone size-medium wp-image-60851\\\" src=\\\"https:\/\/israelmagazine.co.il\/wp-content\/uploads\/2023\/03\/Mon-projet-2023-03-01T082745.278-300x157.jpg\\\" alt=\\\"\\\" width=\\\"300\\\" height=\\\"157\\\" \/><\/h1>\n<h1>Un c\u0153ur de pierre<\/h1>\n<h2>Mich\u00e8le Mazel<\/h2>\n<p>&nbsp;<\/p>\n<p>L\u2019ann\u00e9e commence \u00e0 peine et d\u00e9j\u00e0 la liste des victimes civiles d\u2019un terrorisme aveugle s\u2019allonge. Fid\u00e8les, sortant de la synagogue, gamins attendant \u00e0 un arr\u00eat d\u2019autobus, jeunes qui rentrent chez eux, touriste en route vers la Mer morte. Dans l\u2019ambiance surchauff\u00e9e d\u2019Isra\u00ebl aujourd\u2019hui, cela conduit \u00e0 des r\u00e9actions, des actes de violence que l\u2019on ne peut ni ne doit excuser. Un \u00e9pisode me revient toutefois en m\u00e9moire.<\/p>\n<h2>\u00a0 \u00a0Quand le FPLP massacraient des enfants isra\u00e9liens \u00e0 Maalot<\/h2>\n<p>C\u2019est arriv\u00e9 en 1974. Bient\u00f4t un demi-si\u00e8cle. La paix avec l\u2019\u00c9gypte n\u2019est encore qu\u2019un r\u00eave lointain. Isra\u00ebl se rel\u00e8ve \u00e0 peine de la terrible saign\u00e9e de la guerre du Kippour, la plus meurtri\u00e8re des confrontations militaires qu\u2019a connues le pays. \u00a0On ne parle pas encore de colonies ni de colons. Le terrorisme h\u00e9las est toujours pr\u00e9sent. Ainsi, le 11 avril, un attentat perp\u00e9tr\u00e9 \u00e0 Kiriat Shmona par un commando du Front Populaire de Lib\u00e9ration de la Palestine venu du Liban fait 18 victimes, toutes civiles, dont pr\u00e8s de la moiti\u00e9 des enfants\u2026<\/p>\n<p>Le 12 mai, un commando de trois hommes \u00a0\u00a0arm\u00e9s de mitraillettes Kalashnikov, de grenades et de quantit\u00e9 d\u2019explosifs s\u2019infiltre en Isra\u00ebl venant, eux aussi, du Liban. Ceux-l\u00e0 appartiennent au du Front D\u00e9mocratique pour la Lib\u00e9ration de la Palestine.\u00a0 Ils passent la nuit, cach\u00e9s dans le verger du village druze de Hurfeish et au petit matin prennent le chemin de Maalot, petite ville situ\u00e9e \u00e0 dix kilom\u00e8tres de la fronti\u00e8re. Ils trouvent sur leur chemin , deux femmes arabes isra\u00e9liennes partant au travail dans leur camionnette et les abattent.<\/p>\n<h2>L\\&rsquo;\u00e9cole primaire prise en otage<\/h2>\n<p>Arriv\u00e9s \u00e0 Maalot, ils p\u00e9n\u00e8trent dans un immeuble o\u00f9 ils trouvent toute une famille : le p\u00e8re, sa femme enceinte et leurs trois enfants. Ils tuent le p\u00e8re et la m\u00e8re et le petit gar\u00e7on de quatre ans, blesse la fillette de cinq ans mais \u00ab \u00e9pargne \u00bb le plus jeune qui n\u2019a que 17 mois.\u00a0 Puis, ils gagnent l\u2019\u00e9cole primaire voisine et prennent 115 personnes en otage, dont 105 enfants. Ils demandent la remise en libert\u00e9 de 23 de leurs compagnons emprisonn\u00e9s ainsi que de Kozo Okamoto, le japonais qui a perp\u00e9tr\u00e9 le massacre de l\u2019a\u00e9roport de Lod \u00a0\u00a0en 1972, et menacent de tuer les otages. Le gouvernement ne c\u00e8de pas ; cern\u00e9s par l\u2019arm\u00e9e,\u00a0 les terroristes tirent des rafales d\u2019armes automatiques et des grenades sur leurs otages. 25 d\u2019entre eux, dont 22 enfants sont tu\u00e9s sur le champ ; 68 autres sont bless\u00e9s plus ou moins gri\u00e8vement. Les trois terroristes sont \u00e9limin\u00e9s.<\/p>\n<h2>Ces p\u00e8res de familles terroristes qui aiment tant leurs enfants<\/h2>\n<p>Voyons maintenant l\u2019\u00e9ditorial consacr\u00e9 \u00e0 ce monstrueux attentat par le journal Le Monde \u2013 d\u00e9j\u00e0 ! \u2013 le 17 mai 1974. Le titre : \u00a0un c\u0153ur de pierre. Puis vient une condamnation dans les termes les plus vigoureux \u00ab Jamais, cependant des hommes qui se veulent des guerriers ne s\u2019\u00e9taient d\u00e9lib\u00e9r\u00e9ment attaqu\u00e9s, pour en faire des otages, \u00e0 un groupe d\u2019enfants. Le kidnapping ; jusqu\u2019\u00e0 pr\u00e9sent, \u00e9tait plut\u00f4t le fait de gangsters\u2026 On parle ici et l\u00e0 de sauvages. C\u2019est diffamer les sauvages&#8230; \u00bb Pire que les sauvages ces terroristes ? Pas si vite. \u00a0\u00a0\u00c9coutez bien la conclusion : \u00ab<em>\u00a0Que de ressentiments a d\u00fb \u00eatre accumul\u00e9 pour transformer en pierre le c\u0153ur de ces hommes dont beaucoup ont des enfants pour la vie desquels ils tremblent comme tous les p\u00e8res\u00a0!<\/em>\u00a0\u00bb<\/p>\n<p><img class=\\\"alignnone size-medium wp-image-60852\\\" src=\\\"https:\/\/israelmagazine.co.il\/wp-content\/uploads\/2023\/03\/LW_1YF7k11-300x300.jpg\\\" alt=\\\"\\\" width=\\\"300\\\" height=\\\"300\\\" \/><\/p>\n<h3 class=\\\"jeg_author_name fn\\\">Mich\u00e8le Mazel<\/h3>\n<div class=\\\"jeg_author_desc\\\">\n<p><em>Mich\u00e8le Mazel est dipl\u00f4m\u00e9e de Sciences-Po et licenci\u00e9e en Droit, et a \u00e9t\u00e9 boursi\u00e8re Fullbright en science politique.<\/em><br \/>\n<em>Pendant plus de trente ans, elle a accompagn\u00e9 de par le monde son mari, le diplomate Zvi Mazel, qui fut notamment ambassadeur d\u2019Isra\u00ebl en Egypte, en Roumanie et en Su\u00e8de.<\/em><\/p>\n<p><em>Elle en a tir\u00e9 la mati\u00e8re de nombreux ouvrages \u2013 thrillers et romans. Elle contribue r\u00e9guli\u00e8rement \u00e0 plusieurs organes de presse.<\/em><\/p>\n<\/div>\n<p>&nbsp;<\/p>\n<p>&nbsp;<\/p>\n","protected":false},"excerpt":{"rendered":"<p>Un c\u0153ur de pierre Mich\u00e8le Mazel &nbsp; L\u2019ann\u00e9e commence \u00e0 peine et d\u00e9j\u00e0 la liste des victimes civiles d\u2019un terrorisme aveugle s\u2019allonge. Fid\u00e8les, sortant de la synagogue, gamins attendant \u00e0 un arr\u00eat d\u2019autobus, jeunes qui rentrent chez eux, touriste en route vers la Mer morte. Dans l\u2019ambiance surchauff\u00e9e d\u2019Isra\u00ebl aujourd\u2019hui, cela conduit \u00e0 des r\u00e9actions, &hellip;<\/p>\n<p class=\"read-more\"> <a class=\"\" href=\"https:\/\/israelmagazine.net\/?p=60847\"> <span class=\"screen-reader-text\">Un c\u0153ur de pierre, Mich\u00e8le Mazel<\/span> Lire la suite \u00bb<\/a><\/p>\n","protected":false},"author":4,"featured_media":60849,"comment_status":"open","ping_status":"open","sticky":false,"template":"","format":"standard","meta":{"site-sidebar-layout":"default","site-content-layout":"default","ast-global-header-display":"","ast-main-header-display":"","ast-hfb-above-header-display":"","ast-hfb-below-header-display":"","ast-hfb-mobile-header-display":"","site-post-title":"","ast-breadcrumbs-content":"","ast-featured-img":"","footer-sml-layout":"","theme-transparent-header-meta":"","adv-header-id-meta":"","stick-header-meta":"","header-above-stick-meta":"","header-main-stick-meta":"","header-below-stick-meta":""},"categories":[84,1621,1387,1612,841,1616],"tags":[1628,821],"sujet":[],"_links":{"self":[{"href":"https:\/\/israelmagazine.net\/index.php?rest_route=\/wp\/v2\/posts\/60847"}],"collection":[{"href":"https:\/\/israelmagazine.net\/index.php?rest_route=\/wp\/v2\/posts"}],"about":[{"href":"https:\/\/israelmagazine.net\/index.php?rest_route=\/wp\/v2\/types\/post"}],"author":[{"embeddable":true,"href":"https:\/\/israelmagazine.net\/index.php?rest_route=\/wp\/v2\/users\/4"}],"replies":[{"embeddable":true,"href":"https:\/\/israelmagazine.net\/index.php?rest_route=%2Fwp%2Fv2%2Fcomments&post=60847"}],"version-history":[{"count":0,"href":"https:\/\/israelmagazine.net\/index.php?rest_route=\/wp\/v2\/posts\/60847\/revisions"}],"wp:featuredmedia":[{"embeddable":true,"href":"https:\/\/israelmagazine.net\/index.php?rest_route=\/"}],"wp:attachment":[{"href":"https:\/\/israelmagazine.net\/index.php?rest_route=%2Fwp%2Fv2%2Fmedia&parent=60847"}],"wp:term":[{"taxonomy":"category","embeddable":true,"href":"https:\/\/israelmagazine.net\/index.php?rest_route=%2Fwp%2Fv2%2Fcategories&post=60847"},{"taxonomy":"post_tag","embeddable":true,"href":"https:\/\/israelmagazine.net\/index.php?rest_route=%2Fwp%2Fv2%2Ftags&post=60847"},{"taxonomy":"sujet","embeddable":true,"href":"https:\/\/israelmagazine.net\/index.php?rest_route=%2Fwp%2Fv2%2Fsujet&post=60847"}],"curies":[{"name":"wp","href":"https:\/\/api.w.org\/{rel}","templated":true}]}}