{"id":60854,"date":"2023-03-01T11:03:03","date_gmt":"2023-03-01T09:03:03","guid":{"rendered":"https:\/\/israelmagazine.net\/?p=60854"},"modified":"2023-03-01T11:03:03","modified_gmt":"2023-03-01T09:03:03","slug":"itamar-ben-gvir-sur-le-mont-du-temple-provocation-ou-acte-legitime","status":"publish","type":"post","link":"https:\/\/israelmagazine.net\/?p=60854","title":{"rendered":"Itamar Ben Gvir sur le Mont du Temple, Provocation ou Acte l\u00e9gitime\u00a0?"},"content":{"rendered":"<h1 style=\\\"font-weight: 400;\\\"><strong>Itamar Ben Gvir sur le Mont du Temple,<br \/>\nProvocation ou Acte l\u00e9gitime\u00a0?<\/strong><\/h1>\n<h2 style=\\\"font-weight: 400;\\\"><strong>Robert BEN DENOUN<\/strong><\/h2>\n<p style=\\\"font-weight: 400;\\\"><strong>Le ministre de la S\u00e9curit\u00e9 nationale, Itamar Ben Gvir, lors de sa visite sur le Mont du Temple (l\u2019esplanade des Mosqu\u00e9es pour les arabes), \u00e0 J\u00e9rusalem, le 3 janvier dernier, a-t-il voulu adresser un message clair et affirmer que ce site, le plus sacr\u00e9 du Juda\u00efsme, et troisi\u00e8me lieu saint de l\u2019islam, m\u00e9ritait plus qu\u2019une pri\u00e8re murmur\u00e9e \u00e0 la va-vite\u00a0?<\/strong><\/p>\n<p style=\\\"font-weight: 400;\\\">Les avis diff\u00e8reront, mais les observateurs seront p\u00e9tris de la certitude qu\u2019un tel acte ne peut \u00eatre neutre, m\u00eame s\u2019il \u00e9tait esp\u00e9r\u00e9 par certains, pour servir de pr\u00e9texte, un peu comme ces spectateurs qui affectent de craindre pour le funambule, mais guettent dans le m\u00eame temps son faux pas, puisque comme l\u2019a \u00e9crit Aristote, \u00ab\u00a0<em>M\u00e9chancet\u00e9, n\\&rsquo;a besoin que d\\&rsquo;un pr\u00e9texte<\/em>\u00a0\u00bb.<\/p>\n<h2 style=\\\"font-weight: 400;\\\"><strong>Les faits<\/strong><\/h2>\n<p style=\\\"font-weight: 400;\\\"><strong>\u2018<em>Le\u00a0<\/em><\/strong><em>trublion, extr\u00e9miste, raciste et supr\u00e9maciste juif\u2019<\/em>, a-t-il outrepass\u00e9 ses pr\u00e9rogatives, en se rendant, au petit matin, un gilet pare-balles en c\u00e9ramique sous sa chemise, la t\u00eate couverte d\u2019une kippa blanche, escort\u00e9 par la police et les autorit\u00e9s religieuses ? Cette mont\u00e9e, conquise en juin 1967 par Tsahal, le Mont du Temple, ne constituerait-elle qu\u2019une provocation, de Ben Gvir, coutumier du fait ?<\/p>\n<p>&nbsp;<\/p>\n<p><strong>La suite de l\u2019article se trouve dans le prochain num\u00e9ro d\u2019Isra\u00ebl Magazine<\/strong><\/p>\n<p><strong>D\u00e9couvrez un exemplaire du magazine gratuitement et cliquez ensuite sur le rebord droit<\/strong><\/p>\n<p><a href=\\\"https:\/\/online.fliphtml5.com\/rjspi\/ypmm\/#p=1\\\"><strong>https:\/\/online.fliphtml5.com\/rjspi\/ypmm\/#p=1<\/strong><\/a><\/p>\n<p><strong>Votre magazine est livr\u00e9 chez vous en toute confidentialit\u00e9<br \/>\nS\u2019abonner au magazine par t\u00e9l\u00e9phone ou par whats app 00972 (0) 54 254 45 20 ou au 01 86 98 27 27<\/strong><\/p>\n<p><strong>Par email\u00a0\u00a0<\/strong><a href=\\\"mailto:Andredarmon21@gmail.com\\\"><strong>Andredarmon21@gmail.com<\/strong><\/a><strong>\u00a0 pay pal<\/strong><\/p>\n<p><strong>Ou directement sur le site<\/strong><\/p>\n<p><a href=\\\"https:\/\/israelmagazine.co.il\/sabonner-au-magazine\/\\\"><strong>https:\/\/israelmagazine.co.il\/sabonner-au-magazine\/<\/strong><\/a><\/p>\n<p><strong>Loi du Retour ou qui est Juif ?Ou encore S\u2019abonner au magazine livr\u00e9 chez vous en toute confidentialit\u00e9. Remplir le formulaire<\/strong><\/p>\n<p><a href=\\\"https:\/\/docs.google.com\/forms\/d\/e\/1FAIpQLSfPYJfb8KjEya-X17w0DGPAuBlCGvqVUdh_Is8EL810Lxw82A\/viewform?entry.1189475001=Recipient_Email\\\"><strong>https:\/\/docs.google.com\/forms\/d\/e\/1FAIpQLSfPYJfb8KjEya-X17w0DGPAuBlCGvqVUdh_Is8EL810Lxw82A\/viewform?entry.1189475001=Recipient_Email<\/strong><\/a><\/p>\n","protected":false},"excerpt":{"rendered":"<p>Itamar Ben Gvir sur le Mont du Temple, Provocation ou Acte l\u00e9gitime\u00a0? Robert BEN DENOUN Le ministre de la S\u00e9curit\u00e9 nationale, Itamar Ben Gvir, lors de sa visite sur le Mont du Temple (l\u2019esplanade des Mosqu\u00e9es pour les arabes), \u00e0 J\u00e9rusalem, le 3 janvier dernier, a-t-il voulu adresser un message clair et affirmer que ce &hellip;<\/p>\n<p class=\"read-more\"> <a class=\"\" href=\"https:\/\/israelmagazine.net\/?p=60854\"> <span class=\"screen-reader-text\">Itamar Ben Gvir sur le Mont du Temple, Provocation ou Acte l\u00e9gitime\u00a0?<\/span> Lire la suite \u00bb<\/a><\/p>\n","protected":false},"author":4,"featured_media":60855,"comment_status":"open","ping_status":"open","sticky":false,"template":"","format":"standard","meta":{"site-sidebar-layout":"default","site-content-layout":"default","ast-global-header-display":"","ast-main-header-display":"","ast-hfb-above-header-display":"","ast-hfb-below-header-display":"","ast-hfb-mobile-header-display":"","site-post-title":"","ast-breadcrumbs-content":"","ast-featured-img":"","footer-sml-layout":"","theme-transparent-header-meta":"","adv-header-id-meta":"","stick-header-meta":"","header-above-stick-meta":"","header-main-stick-meta":"","header-below-stick-meta":""},"categories":[84,1621,1673,1674,1191],"tags":[1474,1700,2569,877],"sujet":[],"_links":{"self":[{"href":"https:\/\/israelmagazine.net\/index.php?rest_route=\/wp\/v2\/posts\/60854"}],"collection":[{"href":"https:\/\/israelmagazine.net\/index.php?rest_route=\/wp\/v2\/posts"}],"about":[{"href":"https:\/\/israelmagazine.net\/index.php?rest_route=\/wp\/v2\/types\/post"}],"author":[{"embeddable":true,"href":"https:\/\/israelmagazine.net\/index.php?rest_route=\/wp\/v2\/users\/4"}],"replies":[{"embeddable":true,"href":"https:\/\/israelmagazine.net\/index.php?rest_route=%2Fwp%2Fv2%2Fcomments&post=60854"}],"version-history":[{"count":0,"href":"https:\/\/israelmagazine.net\/index.php?rest_route=\/wp\/v2\/posts\/60854\/revisions"}],"wp:featuredmedia":[{"embeddable":true,"href":"https:\/\/israelmagazine.net\/index.php?rest_route=\/"}],"wp:attachment":[{"href":"https:\/\/israelmagazine.net\/index.php?rest_route=%2Fwp%2Fv2%2Fmedia&parent=60854"}],"wp:term":[{"taxonomy":"category","embeddable":true,"href":"https:\/\/israelmagazine.net\/index.php?rest_route=%2Fwp%2Fv2%2Fcategories&post=60854"},{"taxonomy":"post_tag","embeddable":true,"href":"https:\/\/israelmagazine.net\/index.php?rest_route=%2Fwp%2Fv2%2Ftags&post=60854"},{"taxonomy":"sujet","embeddable":true,"href":"https:\/\/israelmagazine.net\/index.php?rest_route=%2Fwp%2Fv2%2Fsujet&post=60854"}],"curies":[{"name":"wp","href":"https:\/\/api.w.org\/{rel}","templated":true}]}}