{"id":60859,"date":"2023-03-01T11:23:53","date_gmt":"2023-03-01T09:23:53","guid":{"rendered":"https:\/\/israelmagazine.net\/?p=60859"},"modified":"2023-03-01T11:23:53","modified_gmt":"2023-03-01T09:23:53","slug":"semantique-et-politique-la-dignite-des-mots-et-les-opposants-a-la-reforme-judiciaire","status":"publish","type":"post","link":"https:\/\/israelmagazine.net\/?p=60859","title":{"rendered":"S\u00e9mantique et politique  La \u00ab\u00a0dignit\u00e9 des mots\u00a0\u00bb\u2026 et les opposants \u00e0 la r\u00e9forme judiciaire"},"content":{"rendered":"<h1 style=\\\"font-weight: 400;\\\"><strong>S\u00e9mantique et politique<\/strong><\/h1>\n<h1 style=\\\"font-weight: 400;\\\"><strong>La \u00ab\u00a0dignit\u00e9 des mots\u00a0\u00bb\u2026 et les opposants \u00e0 la r\u00e9forme judiciaire<\/strong><\/h1>\n<h2 style=\\\"font-weight: 400;\\\"><strong>RICHARD DARMON<\/strong><strong><br \/>\n<\/strong><\/h2>\n<p style=\\\"font-weight: 400;\\\"><strong>\u00a0<\/strong><\/p>\n<p style=\\\"font-weight: 400;\\\"><strong>\u00c0 analyser les discours publics des leaders du mouvement s\u2019opposant \u00e0 la Loi Levin de r\u00e9\u00e9quilibrage entre les pouvoirs ex\u00e9cutif, l\u00e9gislatif et judiciaire en Isra\u00ebl, on est pris de vertige par le vocabulaire d\u00e9magogique employ\u00e9. Ce sont d\u2019interminables amalgames critiquant le gouvernement actuel en lan\u00e7ant \u00ab id\u00e9es \u00bb et comparaisons historiques sans aucun rapport avec la r\u00e9alit\u00e9 ! \u00a0<\/strong><\/p>\n<p style=\\\"font-weight: 400;\\\"><strong>\u00a0<\/strong><\/p>\n<p style=\\\"font-weight: 400;\\\">Dans un petit, mais fort passionnant opuscule paru en 1995 \u2013 sans doute l\u2019un de ses derniers livres \u2013 intitul\u00e9 <em>La dignit\u00e9 des mots\u00a0<\/em>paru en 1995 aux \u00c9ditions Les Emp\u00eacheurs de tourner en rond, la psychanalyste franco-isra\u00e9lienne Eliane Amado Levy-Valensi, professeur \u00e0 l\u2019universit\u00e9 Bar-Ilan et repr\u00e9sentante d\u2019Isra\u00ebl dans les colloques de psychanalyse de l\u2019Unesco, se penche sur <em>\u00ab\u00a0l\u2019inextricable embrouillamini des mots et des choses, et des consciences perturb\u00e9es\u00a0\u00bb<\/em>\u00a0constat\u00e9 d\u00e9but 1991 lors de la premi\u00e8re Guerre du Golfe sur la sc\u00e8ne publique et dans les m\u00e9dias franco-europ\u00e9ens.<\/p>\n<p style=\\\"font-weight: 400;\\\">Analysant sur le fond tous les concepts fallacieux de cette d\u00e9sinformation au potentiel dramatique, elle met d\u00e9j\u00e0 en garde dans cet ouvrage contre\u00a0<em>\u00ab le d\u00e9lire verbal qui s\\&rsquo;en est ensuivi dans la r\u00e9cente p\u00e9riode \u00bb<\/em>\u2026<\/p>\n<p>&nbsp;<\/p>\n<p><strong>La suite de l\u2019article se trouve dans le prochain num\u00e9ro d\u2019Isra\u00ebl Magazine<\/strong><\/p>\n<p><strong>D\u00e9couvrez un exemplaire du magazine gratuitement et cliquez ensuite sur le rebord droit<\/strong><\/p>\n<p><a href=\\\"https:\/\/online.fliphtml5.com\/rjspi\/ypmm\/#p=1\\\"><strong>https:\/\/online.fliphtml5.com\/rjspi\/ypmm\/#p=1<\/strong><\/a><\/p>\n<p><strong>Votre magazine est livr\u00e9 chez vous en toute confidentialit\u00e9<br \/>\nS\u2019abonner au magazine par t\u00e9l\u00e9phone ou par whats app 00972 (0) 54 254 45 20 ou au 01 86 98 27 27<\/strong><\/p>\n<p><strong>Par email\u00a0\u00a0<\/strong><a href=\\\"mailto:Andredarmon21@gmail.com\\\"><strong>Andredarmon21@gmail.com<\/strong><\/a><strong>\u00a0 pay pal<\/strong><\/p>\n<p><strong>Ou directement sur le site<\/strong><\/p>\n<p><a href=\\\"https:\/\/israelmagazine.co.il\/sabonner-au-magazine\/\\\"><strong>https:\/\/israelmagazine.co.il\/sabonner-au-magazine\/<\/strong><\/a><\/p>\n<p><strong>Loi du Retour ou qui est Juif ?Ou encore S\u2019abonner au magazine livr\u00e9 chez vous en toute confidentialit\u00e9. Remplir le formulaire<\/strong><\/p>\n<p><a href=\\\"https:\/\/docs.google.com\/forms\/d\/e\/1FAIpQLSfPYJfb8KjEya-X17w0DGPAuBlCGvqVUdh_Is8EL810Lxw82A\/viewform?entry.1189475001=Recipient_Email\\\"><strong>https:\/\/docs.google.com\/forms\/d\/e\/1FAIpQLSfPYJfb8KjEya-X17w0DGPAuBlCGvqVUdh_Is8EL810Lxw82A\/viewform?entry.1189475001=Recipient_Email<\/strong><\/a><\/p>\n<p><strong><u>\u00a0<\/u><\/strong><\/p>\n","protected":false},"excerpt":{"rendered":"<p>S\u00e9mantique et politique La \u00ab\u00a0dignit\u00e9 des mots\u00a0\u00bb\u2026 et les opposants \u00e0 la r\u00e9forme judiciaire RICHARD DARMON \u00a0 \u00c0 analyser les discours publics des leaders du mouvement s\u2019opposant \u00e0 la Loi Levin de r\u00e9\u00e9quilibrage entre les pouvoirs ex\u00e9cutif, l\u00e9gislatif et judiciaire en Isra\u00ebl, on est pris de vertige par le vocabulaire d\u00e9magogique employ\u00e9. Ce sont d\u2019interminables &hellip;<\/p>\n<p class=\"read-more\"> <a class=\"\" href=\"https:\/\/israelmagazine.net\/?p=60859\"> <span class=\"screen-reader-text\">S\u00e9mantique et politique  La \u00ab\u00a0dignit\u00e9 des mots\u00a0\u00bb\u2026 et les opposants \u00e0 la r\u00e9forme judiciaire<\/span> Lire la suite \u00bb<\/a><\/p>\n","protected":false},"author":4,"featured_media":60861,"comment_status":"open","ping_status":"open","sticky":false,"template":"","format":"standard","meta":{"site-sidebar-layout":"default","site-content-layout":"default","ast-global-header-display":"","ast-main-header-display":"","ast-hfb-above-header-display":"","ast-hfb-below-header-display":"","ast-hfb-mobile-header-display":"","site-post-title":"","ast-breadcrumbs-content":"","ast-featured-img":"","footer-sml-layout":"","theme-transparent-header-meta":"","adv-header-id-meta":"","stick-header-meta":"","header-above-stick-meta":"","header-main-stick-meta":"","header-below-stick-meta":""},"categories":[84,1621,841,1674,1191,1615],"tags":[1474,1628,1964],"sujet":[],"_links":{"self":[{"href":"https:\/\/israelmagazine.net\/index.php?rest_route=\/wp\/v2\/posts\/60859"}],"collection":[{"href":"https:\/\/israelmagazine.net\/index.php?rest_route=\/wp\/v2\/posts"}],"about":[{"href":"https:\/\/israelmagazine.net\/index.php?rest_route=\/wp\/v2\/types\/post"}],"author":[{"embeddable":true,"href":"https:\/\/israelmagazine.net\/index.php?rest_route=\/wp\/v2\/users\/4"}],"replies":[{"embeddable":true,"href":"https:\/\/israelmagazine.net\/index.php?rest_route=%2Fwp%2Fv2%2Fcomments&post=60859"}],"version-history":[{"count":0,"href":"https:\/\/israelmagazine.net\/index.php?rest_route=\/wp\/v2\/posts\/60859\/revisions"}],"wp:featuredmedia":[{"embeddable":true,"href":"https:\/\/israelmagazine.net\/index.php?rest_route=\/"}],"wp:attachment":[{"href":"https:\/\/israelmagazine.net\/index.php?rest_route=%2Fwp%2Fv2%2Fmedia&parent=60859"}],"wp:term":[{"taxonomy":"category","embeddable":true,"href":"https:\/\/israelmagazine.net\/index.php?rest_route=%2Fwp%2Fv2%2Fcategories&post=60859"},{"taxonomy":"post_tag","embeddable":true,"href":"https:\/\/israelmagazine.net\/index.php?rest_route=%2Fwp%2Fv2%2Ftags&post=60859"},{"taxonomy":"sujet","embeddable":true,"href":"https:\/\/israelmagazine.net\/index.php?rest_route=%2Fwp%2Fv2%2Fsujet&post=60859"}],"curies":[{"name":"wp","href":"https:\/\/api.w.org\/{rel}","templated":true}]}}