{"id":60883,"date":"2023-03-02T11:04:10","date_gmt":"2023-03-02T09:04:10","guid":{"rendered":"https:\/\/israelmagazine.net\/?p=60883"},"modified":"2023-03-02T11:04:10","modified_gmt":"2023-03-02T09:04:10","slug":"netanyahou-renvoie-dos-a-dos-les-emeutiers-dhawara-et-les-hors-la-loi-a-tel-aviv","status":"publish","type":"post","link":"https:\/\/israelmagazine.net\/?p=60883","title":{"rendered":"Netanyahou renvoie dos-\u00e0-dos les \u00e9meutiers d\\&rsquo;Hawara et les \u00ab hors-la-loi \u00e0 Tel-Aviv \u00bb\u00a0"},"content":{"rendered":"<div class=\\\"adn ads\\\" data-message-id=\\\"#msg-a:r-993177117546457227\\\" data-legacy-message-id=\\\"186a0ecd2b0e4c17\\\">\n<div class=\\\"gs\\\">\n<div class=\\\"\\\">\n<div id=\\\":15r\\\" class=\\\"ii gt\\\">\n<div id=\\\":15q\\\" class=\\\"a3s aiL \\\">\n<div dir=\\\"ltr\\\">\n<h1 dir=\\\"ltr\\\"><img class=\\\"alignnone size-medium wp-image-60888\\\" src=\\\"https:\/\/israelmagazine.co.il\/wp-content\/uploads\/2023\/03\/Mon-projet-2023-03-02T110550.205-300x157.jpg\\\" alt=\\\"\\\" width=\\\"300\\\" height=\\\"157\\\" \/><\/h1>\n<h1 dir=\\\"ltr\\\"><span style=\\\"font-size: xx-large;\\\">Netanyahou renvoie dos-\u00e0-dos les \u00e9meutiers d\\&rsquo;Hawara et les \u00ab hors-la-loi \u00e0 Tel-Aviv \u00bb\u00a0<\/span><\/h1>\n<h2 dir=\\\"ltr\\\"><span style=\\\"font-size: large;\\\">\u00ab Ils ont franchi les lignes rouges, nous ne l\\&rsquo;accepterons pas \u00bb<\/span><\/h2>\n<h3 dir=\\\"ltr\\\"><span style=\\\"font-size: large;\\\">Le Premier ministre a d\u00e9clar\u00e9 \u00e0 la fin de la \\\u00a0\u00bbJourn\u00e9e nationale de perturbation\\\u00a0\u00bb que \\\u00a0\u00bbdans une d\u00e9mocratie, il existe des r\u00e8gles claires sur la mani\u00e8re de mener le d\u00e9bat\\\u00a0\u00bb, et il a compar\u00e9 les manifestants qui ont bloqu\u00e9 les routes de Tel-Aviv aux r\u00e9sidents des implantations qui ont incendi\u00e9 des maisons palestiniennes \u00e0 Hawara : <strong><em>\\\u00a0\u00bbNous n\\&rsquo;accepterons pas la violence\\\u00a0\u00bb.<\/em><\/strong><\/span><\/h3>\n<h3 dir=\\\"ltr\\\"><span style=\\\"font-size: large;\\\">Il a termin\u00e9 avec l\\&rsquo;espoir que \\\u00a0\u00bb<b><i>nous trouverons un moyen de nous parler <\/i><\/b><\/span><em>\u00bb<\/em><\/h3>\n<p dir=\\\"ltr\\\">Dans le contexte des manifestations \u00e0 travers le pays contre la r\u00e9forme judiciaire, le Premier ministre Benjamin Netanyahou a compar\u00e9 (mercredi 1er mars) les r\u00e9sidents des implantations de Jud\u00e9e-Samarie qui ont incendi\u00e9 des maisons palestiniennes dans la ville d\\&rsquo;Hawara, cette semaine, aux manifestants qui se sont affront\u00e9s avec la police \u00e0 Tel-Aviv pendant toute une journ\u00e9e.<\/p>\n<h2 dir=\\\"ltr\\\">R\u00e9tablir l\\&rsquo;ordre \u00e0 droite et \u00e0 gauche<\/h2>\n<p dir=\\\"ltr\\\">\\\u00a0\u00bbNous n\\&rsquo;accepterons pas la violation des lois et la violence, ni \u00e0 Hawara, ni \u00e0 Tel-Aviv, ni nulle part\\\u00a0\u00bb, a d\u00e9clar\u00e9 le Premier ministre Netanyahou dans une d\u00e9claration aux m\u00e9dias. Les journalistes n\\&rsquo;ont pas eu la possibilit\u00e9 de lui poser des questions.<\/p>\n<p dir=\\\"ltr\\\">Au d\u00e9but de son propos, Netanyahou a d\u00e9clar\u00e9 : \u00ab Le droit de manifester est une valeur fondamentale en d\u00e9mocratie, mais la libert\u00e9 de manifester n\\&rsquo;est pas la libert\u00e9 d\\&#8217;emp\u00eacher l\\&rsquo;\u00c9tat de fonctionner. Celui qui a dit cela, il y a 20 ans, n\\&rsquo;est autre que l\\&rsquo;ancien pr\u00e9sident \u00e0 la Cour supr\u00eame Aharon Barak. La libert\u00e9 de manifester n\\&rsquo;est pas la libert\u00e9 de faire <strong><em>d\u00e9g\u00e9n\u00e9rer l\\&rsquo;\u00c9tat dans l\\&rsquo;anarchie<\/em><\/strong>.<\/p>\n<h2 dir=\\\"ltr\\\">Comment r\u00e9apprendre \u00e0 se parler<\/h2>\n<p dir=\\\"ltr\\\">Netanyahou a \u00e9galement d\u00e9clar\u00e9 : \u00ab Je sais qu\\&rsquo;il y a beaucoup de citoyens parmi vous qui aiment le pays, qui soutiennent passionn\u00e9ment la r\u00e9forme juridique, et je sais qu\\&rsquo;il y a beaucoup d\\&rsquo;autres citoyens, \u00e9galement amoureux du pays, qui s\\&rsquo;opposent \u00e0 la r\u00e9forme avec la m\u00eame passion. Mais dans une d\u00e9mocratie, il y a des r\u00e8gles claires sur la mani\u00e8re de mener le d\u00e9bat. Il y a des lignes rouges \u00e0 ne pas franchir, et peu importe la profondeur, la turbulence et l\\&rsquo;\u00e9motion que suscite le d\u00e9bat. La ligne rouge nette et claire est une interdiction absolue de la violence et de l\\&rsquo;anarchie.<\/p>\n<p dir=\\\"ltr\\\">\\\u00a0\u00bbLe code rouge clair et net est une interdiction totale de l\\&rsquo;anarchie. Hier \u00e0 Hawara, face \u00e0 un terrible meurtre de deux fr\u00e8res, j\\&rsquo;ai dit que nous ne tol\u00e9rerons pas une telle une situation, nous ne pouvons pas accepter\u00a0 : la violence, les passages \u00e0 tabac de policiers, les barrages routiers, les menaces contre les personnes publiques et les membres de leurs familles. C\\&rsquo;est pourtant ce qui se passe en ce moment \u00e0 Tel-Aviv (Netanyahou faisait r\u00e9f\u00e9rence \u00e0 une manifestation devant un salon de coiffure sur la place M\u00e9dine \u00e0 Tel-Aviv o\u00f9 s\u00e9journait sa femme pour y recevoir des soins capillaires.).<\/p>\n<h2 dir=\\\"ltr\\\">L\\&rsquo;exemple par excellence : l\\&rsquo;\u00e9vacuation du Goush Katif, dans la discipline et les larmes<\/h2>\n<p dir=\\\"ltr\\\">Plus tard, le Premier ministre Netanyahou a illustr\u00e9 son discours en \u00e9voquant la p\u00e9riode de d\u00e9sengagement de Gaza en 2005.<\/p>\n<p dir=\\\"ltr\\\">\\\u00a0\u00bbJe vous ai donn\u00e9 des exemples de ce qu\\&rsquo;il ne faut pas faire lors d\\&rsquo;une manifestation dans un pays d\u00e9mocratique. Et maintenant, je veux vous donner un exemple oppos\u00e9 de la fa\u00e7on de se comporter dans un pays d\u00e9mocratique. Il y a deux d\u00e9cennies, le d\u00e9bat chez nous n\\&rsquo;\u00e9tait pas moins houleux et \u00e9mouvant et il concernait tout le monde (le pays).<\/p>\n<p dir=\\\"ltr\\\">Tout un public qui s\\&rsquo;est oppos\u00e9 de toute son \u00e2me \u00e0 la politique du gouvernement a senti que cette d\u00e9cision d\u00e9truisait son monde.<\/p>\n<p dir=\\\"ltr\\\">\\\u00a0\u00bbIl y a environ deux d\u00e9cennies, le gouvernement isra\u00e9lien a d\u00e9cid\u00e9 de d\u00e9raciner plus de 8 000 Isra\u00e9liens de leurs maisons, d\\&rsquo;exhumer les gens de leurs tombes et de d\u00e9truire leurs implantations. Les opposants aux politiques du gouvernement ont vu le travail de leur vie s\\&rsquo;effondrer, beaucoup d\\&rsquo;entre eux croyaient de tout c\u0153ur que c\\&rsquo;\u00e9tait le <strong><em>d\u00e9but de la destruction du Troisi\u00e8me Temple<\/em><\/strong>. Ils se sont lanc\u00e9s dans une lutte ouverte et d\u00e9termin\u00e9e, une lutte puissante qui a concern\u00e9 de larges franges de l\u2019opinion publique dans le pays. Cette lutte n\\&rsquo;a pas franchi les lignes rouges, nous ne l\\&rsquo;avons pas vue alors, d\u00e9g\u00e9n\u00e9rer comme ce qui se produit aujourd\\&rsquo;hui. Les manifestants n\\&rsquo;ont pas frapp\u00e9 des policiers, n\\&rsquo;ont pas appel\u00e9 \u00e0 des \u00e9meutes civiles, n\\&rsquo;ont pas appel\u00e9 \u00e0 des refus d\\&rsquo;obtemp\u00e9rer, n\\&rsquo;ont pas retir\u00e9 leur argent des banques de l\\&rsquo;\u00c9tat, ni calomni\u00e9 l\\&rsquo;\u00c9tat aux yeux du monde \u00bb.<\/p>\n<h2 dir=\\\"ltr\\\">Comment des franges enti\u00e8res de l\\&rsquo;opposition peuvent souhaiter la faillite de l\\&rsquo;\u00c9tat ?<\/h2>\n<p dir=\\\"ltr\\\">Netanyahou a ajout\u00e9 : \u00ab \u00c0 l\\&rsquo;\u00e9poque, nous n\\&rsquo;appelions pas \u00e0 la faillite de l\\&rsquo;\u00e9conomie ou au blocage des routes, nous n\\&rsquo;essayions pas de conduire le pays \u00e0 l\\&rsquo;anarchie. Ensuite, l\\&rsquo;opposition que je dirigeais s\\&rsquo;est comport\u00e9e de mani\u00e8re responsable. Aujourd\\&rsquo;hui, l\\&rsquo;opposition se comporte de mani\u00e8re irresponsable. Certains des dirigeants des partis d\\&rsquo;opposition d\u00e9clarent que \\\u00a0\u00bbjeter des pierres sur les policiers est d\u00e9sagr\u00e9able, mais <b><i>ce n\\&rsquo;est pas si grave que cela<\/i><\/b>.\\\u00a0\u00bb Un autre chef de parti (NDLR : Ya\u00efr Lapid) alimente les manifestations et explique qu\\&rsquo;il vise \u00e0 atteindre un tel stade de crise constitutionnelle, avec l\\&rsquo;espoir que la crise constitutionnelle <b><i>conduira \u00e0 l\\&rsquo;effondrement du gouvernement<\/i><\/b> et de nouvelles \u00e9lections \u00bb. PS : Netanyahou n\\&rsquo;\u00e9tait pas le chef de l\\&rsquo;opposition pendant la p\u00e9riode de d\u00e9sengagement &#8211; mais du Likoud &#8211; et a d\u00e9missionn\u00e9 quelques jours avant l\\&rsquo;\u00e9vacuation elle-m\u00eame.<\/p>\n<p dir=\\\"ltr\\\">Je sais qu\u2019il ne repr\u00e9sente pas tous ceux qui manifestent et qu\\&rsquo;il y a d\\&rsquo;autres voix dans l\\&rsquo;opposition et dans les manifestations qui s\\&rsquo;opposent \u00e0 cette <strong><em>ligne extr\u00e9miste. <\/em><\/strong>(Il y a) des voix qui s\\&rsquo;opposent aux appels \u00e0 la violence d\\&rsquo;une poign\u00e9e de militants financ\u00e9s par les int\u00e9ress\u00e9s, y compris \u00e9trangers. Nous appelons ces responsables \u00e0 ne pas perdre de vue les int\u00e9r\u00eats d\u2019Isra\u00ebl.<\/p>\n<h2 dir=\\\"ltr\\\">L\\&rsquo;effacement de l\\&rsquo;ethos et du code national implicite isra\u00e9lien ?<\/h2>\n<p dir=\\\"ltr\\\">Je veux encore vous dire une chose : citoyens d\\&rsquo;Isra\u00ebl. Si nous ne reprenons pas les choses en main, la situation continuera \u00e0 se d\u00e9t\u00e9riorer, car si les lignes rouges sont effac\u00e9es d\\&rsquo;un c\u00f4t\u00e9, demain, elles seront \u00e9galement effac\u00e9es de l\\&rsquo;autre c\u00f4t\u00e9. Et donc le chemin qui s\u00e9pare le chaos de l\\&rsquo;ab\u00eeme du chaos est tr\u00e8s court \u00bb<\/p>\n<p dir=\\\"ltr\\\">Il a \u00e9galement r\u00e9p\u00e9t\u00e9 un argument qu\\&rsquo;il avait utilis\u00e9 auparavant, selon lequel des partis \u00e9trangers sont derri\u00e8re les manifestations,.<\/p>\n<p dir=\\\"ltr\\\">\u00c0 la fin de son discours, Netanyahou a d\u00e9clar\u00e9 : \u00ab Je voudrais nous inviter tous \u00e0 \u00e9couter Asti Yaniv, la m\u00e8re des gar\u00e7ons qui a \u00e9t\u00e9 expuls\u00e9e de Gush Katif et qui a perdu ses deux fils l\\&rsquo;autre jour : dans la plupart\u00a0des moments difficiles de sa vie, elle a appel\u00e9 \u00e0 l\\&rsquo;unit\u00e9 et elle a raison.<\/p>\n<p dir=\\\"ltr\\\">J\\&rsquo;appelle \u00e0 nouveau \u00e0 l\\&rsquo;apaisement des esprits, j\\&rsquo;appelle \u00e0 la fin de la violence et je crois et j\\&rsquo;esp\u00e8re que nous trouverons un moyen de nous parler.<\/p>\n<h3 dir=\\\"ltr\\\">Bient\u00f4t, il y aura des pourparlers et des accords. Nous ne l\u00e8verons pas la main l\\&rsquo;un contre l\\&rsquo;autre, car nous sommes fr\u00e8res. Nous n\\&rsquo;avons pas d\\&rsquo;autre pays.<\/h3>\n<h2>La r\u00e9ponse incendiaire de Saar<\/h2>\n<p dir=\\\"ltr\\\">Le d\u00e9put\u00e9 Gideon Saar (camp de l\\&rsquo;\u00c9tat National) a r\u00e9pondu : \u00ab Netanyahou a fait ce soir ce qu\\&rsquo;il sait faire le mieux : mentir et inciter. Il aurait pu annoncer l\\&rsquo;arr\u00eat des d\u00e9bats \u00e0 la Knesset et emp\u00eacher le pays de poursuivre son parcours de collision pour le d\u00e9truire, mais il a choisi de ne pas le faire. Nous continuerons \u00e0 lutter contre le \u00ab <strong><em>coup d\\&rsquo;\u00c9tat<\/em><\/strong> \u00bb.<\/p>\n<p dir=\\\"ltr\\\"><strong><em>Nota bene<\/em><\/strong> : Les termes semblent ceux d\\&rsquo;un extr\u00e9miste forcen\u00e9, simplement motiv\u00e9 par son ambition et son d\u00e9pit personnel, et non par le sens des responsabilit\u00e9s. Ensuite vient la question de la m\u00e9thode d\\&rsquo;ouverture des pourparlers, qui ne se r\u00e9usme pas seulement \u00e0 un\u00a0 duel \u00e0 celui qui fera baisser les yeux \u00e0 l\\&rsquo;autre le plus rapidement.<\/p>\n<h2 dir=\\\"ltr\\\">La \\\u00a0\u00bbgiletjaunisation\\\u00a0\u00bb d\\&rsquo;Isra\u00ebl<\/h2>\n<h3 dir=\\\"ltr\\\">Violences contre les forces de l\\&rsquo;ordre &#8230; et r\u00e9ciproquement<\/h3>\n<p dir=\\\"ltr\\\">Des milliers de personnes ont manifest\u00e9 du matin au soir contre la r\u00e9volution juridique dans diff\u00e9rentes villes d\\&rsquo;Isra\u00ebl, entre autres \u00e0 Tel-Aviv et J\u00e9rusalem.<\/p>\n<p dir=\\\"ltr\\\">Pendant les manifestations, les manifestants ont bloqu\u00e9 les routes de Mokidim, et sur certaines d\\&rsquo;entre elles, des affrontements ont \u00e9clat\u00e9 entre eux et la police qui a tent\u00e9 de les \u00e9vacuer.<\/p>\n<p dir=\\\"ltr\\\">La police a utilis\u00e9, entre autres, des matraques et lanc\u00e9 des dizaines de grenades assourdissantes sur les manifestants. Des dizaines de manifestants ont \u00e9t\u00e9 bless\u00e9s et arr\u00eat\u00e9s au cours des manifestations.<\/p>\n<h2 dir=\\\"ltr\\\">Le processus de r\u00e9vision des lois se poursuit en Knesset<\/h2>\n<p dir=\\\"ltr\\\">En m\u00eame temps que les protestations, la loi sur l\u2019incapacit\u00e9 du Premier ministre \u00e0 exercer ses fonctions a \u00e9t\u00e9 vot\u00e9e \u00e0 la Knesset en lecture pr\u00e9liminaire.<\/p>\n<p dir=\\\"ltr\\\">La proposition d\u00e9finit que la qualification d\\&rsquo;impuissance d\\&rsquo;un Premier ministre signifie uniquement <em><strong>l\\&rsquo;incapacit\u00e9 physique ou mentale<\/strong><\/em> du Premier ministre \u00e0 remplir ses fonctions.<\/p>\n<h2 dir=\\\"ltr\\\">Le duel pour savoir qui pliera en premier, plut\u00f4t que la qu\u00eate d\\&rsquo;unit\u00e9<\/h2>\n<p dir=\\\"ltr\\\">Le pr\u00e9sident du camp de l\\&rsquo;\u00c9tat, le d\u00e9put\u00e9 Benny Gantz a d\u00e9clar\u00e9 : \\\u00a0\u00bbcette maison (la Knesset) qui est cens\u00e9e servir toute la nation &#8211; en fait, elle (le gouvernement) la d\u00e9chire et d\u00e9truit le pays\\\u00a0\u00bb.<\/p>\n<p dir=\\\"ltr\\\">Gantz s\\&rsquo;est \u00e9galement adress\u00e9 \u00e0 Netanyahou en disant : \\\u00a0\u00bbJ\\&rsquo;ai parl\u00e9 avec Netanyahu et Ohana, je leur ai dit \\\u00a0\u00bb arr\u00eatez tout, gelez les d\u00e9bat en pl\u00e9num et nous d\u00e9ciderons de nous parler d\u00e8s maintenant ! \\\u00a0\u00bb<\/p>\n<p dir=\\\"ltr\\\">Netanyahu a dit \u00e0 Gantz : \\\u00a0\u00bbma porte est ouverte, viens maintenant\\\u00a0\u00bb, et Gantz a r\u00e9pondu que : \\\u00a0\u00bbtout le processus l\u00e9gislatif doit \u00eatre gel\u00e9\\\u00a0\u00bb.<\/p>\n<p dir=\\\"ltr\\\">Le Premier ministre sait exactement ce que je lui ai dit. D\u00e8s qu\\&rsquo;ils annoncent qu\\&rsquo;ils arr\u00eatent la l\u00e9gislation, dans un d\u00e9lai d\\&rsquo;une heure, nous serons \u00e0 sa porte.\\\u00a0\u00bb<\/p>\n<h2>Le gouvernement dirige et l\u2019opposition doit accepter le d\u00e9bat<\/h2>\n<p dir=\\\"ltr\\\">En r\u00e9alit\u00e9, dans un processus de d\u00e9lib\u00e9ration, l\\&rsquo;opposition peut exprimer son point de vue dans le cadre de la Knesset, cr\u00e9\u00e9e \u00e0 cet effet. Et le gouvernement peut et doit continuer de gouverner. Mais, en refusant le r\u00e9sultat des urnes, qui place les deux camps dans la position qui est la leur, l\\&rsquo;opposition cherche \u00e0 provoquer le \\\u00a0\u00bbcoup d\\&rsquo;\u00e9tat\\\u00a0\u00bb qu\\&rsquo;elle d\u00e9nonce comme le fruit d\\&rsquo;un gouvernement l\u00e9gitimiement \u00e9lu.<\/p>\n<p dir=\\\"ltr\\\">Le pr\u00e9sident de l\\&rsquo;\u00c9tat, Yitzhak Herzog s\\&rsquo;est adress\u00e9 aux manifestants ce soir, en d\u00e9clarant que \\\u00a0\u00bbnous traversons tous une p\u00e9riode difficile de crise interne, profonde et grave, qui nous menace tous. C\\&rsquo;est tr\u00e8s dangereux. Nous pouvons continuer de laisser la situation se d\u00e9t\u00e9riorer dans un terrible ab\u00eeme.<\/p>\n<p dir=\\\"ltr\\\">Je ne permettrais \u00e0 une <strong><em>catastrophe historique de se produire<\/em><\/strong>, je ne permettrai pas \u00e0 l\\&rsquo;\u00c9tat d\\&rsquo;Isra\u00ebl d\\&rsquo;atteindre le point de non-retour, je ne laisserai pas cette catastrophe historique se produire.<\/p>\n<p dir=\\\"ltr\\\">Je crois de tout mon c\u0153ur qu\\&rsquo;il est possible de transformer ce moment de crise en un <strong><em>moment constitutionnel d\u00e9terminant.<\/em> <\/strong>Un moment o\u00f9 nous pr\u00e9serverons pour des g\u00e9n\u00e9rations notre d\u00e9mocratie, les principes de la d\u00e9claration d\\&rsquo;ind\u00e9pendance, l\\&rsquo;\u00c9tat de droit, les droits de l\\&rsquo;homme et les freins et contrepoids entre les diff\u00e9rentes autorit\u00e9s.<\/p>\n<p><strong>La suite de l\u2019article se trouve dans le prochain num\u00e9ro d\u2019Isra\u00ebl Magazine<\/strong><\/p>\n<p><strong>D\u00e9couvrez un exemplaire du magazine gratuitement et cliquez ensuite sur le rebord droit<\/strong><\/p>\n<p><a href=\\\"https:\/\/online.fliphtml5.com\/rjspi\/ypmm\/#p=1\\\"><strong>https:\/\/online.fliphtml5.com\/rjspi\/ypmm\/#p=1<\/strong><\/a><\/p>\n<p><strong>Votre magazine est livr\u00e9 chez vous en toute confidentialit\u00e9<br \/>\nS\u2019abonner au magazine par t\u00e9l\u00e9phone ou par whats app 00972 (0) 54 254 45 20 ou au 01 86 98 27 27<\/strong><\/p>\n<p><strong>Par email\u00a0\u00a0<\/strong><a href=\\\"mailto:Andredarmon21@gmail.com\\\"><strong>Andredarmon21@gmail.com<\/strong><\/a><strong>\u00a0 pay pal<\/strong><\/p>\n<p><strong>Ou directement sur le site<\/strong><\/p>\n<p><a href=\\\"https:\/\/israelmagazine.co.il\/sabonner-au-magazine\/\\\"><strong>https:\/\/israelmagazine.co.il\/sabonner-au-magazine\/<\/strong><\/a><\/p>\n<p><strong>Loi du Retour ou qui est Juif ?Ou encore S\u2019abonner au magazine livr\u00e9 chez vous en toute confidentialit\u00e9. Remplir le formulaire<\/strong><\/p>\n<p><a href=\\\"https:\/\/docs.google.com\/forms\/d\/e\/1FAIpQLSfPYJfb8KjEya-X17w0DGPAuBlCGvqVUdh_Is8EL810Lxw82A\/viewform?entry.1189475001=Recipient_Email\\\"><strong>https:\/\/docs.google.com\/forms\/d\/e\/1FAIpQLSfPYJfb8KjEya-X17w0DGPAuBlCGvqVUdh_Is8EL810Lxw82A\/viewform?entry.1189475001=Recipient_Email<\/strong><\/a><\/p>\n<p><strong><u>\u00a0<\/u><\/strong><\/p>\n<\/div>\n<div class=\\\"yj6qo\\\"><\/div>\n<div class=\\\"adL\\\"><\/div>\n<\/div>\n<\/div>\n<\/div>\n<\/div>\n<\/div>\n","protected":false},"excerpt":{"rendered":"<p>Netanyahou renvoie dos-\u00e0-dos les \u00e9meutiers d\\&rsquo;Hawara et les \u00ab hors-la-loi \u00e0 Tel-Aviv \u00bb\u00a0 \u00ab Ils ont franchi les lignes rouges, nous ne l\\&rsquo;accepterons pas \u00bb Le Premier ministre a d\u00e9clar\u00e9 \u00e0 la fin de la \\\u00a0\u00bbJourn\u00e9e nationale de perturbation\\\u00a0\u00bb que \\\u00a0\u00bbdans une d\u00e9mocratie, il existe des r\u00e8gles claires sur la mani\u00e8re de mener le d\u00e9bat\\\u00a0\u00bb, &hellip;<\/p>\n<p class=\"read-more\"> <a class=\"\" href=\"https:\/\/israelmagazine.net\/?p=60883\"> <span class=\"screen-reader-text\">Netanyahou renvoie dos-\u00e0-dos les \u00e9meutiers d\\&rsquo;Hawara et les \u00ab hors-la-loi \u00e0 Tel-Aviv \u00bb\u00a0<\/span> Lire la suite \u00bb<\/a><\/p>\n","protected":false},"author":4,"featured_media":60884,"comment_status":"open","ping_status":"open","sticky":false,"template":"","format":"standard","meta":{"site-sidebar-layout":"default","site-content-layout":"default","ast-global-header-display":"","ast-main-header-display":"","ast-hfb-above-header-display":"","ast-hfb-below-header-display":"","ast-hfb-mobile-header-display":"","site-post-title":"","ast-breadcrumbs-content":"","ast-featured-img":"","footer-sml-layout":"","theme-transparent-header-meta":"","adv-header-id-meta":"","stick-header-meta":"","header-above-stick-meta":"","header-main-stick-meta":"","header-below-stick-meta":""},"categories":[84,1621,814,1617,841,1674,1623,1191,1615],"tags":[1739,810,845,1474,1628,1636,1761],"sujet":[],"_links":{"self":[{"href":"https:\/\/israelmagazine.net\/index.php?rest_route=\/wp\/v2\/posts\/60883"}],"collection":[{"href":"https:\/\/israelmagazine.net\/index.php?rest_route=\/wp\/v2\/posts"}],"about":[{"href":"https:\/\/israelmagazine.net\/index.php?rest_route=\/wp\/v2\/types\/post"}],"author":[{"embeddable":true,"href":"https:\/\/israelmagazine.net\/index.php?rest_route=\/wp\/v2\/users\/4"}],"replies":[{"embeddable":true,"href":"https:\/\/israelmagazine.net\/index.php?rest_route=%2Fwp%2Fv2%2Fcomments&post=60883"}],"version-history":[{"count":0,"href":"https:\/\/israelmagazine.net\/index.php?rest_route=\/wp\/v2\/posts\/60883\/revisions"}],"wp:featuredmedia":[{"embeddable":true,"href":"https:\/\/israelmagazine.net\/index.php?rest_route=\/"}],"wp:attachment":[{"href":"https:\/\/israelmagazine.net\/index.php?rest_route=%2Fwp%2Fv2%2Fmedia&parent=60883"}],"wp:term":[{"taxonomy":"category","embeddable":true,"href":"https:\/\/israelmagazine.net\/index.php?rest_route=%2Fwp%2Fv2%2Fcategories&post=60883"},{"taxonomy":"post_tag","embeddable":true,"href":"https:\/\/israelmagazine.net\/index.php?rest_route=%2Fwp%2Fv2%2Ftags&post=60883"},{"taxonomy":"sujet","embeddable":true,"href":"https:\/\/israelmagazine.net\/index.php?rest_route=%2Fwp%2Fv2%2Fsujet&post=60883"}],"curies":[{"name":"wp","href":"https:\/\/api.w.org\/{rel}","templated":true}]}}