{"id":60919,"date":"2023-03-03T09:01:30","date_gmt":"2023-03-03T07:01:30","guid":{"rendered":"https:\/\/israelmagazine.net\/?p=60919"},"modified":"2023-03-03T09:01:30","modified_gmt":"2023-03-03T07:01:30","slug":"emeutes-de-hawara-galant-signe-deux-arrestations-contre-des-suspects-juifs","status":"publish","type":"post","link":"https:\/\/israelmagazine.net\/?p=60919","title":{"rendered":"Emeutes de Hawara:\u00a0Galant signe deux arrestations contre des suspects juifs"},"content":{"rendered":"<h1 dir=\\\"ltr\\\"><\/h1>\n<h1 dir=\\\"ltr\\\">Emeutes de Hawara: <span style=\\\"font-size: xx-large;\\\">Galant signe deux arrestations contre des suspects juifs<\/span><\/h1>\n<p>La police a arr\u00eat\u00e9 un mineur et un adulte de Samarie. Ils sont soup\u00e7onn\u00e9s d\\&rsquo;\u00eatre impliqu\u00e9s dans les \u00e9meutes \u2022 Dans l\\&rsquo;intervalle, un responsable de la s\u00e9curit\u00e9 a d\u00e9clar\u00e9 qu\\&rsquo;\\\u00a0\u00bbil y avait unanimit\u00e9 au sein de l\\&rsquo;establishment de la s\u00e9curit\u00e9 quant \u00e0 la n\u00e9cessit\u00e9 de les arr\u00eater imm\u00e9diatement\\\u00a0\u00bb. Le ministre de la D\u00e9fense, Yoav Galant, a sign\u00e9 (jeudi 02 au soir) une arrestation administrative contre deux r\u00e9sidents juifs de Samarie, dont un mineur, pour quatre mois. Cet homme et ce mineur ont \u00e9t\u00e9 arr\u00eat\u00e9s par ordre administratif quelques minutes apr\u00e8s que la juge du tribunal de district de J\u00e9rusalem, Hana Miriam Lomp, a d\u00e9cid\u00e9 qu\\&rsquo;ils seraient lib\u00e9r\u00e9s aujourd\\&rsquo;hui. Les deux suspects sont soup\u00e7onn\u00e9s d\\&rsquo;\u00eatre impliqu\u00e9s dans des \u00e9meutes \u00e0 Kfar Hawara , apr\u00e8s la grave attaque de cette semaine au cours de laquelle les fr\u00e8res Yigal et Hillel Yaniv ont \u00e9t\u00e9 assassin\u00e9s.A l\\&rsquo;audience, les suspects \u00e9taient repr\u00e9sent\u00e9s par l\\&rsquo;avocate Nati Rom au nom de l\\&rsquo;organisation Honnu.<\/p>\n<h2 dir=\\\"ltr\\\"><span style=\\\"font-size: large;\\\">R\u00e9seaux arabes<\/span><\/h2>\n<p dir=\\\"ltr\\\">Les responsables de la s\u00e9curit\u00e9 ont d\u00e9clar\u00e9 \u00e0 propos des arrestations administratives : \u00ab Il y avait unanimit\u00e9 dans le syst\u00e8me de s\u00e9curit\u00e9 quant \u00e0 la n\u00e9cessit\u00e9 de les arr\u00eater imm\u00e9diatement. Ce sont des meneurs qui ont conduit \u00e0 l\\&rsquo;\u00e9meute \u00e0 Hawara et il est possible que sans eux nous n\\&rsquo;aurions pas vu les drames qui ont eu lieu. Il faut les arr\u00eater. La police n\u2019a pas pris la d\u00e9cision \u00e0 la l\u00e9g\u00e8re.\u00a0Le ministre de la S\u00e9curit\u00e9 nationale, Itamar Ben Gvir a d\u00e9clar\u00e9: \\\u00a0\u00bbPr\u00e9cis\u00e9ment \u00e0 l\\&rsquo;\u00e9poque o\u00f9 les pionniers h\u00e9ro\u00efques de Jud\u00e9e-Samarie souffrent d\\&rsquo;un terrorisme meurtrier, la D\u00e9fense choisit de d\u00e9livrer deux mandats d\\&rsquo;arr\u00eat administratifs contre deux Juifs, dont un mineur, alors qu\\&rsquo;il choisit une politique de \\\u00a0\u00bbconfinement\\\u00a0\u00bb contre les \u00e9l\u00e9ments terroristes, et pour cela, je dois le regretter.<\/p>\n<h2 dir=\\\"ltr\\\"><span style=\\\"font-size: large;\\\">\\\u00a0\u00bbDevons-nous d\u00e9plorer la politique Galant \u00bb ?<\/span><\/h2>\n<p dir=\\\"ltr\\\">\\\u00a0\u00bbM\u00eame si le tribunal a ordonn\u00e9 la lib\u00e9ration des deux d\u00e9tenus juifs, les personnes qui ont \u00e9mis l\\&rsquo;ordre ont choisi de contourner le tribunal dans le cadre d\\&rsquo;une proc\u00e9dure inhabituelle et s\u00e9rieuse et d\\&rsquo;agir de maniere non d\u00e9mocratique. Je contacterai Galant et le Premier ministre plus tard ce soir et leur demanderai des \u00e9claircissements sur cette d\u00e9cision anti-d\u00e9mocratique.\\\u00a0\u00bb Gantz a d\u00e9clar\u00e9, apr\u00e8s que Galant a sign\u00e9 l\\&rsquo;arrestation des \u00e9meutiers : \u00ab Je soutiens le ministre de la D\u00e9fense qui rappelle que la mission du gouvernement est de pr\u00e9venir les actes de terrorisme et non de les prot\u00e9ger. L\\&rsquo;esprit de Smotrich et Ben Gvir soutient ceux qui, selon les responsables de la s\u00e9curit\u00e9, mettent la r\u00e9gion en danger \u00e0 l\\&rsquo;extr\u00eame. Elle fait un clin d\\&rsquo;\u0153il aux incendiaires des maisons \u00e0 Hawara.<\/p>\n<h2 dir=\\\"ltr\\\"><strong>R\u00e9action exacerb\u00e9e \u00e0 l\u2019incitation constante dans le village<\/strong><\/h2>\n<p dir=\\\"ltr\\\">Adi Kider de l\\&rsquo;organisation Honnu a d\u00e9clar\u00e9 : \\\u00a0\u00bbAlors que les habitants de Hawara applaudissent les terroristes et distribuent des bonbons, le ministre de la D\u00e9fense leur pr\u00eate main forte et r\u00e9compense le terrorisme, sous la forme d\\&rsquo;ordres administratifs contre des Juifs pendant que les meurtriers se prom\u00e8nent encore librement. Dans les r\u00e9seaux arabes, on c\u00e9l\u00e8bre l\\&rsquo;incitation, et, sur le terrain il y a une perte de contr\u00f4le de Tsahal sur les attaques \u00e0 la pierre, les tirs et les attaques contre les Juifs. Le ministre de la D\u00e9fense se consid\u00e8re au-dessus des tribunaux qui ont ordonn\u00e9 la lib\u00e9ration des r\u00e9sidents juifs de Samarie. Le Shin Bet poursuit la guerre d\\&rsquo;usure contre les Juifs d\u2019au-del\u00e0 de la ligne verte, tout en gardant un \u0153il sur les graves incitations de la gauche qui conduisent \u00e0 l\\&rsquo;anarchie et au d\u00e9sordre g\u00e9n\u00e9ralis\u00e9 dans tout le pays.\\\u00a0\u00bb<\/p>\n<p>La d\u00e9put\u00e9e Limor Son Har-Melech (Otzma Yehudit) a d\u00e9clar\u00e9 en r\u00e9ponse aux mandats d\\&rsquo;arr\u00eat administratifs du ministre de la D\u00e9fense Galant : \u00ab D\u00e9cision honteuse et grave qui indique une perte de direction de la part du ministre de la D\u00e9fense et une confusion entre fr\u00e8res et ennemis.<\/p>\n","protected":false},"excerpt":{"rendered":"<p>Emeutes de Hawara: Galant signe deux arrestations contre des suspects juifs La police a arr\u00eat\u00e9 un mineur et un adulte de Samarie. Ils sont soup\u00e7onn\u00e9s d\\&rsquo;\u00eatre impliqu\u00e9s dans les \u00e9meutes \u2022 Dans l\\&rsquo;intervalle, un responsable de la s\u00e9curit\u00e9 a d\u00e9clar\u00e9 qu\\&rsquo;\\\u00a0\u00bbil y avait unanimit\u00e9 au sein de l\\&rsquo;establishment de la s\u00e9curit\u00e9 quant \u00e0 la n\u00e9cessit\u00e9 &hellip;<\/p>\n<p class=\"read-more\"> <a class=\"\" href=\"https:\/\/israelmagazine.net\/?p=60919\"> <span class=\"screen-reader-text\">Emeutes de Hawara:\u00a0Galant signe deux arrestations contre des suspects juifs<\/span> Lire la suite \u00bb<\/a><\/p>\n","protected":false},"author":4,"featured_media":60920,"comment_status":"open","ping_status":"open","sticky":false,"template":"","format":"standard","meta":{"site-sidebar-layout":"default","site-content-layout":"default","ast-global-header-display":"","ast-main-header-display":"","ast-hfb-above-header-display":"","ast-hfb-below-header-display":"","ast-hfb-mobile-header-display":"","site-post-title":"","ast-breadcrumbs-content":"","ast-featured-img":"","footer-sml-layout":"","theme-transparent-header-meta":"","adv-header-id-meta":"","stick-header-meta":"","header-above-stick-meta":"","header-main-stick-meta":"","header-below-stick-meta":""},"categories":[84,1621,1387,1674,1191],"tags":[2549,1739,1474,877],"sujet":[],"_links":{"self":[{"href":"https:\/\/israelmagazine.net\/index.php?rest_route=\/wp\/v2\/posts\/60919"}],"collection":[{"href":"https:\/\/israelmagazine.net\/index.php?rest_route=\/wp\/v2\/posts"}],"about":[{"href":"https:\/\/israelmagazine.net\/index.php?rest_route=\/wp\/v2\/types\/post"}],"author":[{"embeddable":true,"href":"https:\/\/israelmagazine.net\/index.php?rest_route=\/wp\/v2\/users\/4"}],"replies":[{"embeddable":true,"href":"https:\/\/israelmagazine.net\/index.php?rest_route=%2Fwp%2Fv2%2Fcomments&post=60919"}],"version-history":[{"count":0,"href":"https:\/\/israelmagazine.net\/index.php?rest_route=\/wp\/v2\/posts\/60919\/revisions"}],"wp:featuredmedia":[{"embeddable":true,"href":"https:\/\/israelmagazine.net\/index.php?rest_route=\/"}],"wp:attachment":[{"href":"https:\/\/israelmagazine.net\/index.php?rest_route=%2Fwp%2Fv2%2Fmedia&parent=60919"}],"wp:term":[{"taxonomy":"category","embeddable":true,"href":"https:\/\/israelmagazine.net\/index.php?rest_route=%2Fwp%2Fv2%2Fcategories&post=60919"},{"taxonomy":"post_tag","embeddable":true,"href":"https:\/\/israelmagazine.net\/index.php?rest_route=%2Fwp%2Fv2%2Ftags&post=60919"},{"taxonomy":"sujet","embeddable":true,"href":"https:\/\/israelmagazine.net\/index.php?rest_route=%2Fwp%2Fv2%2Fsujet&post=60919"}],"curies":[{"name":"wp","href":"https:\/\/api.w.org\/{rel}","templated":true}]}}