{"id":60931,"date":"2023-03-03T14:56:23","date_gmt":"2023-03-03T12:56:23","guid":{"rendered":"https:\/\/israelmagazine.net\/?p=60931"},"modified":"2023-03-03T14:56:23","modified_gmt":"2023-03-03T12:56:23","slug":"destitution-la-loi-qui-frapperait-dincapacite-un-premier-ministre-reamenagee","status":"publish","type":"post","link":"https:\/\/israelmagazine.net\/?p=60931","title":{"rendered":"Destitution\u00a0: La loi qui frapperait d\u2019incapacit\u00e9 un Premier ministre r\u00e9am\u00e9nag\u00e9e"},"content":{"rendered":"<h1 style=\\\"font-weight: 400;\\\"><strong>Destitution\u00a0: La loi qui frapperait d\u2019incapacit\u00e9 un Premier ministre r\u00e9am\u00e9nag\u00e9e<\/strong><\/h1>\n<h2>Yehouda Bethl\u00e9em<\/h2>\n<p style=\\\"font-weight: 400;\\\">Le pouvoir de d\u00e9clarer le Premier ministre, frapp\u00e9 d\\&rsquo;incapacit\u00e9, n\\&rsquo;appartiendra qu\\&rsquo;au gouvernement ou \u00e0 la Knesset \u00e0 la majorit\u00e9 des trois quarts et n\\&rsquo;aura lieu qu\\&rsquo;en raison d\\&rsquo;une incapacit\u00e9 physique ou mentale.<\/p>\n<p style=\\\"font-weight: 400;\\\">Le pl\u00e9num de la Knesset a approuv\u00e9 en lecture pr\u00e9liminaire le projet de loi de base : le gouvernement &#8211; amendement &#8211; fortifications du Premier ministre, par le d\u00e9put\u00e9 Ofir Katz. 62 membres de la Knesset ont soutenu la proposition contre 20 qui s\\&rsquo;y sont oppos\u00e9s, et elle sera transmise \u00e0 la commission de la Knesset qui d\u00e9cidera quelle commission la pr\u00e9parera pour la premi\u00e8re lecture.<\/p>\n<h2>Incapacit\u00e9 physique et mentale<\/h2>\n<p style=\\\"font-weight: 400;\\\">La loi propose de pr\u00e9ciser que la destitution du Premier ministre ne peut avoir lieu qu\\&rsquo;en raison d\\&rsquo;une incapacit\u00e9 physique ou mentale \u00e0 remplir son r\u00f4le. En outre, le pouvoir de d\u00e9clarer la destitution du Premier ministre dans l\\&rsquo;exercice de ses fonctions et la fin de ladite destitution se fondent uniquement sur une notification \u00e0 la Knesset par le Premier ministre ou sur une notification du gouvernement re\u00e7ue \u00e0 la majorit\u00e9 des trois quarts de ses membres. Enfin, il est propos\u00e9 de pr\u00e9ciser qu\\&rsquo;un tribunal, y compris la Cour supr\u00eame dans sa session en tant que haute Cour de justice, ne discutera pas d\\&rsquo;une demande visant \u00e0 d\u00e9clarer la destitution du Premier ministre ou \u00e0 confirmer qu\\&rsquo;une d\u00e9cision ou une ordonnance d\\&rsquo;un tel tribunal sera sans autorit\u00e9 et nul.<\/p>\n<p style=\\\"font-weight: 400;\\\">L\\&rsquo;explication se lit comme suit : \\\u00a0\u00bbEn raison des cons\u00e9quences de la d\u00e9termination de l\\&rsquo;existence de l\\&rsquo;incapacit\u00e9 du Premier ministre, lorsque la d\u00e9termination est faite contrairement \u00e0 son opinion, alors qu\\&rsquo;il est physiquement et mentalement apte \u00e0 occuper son poste, cela signifie la destitution d\\&rsquo;un dirigeant sortant qui \u00e9tait \u00e9lu par les repr\u00e9sentants du peuple et jouit toujours de la confiance de la Knesset.<\/p>\n<h2>D\u00e9cid\u00e9e par les repr\u00e9sentants du peuple<\/h2>\n<p style=\\\"font-weight: 400;\\\">Autrement dit, la constatation de l\\&rsquo;impuissance du Premier ministre est en pratique un acte d\\&rsquo;annulation des r\u00e9sultats des \u00e9lections et du processus d\u00e9mocratique. Par cons\u00e9quent, cet amendement vise \u00e0 pr\u00e9ciser que l\\&rsquo;incapacit\u00e9 du Premier ministre \u00e0 exercer ses fonctions ne peut survenir qu\\&rsquo;en raison de l\\&rsquo;incapacit\u00e9 physique ou mentale du Premier ministre, c\\&rsquo;est-\u00e0-dire en raison d\\&rsquo;un \u00e9tat de sant\u00e9 grave ou en raison d\\&rsquo;une autre situation extr\u00eame (telle qu\\&rsquo;une d\u00e9connexion prolong\u00e9e ou un emprisonnement), qui limite fortement ou emp\u00eache compl\u00e8tement, physiquement ou mentalement, la capacit\u00e9 du Premier ministre \u00e0 fonctionner. \u00c9tant donn\u00e9 qu\\&rsquo;un Premier ministre en exercice tire son pouvoir et son autorit\u00e9 du peuple par l\\&rsquo;interm\u00e9diaire de ses repr\u00e9sentants, cette proposition refl\u00e8te aux yeux de ses partisans le concept existant selon lequel la destitution du chef contre son gr\u00e9 sera d\u00e9cid\u00e9e par les seuls repr\u00e9sentants du peuple sans l\\&rsquo;implication d\\&rsquo;un \u00a0pouvoir non \u00e9lu.<\/p>\n<h2>En d\u00e9mocratie, seule la majorit\u00e9 pr\u00e9vaut<\/h2>\n<p style=\\\"font-weight: 400;\\\">Le d\u00e9put\u00e9 Ofir Katz : \\\u00a0\u00bbLes \u00e9lecteurs du camp national dirig\u00e9 par Benjamin Netanyahou l\\&rsquo;ont \u00e9lu comme d\u00e9cisionnaire politique. Ils ont choisi son exp\u00e9rience et son leadership, en tant que Premier ministre d\\&rsquo;Isra\u00ebl. Je veux le dire clairement \u00e0 tous les partis non \u00e9lus : c\\&rsquo;est le peuple et ses repr\u00e9sentants qui nomment le Premier ministre, et eux seuls, quand ils le souhaitent, peuvent changer leur choix. Nous avons \u00e9t\u00e9 \u00e9lus d\u00e9mocratiquement. Ce projet de loi clarifie ce que chaque simple personne comprend\u00a0: \u00a0il n\\&rsquo;est pas possible, dans un pays d\u00e9mocratique, de permettre une interpr\u00e9tation juridique qui n\\&rsquo;a aucun fondement dans la loi, de faire un coup d\\&rsquo;\u00c9tat &#8211; la destitution forc\u00e9e d\\&rsquo;un Premier ministre sortant \u00e9lu par la majorit\u00e9 des citoyens isra\u00e9liens. \u00bb<\/p>\n<h2>Un corps ext\u00e9rieur ne peut saper les bases de la d\u00e9mocratie<\/h2>\n<p style=\\\"font-weight: 400;\\\">Au nom du gouvernement, le ministre de l\\&rsquo;\u00c9ducation, Yoav Kish, a r\u00e9pondu : \\\u00a0\u00bbLe chef est \u00e9lu par les repr\u00e9sentants du peuple et re\u00e7oit la confiance de la Knesset. Si une d\u00e9cision d\\&rsquo;inaptitude est re\u00e7ue, lorsque le Premier ministre est physiquement et mentalement apte, il y a un \u00e9v\u00e9nement d\\&rsquo;annulation des r\u00e9sultats des \u00e9lections et du processus d\u00e9mocratique. Par cons\u00e9quent, dans cette proposition, nous voulons d\u00e9finir de la mani\u00e8re la plus claire l\\&rsquo;\u00e9tat d\\&rsquo;incapacit\u00e9 physique ou mentale pour remplir le r\u00f4le. Dans un monde normal, nous n\\&rsquo;aurions pas besoin de cela, mais nous sommes dans un monde o\u00f9 l\u2019on essaie d\\&rsquo;imposer au public isra\u00e9lien et de ronger la base de la d\u00e9mocratie. Nous clarifions cette loi.<\/p>\n<p>&nbsp;<\/p>\n<p><strong>La suite de l\u2019article se trouve dans le prochain num\u00e9ro d\u2019Isra\u00ebl Magazine<\/strong><\/p>\n<p><strong>D\u00e9couvrez un exemplaire du magazine gratuitement et cliquez ensuite sur le rebord droit<\/strong><\/p>\n<p><a href=\\\"https:\/\/online.fliphtml5.com\/rjspi\/ypmm\/#p=1\\\"><strong>https:\/\/online.fliphtml5.com\/rjspi\/ypmm\/#p=1<\/strong><\/a><\/p>\n<p><strong>Votre magazine est livr\u00e9 chez vous en toute confidentialit\u00e9<br \/>\nS\u2019abonner au magazine par t\u00e9l\u00e9phone ou par whats app 00972 (0) 54 254 45 20 ou au 01 86 98 27 27<\/strong><\/p>\n<p><strong>Par email\u00a0\u00a0<\/strong><a href=\\\"mailto:Andredarmon21@gmail.com\\\"><strong>Andredarmon21@gmail.com<\/strong><\/a><strong>\u00a0 pay pal<\/strong><\/p>\n<p><strong>Ou directement sur le site<\/strong><\/p>\n<p><a href=\\\"https:\/\/israelmagazine.co.il\/sabonner-au-magazine\/\\\"><strong>https:\/\/israelmagazine.co.il\/sabonner-au-magazine\/<\/strong><\/a><\/p>\n<p><strong>Loi du Retour ou qui est Juif ?Ou encore S\u2019abonner au magazine livr\u00e9 chez vous en toute confidentialit\u00e9. Remplir le formulaire<\/strong><\/p>\n<p><a href=\\\"https:\/\/docs.google.com\/forms\/d\/e\/1FAIpQLSfPYJfb8KjEya-X17w0DGPAuBlCGvqVUdh_Is8EL810Lxw82A\/viewform?entry.1189475001=Recipient_Email\\\"><strong>https:\/\/docs.google.com\/forms\/d\/e\/1FAIpQLSfPYJfb8KjEya-X17w0DGPAuBlCGvqVUdh_Is8EL810Lxw82A\/viewform?entry.1189475001=Recipient_Email<\/strong><\/a><\/p>\n","protected":false},"excerpt":{"rendered":"<p>Destitution\u00a0: La loi qui frapperait d\u2019incapacit\u00e9 un Premier ministre r\u00e9am\u00e9nag\u00e9e Yehouda Bethl\u00e9em Le pouvoir de d\u00e9clarer le Premier ministre, frapp\u00e9 d\\&rsquo;incapacit\u00e9, n\\&rsquo;appartiendra qu\\&rsquo;au gouvernement ou \u00e0 la Knesset \u00e0 la majorit\u00e9 des trois quarts et n\\&rsquo;aura lieu qu\\&rsquo;en raison d\\&rsquo;une incapacit\u00e9 physique ou mentale. Le pl\u00e9num de la Knesset a approuv\u00e9 en lecture pr\u00e9liminaire le &hellip;<\/p>\n<p class=\"read-more\"> <a class=\"\" href=\"https:\/\/israelmagazine.net\/?p=60931\"> <span class=\"screen-reader-text\">Destitution\u00a0: La loi qui frapperait d\u2019incapacit\u00e9 un Premier ministre r\u00e9am\u00e9nag\u00e9e<\/span> Lire la suite \u00bb<\/a><\/p>\n","protected":false},"author":4,"featured_media":60934,"comment_status":"open","ping_status":"open","sticky":false,"template":"","format":"standard","meta":{"site-sidebar-layout":"default","site-content-layout":"default","ast-global-header-display":"","ast-main-header-display":"","ast-hfb-above-header-display":"","ast-hfb-below-header-display":"","ast-hfb-mobile-header-display":"","site-post-title":"","ast-breadcrumbs-content":"","ast-featured-img":"","footer-sml-layout":"","theme-transparent-header-meta":"","adv-header-id-meta":"","stick-header-meta":"","header-above-stick-meta":"","header-main-stick-meta":"","header-below-stick-meta":""},"categories":[84,1621,1622,1191],"tags":[1739,1474,1989],"sujet":[],"_links":{"self":[{"href":"https:\/\/israelmagazine.net\/index.php?rest_route=\/wp\/v2\/posts\/60931"}],"collection":[{"href":"https:\/\/israelmagazine.net\/index.php?rest_route=\/wp\/v2\/posts"}],"about":[{"href":"https:\/\/israelmagazine.net\/index.php?rest_route=\/wp\/v2\/types\/post"}],"author":[{"embeddable":true,"href":"https:\/\/israelmagazine.net\/index.php?rest_route=\/wp\/v2\/users\/4"}],"replies":[{"embeddable":true,"href":"https:\/\/israelmagazine.net\/index.php?rest_route=%2Fwp%2Fv2%2Fcomments&post=60931"}],"version-history":[{"count":0,"href":"https:\/\/israelmagazine.net\/index.php?rest_route=\/wp\/v2\/posts\/60931\/revisions"}],"wp:featuredmedia":[{"embeddable":true,"href":"https:\/\/israelmagazine.net\/index.php?rest_route=\/"}],"wp:attachment":[{"href":"https:\/\/israelmagazine.net\/index.php?rest_route=%2Fwp%2Fv2%2Fmedia&parent=60931"}],"wp:term":[{"taxonomy":"category","embeddable":true,"href":"https:\/\/israelmagazine.net\/index.php?rest_route=%2Fwp%2Fv2%2Fcategories&post=60931"},{"taxonomy":"post_tag","embeddable":true,"href":"https:\/\/israelmagazine.net\/index.php?rest_route=%2Fwp%2Fv2%2Ftags&post=60931"},{"taxonomy":"sujet","embeddable":true,"href":"https:\/\/israelmagazine.net\/index.php?rest_route=%2Fwp%2Fv2%2Fsujet&post=60931"}],"curies":[{"name":"wp","href":"https:\/\/api.w.org\/{rel}","templated":true}]}}