{"id":60952,"date":"2023-03-04T20:04:29","date_gmt":"2023-03-04T18:04:29","guid":{"rendered":"https:\/\/israelmagazine.net\/?p=60952"},"modified":"2023-03-04T20:04:29","modified_gmt":"2023-03-04T18:04:29","slug":"un-partenariat-maroc-u-e-israel","status":"publish","type":"post","link":"https:\/\/israelmagazine.net\/?p=60952","title":{"rendered":"Un partenariat Maroc-U.E- Isra\u00ebl\u00a0?"},"content":{"rendered":"<h1 style=\\\"font-weight: 400;\\\"><strong>Un partenariat Maroc-U.E- Isra\u00ebl\u00a0?<\/strong><\/h1>\n<p style=\\\"font-weight: 400;\\\"><strong>\u00a0<\/strong><\/p>\n<p style=\\\"font-weight: 400;\\\"><strong>Le Maroc et l\\&rsquo;Union europ\u00e9enne vont \u00e9tendre leur partenariat avec Isra\u00ebl<\/strong><\/p>\n<p style=\\\"font-weight: 400;\\\"><strong>Rabat et Bruxelles ont l\\&rsquo;intention d\\&rsquo;\u00e9largir leur partenariat et inclure Isra\u00ebl. C\u2019est ce qu\u2019ont annonc\u00e9, jeudi, le ministre marocain des Affaires \u00e9trang\u00e8res, Nasser Bourita, et le commissaire hongrois de l\\&rsquo;Union europ\u00e9enne pour la politique avec les pays voisins,\u00a0<\/strong><strong>Oliv\u00e9r V\u00e1rhelyi<\/strong><strong>, apr\u00e8s des entretiens \u00e0 Rabat.<\/strong><\/p>\n<p style=\\\"font-weight: 400;\\\"><strong>Burita a d\u00e9clar\u00e9\u00a0<\/strong><strong>qu\\&rsquo;il existe une \\\u00a0\u00bbcoop\u00e9ration r\u00e9gionale triangulaire qui s\\&rsquo;est ouverte entre le Maroc, la Commission et Isra\u00ebl dans des domaines d\\&rsquo;int\u00e9r\u00eat commun\\\u00a0\u00bb.<\/strong><\/p>\n<p>&nbsp;<\/p>\n<h2><strong>L\\&rsquo;int\u00e9r\u00eat de l\\&rsquo;Europe \u00e0 freiner l\\&rsquo;immigration clandestine<\/strong><\/h2>\n<p>&nbsp;<\/p>\n<p><strong>Il a ajout\u00e9 : \\\u00a0\u00bbNous avons pr\u00e9par\u00e9 un document que nous signerons avant la fin du mois pour confirmer cette dimension\u00a0<\/strong><em><strong>r\u00e9gionale tripartit<\/strong><\/em><strong>e dans nos relations\\\u00a0\u00bb.<\/strong><\/p>\n<p style=\\\"font-weight: 400;\\\"><strong>Pour sa part,\u00a0<\/strong><strong>V\u00e1rhelyi<\/strong><strong>, apres une visite officielle de deux jours au Maroc, a d\u00e9clar\u00e9 que \\\u00a0\u00bbla coop\u00e9ration tripartite entre le Maroc, Isra\u00ebl et l\\&rsquo;Union europ\u00e9enne permettra de faire face \u00e0 des d\u00e9fis majeurs, tels que\u00a0<em>la gestion de l\\&rsquo;eau, la recherche scientifique et la d\u00e9veloppement<\/em>.\\\u00a0\u00bb<\/strong><\/p>\n<p>&nbsp;<\/p>\n<h2><strong>Les Accords d\\&rsquo;Abraham rel\u00e8guent l\\&rsquo;Europe \u00e0 la tra\u00eene<\/strong><\/h2>\n<p>&nbsp;<\/p>\n<p><strong>Et il a estim\u00e9 que \\\u00a0\u00bbl\\&rsquo;Europe est encore un peu en retard\\\u00a0\u00bb par rapport aux accords d\\&rsquo;Abraham, qui ont normalis\u00e9 les relations des pays arabes avec Isra\u00ebl sous les auspices am\u00e9ricains.<\/strong><\/p>\n<p>&nbsp;<\/p>\n<p><strong>\\\u00a0\u00bbNous voulons participer \u00e0 cet engagement\\\u00a0\u00bb, a-t-il ajout\u00e9.<\/strong><\/p>\n<p>&nbsp;<\/p>\n<p><strong>La visite de\u00a0<\/strong><strong>V\u00e1rhelyi<\/strong><strong>\u00a0au Maroc s\\&rsquo;est termin\u00e9e par la signature de cinq accords de coop\u00e9ration d\\&rsquo;une valeur totale d\\&rsquo;environ 530 millions de dollars et ils ont fait r\u00e9f\u00e9rence \u00e0 un certain nombre de domaines, notamment la protection sociale, l\\&rsquo;agriculture, la gestion de l\\&rsquo;eau et la migration.<\/strong><\/p>\n<p>L<strong>e responsable europ\u00e9en a \u00e9galement annonc\u00e9 la \u00ab lev\u00e9e d\\&rsquo;investissements d\\&rsquo;environ 1,27 milliard de dollars \u00bb pour le Maroc.\u00a0<\/strong><\/p>\n<p><strong>Burita, pour sa part, a \u00e9voqu\u00e9 \\\u00a0\u00bb<em>le d\u00e9veloppement du partenariat dans les domaines de la s\u00e9curit\u00e9 et de l\\&rsquo;immigration<\/em>, \u00e0 partir de cette ann\u00e9e\\\u00a0\u00bb.<\/strong><\/p>\n<p>&nbsp;<\/p>\n<h2><strong>Les deux parties ont salu\u00e9 le niveau de leur partenariat strat\u00e9gique.<\/strong><\/h2>\n<p>&nbsp;<\/p>\n<p><strong>Rabat et Bruxelles sont li\u00e9es depuis 1996 dans un large accord de partenariat qui comprend principalement des liens \u00e9conomiques forts, notamment dans les domaines de l\\&rsquo;agriculture et de la p\u00eache maritime.<\/strong><\/p>\n<p>&nbsp;<\/p>\n<p><strong>Or, cette relation s\\&rsquo;est fragilis\u00e9e r\u00e9cemment au niveau du Parlement europ\u00e9en, qui a adopt\u00e9 le 19 janvier une recommandation non contraignante de la Commission, critiquant le d\u00e9clin de la libert\u00e9 d\\&rsquo;expression au Maroc.<\/strong><\/p>\n<p>&nbsp;<\/p>\n<p><strong>La recommandation parlementaire s\\&rsquo;est \u00e9galement inqui\u00e9t\u00e9e des \\\u00a0\u00bball\u00e9gations selon lesquelles les autorit\u00e9s marocaines auraient soudoy\u00e9 des parlementaires europ\u00e9ens\\\u00a0\u00bb.<\/strong><\/p>\n<p><strong>Rabat a fermement condamn\u00e9 cette recommandation, exprim\u00e9e notamment par le parlement marocain, qui a annonc\u00e9 son intention de \\\u00a0\u00bbreconsid\u00e9rer\\\u00a0\u00bb ses relations avec son homologue europ\u00e9en, tout en condamnant \\\u00a0\u00bbl\\&rsquo;ing\u00e9rence \u00e9trang\u00e8re\\\u00a0\u00bb et le \\\u00a0\u00bbchantage\\\u00a0\u00bb.<\/strong><\/p>\n<p><strong>\u00a0<\/strong><\/p>\n<p><strong>D\\&rsquo;autre part, les militants des droits de l\\&rsquo;homme au Maroc et \u00e0 l\\&rsquo;\u00e9tranger ont salu\u00e9 la recommandation.<\/strong><\/p>\n<p><strong>La suite de l\u2019article se trouve dans le prochain num\u00e9ro d\u2019Isra\u00ebl Magazine<\/strong><\/p>\n<p><strong>D\u00e9couvrez un exemplaire du magazine gratuitement et cliquez ensuite sur le rebord droit<\/strong><\/p>\n<p><a href=\\\"https:\/\/online.fliphtml5.com\/rjspi\/ypmm\/#p=1\\\"><strong>https:\/\/online.fliphtml5.com\/rjspi\/ypmm\/#p=1<\/strong><\/a><\/p>\n<p><strong>Votre magazine est livr\u00e9 chez vous en toute confidentialit\u00e9<br \/>\nS\u2019abonner au magazine par t\u00e9l\u00e9phone ou par whats app 00972 (0) 54 254 45 20 ou au 01 86 98 27 27<\/strong><\/p>\n<p><strong>Par email\u00a0\u00a0<\/strong><a href=\\\"mailto:Andredarmon21@gmail.com\\\"><strong>Andredarmon21@gmail.com<\/strong><\/a><strong>\u00a0 pay pal<\/strong><\/p>\n<p><strong>Ou directement sur le site<\/strong><\/p>\n<p><a href=\\\"https:\/\/israelmagazine.co.il\/sabonner-au-magazine\/\\\"><strong>https:\/\/israelmagazine.co.il\/sabonner-au-magazine\/<\/strong><\/a><\/p>\n<p><strong>Loi du Retour ou qui est Juif ?Ou encore S\u2019abonner au magazine livr\u00e9 chez vous en toute confidentialit\u00e9. Remplir le formulaire<\/strong><\/p>\n<p><a href=\\\"https:\/\/docs.google.com\/forms\/d\/e\/1FAIpQLSfPYJfb8KjEya-X17w0DGPAuBlCGvqVUdh_Is8EL810Lxw82A\/viewform?entry.1189475001=Recipient_Email\\\"><strong>https:\/\/docs.google.com\/forms\/d\/e\/1FAIpQLSfPYJfb8KjEya-X17w0DGPAuBlCGvqVUdh_Is8EL810Lxw82A\/viewform?entry.1189475001=Recipient_Email<\/strong><\/a><\/p>\n<p><strong><u>\u00a0<\/u><\/strong><\/p>\n","protected":false},"excerpt":{"rendered":"<p>Un partenariat Maroc-U.E- Isra\u00ebl\u00a0? \u00a0 Le Maroc et l\\&rsquo;Union europ\u00e9enne vont \u00e9tendre leur partenariat avec Isra\u00ebl Rabat et Bruxelles ont l\\&rsquo;intention d\\&rsquo;\u00e9largir leur partenariat et inclure Isra\u00ebl. C\u2019est ce qu\u2019ont annonc\u00e9, jeudi, le ministre marocain des Affaires \u00e9trang\u00e8res, Nasser Bourita, et le commissaire hongrois de l\\&rsquo;Union europ\u00e9enne pour la politique avec les pays voisins,\u00a0Oliv\u00e9r V\u00e1rhelyi, &hellip;<\/p>\n<p class=\"read-more\"> <a class=\"\" href=\"https:\/\/israelmagazine.net\/?p=60952\"> <span class=\"screen-reader-text\">Un partenariat Maroc-U.E- Isra\u00ebl\u00a0?<\/span> Lire la suite \u00bb<\/a><\/p>\n","protected":false},"author":4,"featured_media":60955,"comment_status":"open","ping_status":"open","sticky":false,"template":"","format":"standard","meta":{"site-sidebar-layout":"default","site-content-layout":"default","ast-global-header-display":"","ast-main-header-display":"","ast-hfb-above-header-display":"","ast-hfb-below-header-display":"","ast-hfb-mobile-header-display":"","site-post-title":"","ast-breadcrumbs-content":"","ast-featured-img":"","footer-sml-layout":"","theme-transparent-header-meta":"","adv-header-id-meta":"","stick-header-meta":"","header-above-stick-meta":"","header-main-stick-meta":"","header-below-stick-meta":""},"categories":[84,3160,3183,1612,1617,1671,3146,3163,3179,1614,1674,1191],"tags":[868,1037],"sujet":[],"_links":{"self":[{"href":"https:\/\/israelmagazine.net\/index.php?rest_route=\/wp\/v2\/posts\/60952"}],"collection":[{"href":"https:\/\/israelmagazine.net\/index.php?rest_route=\/wp\/v2\/posts"}],"about":[{"href":"https:\/\/israelmagazine.net\/index.php?rest_route=\/wp\/v2\/types\/post"}],"author":[{"embeddable":true,"href":"https:\/\/israelmagazine.net\/index.php?rest_route=\/wp\/v2\/users\/4"}],"replies":[{"embeddable":true,"href":"https:\/\/israelmagazine.net\/index.php?rest_route=%2Fwp%2Fv2%2Fcomments&post=60952"}],"version-history":[{"count":0,"href":"https:\/\/israelmagazine.net\/index.php?rest_route=\/wp\/v2\/posts\/60952\/revisions"}],"wp:featuredmedia":[{"embeddable":true,"href":"https:\/\/israelmagazine.net\/index.php?rest_route=\/"}],"wp:attachment":[{"href":"https:\/\/israelmagazine.net\/index.php?rest_route=%2Fwp%2Fv2%2Fmedia&parent=60952"}],"wp:term":[{"taxonomy":"category","embeddable":true,"href":"https:\/\/israelmagazine.net\/index.php?rest_route=%2Fwp%2Fv2%2Fcategories&post=60952"},{"taxonomy":"post_tag","embeddable":true,"href":"https:\/\/israelmagazine.net\/index.php?rest_route=%2Fwp%2Fv2%2Ftags&post=60952"},{"taxonomy":"sujet","embeddable":true,"href":"https:\/\/israelmagazine.net\/index.php?rest_route=%2Fwp%2Fv2%2Fsujet&post=60952"}],"curies":[{"name":"wp","href":"https:\/\/api.w.org\/{rel}","templated":true}]}}