{"id":60972,"date":"2023-03-06T10:36:08","date_gmt":"2023-03-06T08:36:08","guid":{"rendered":"https:\/\/israelmagazine.net\/?p=60972"},"modified":"2023-03-06T10:36:08","modified_gmt":"2023-03-06T08:36:08","slug":"pas-davancee-vers-un-compromis-durant-pourim","status":"publish","type":"post","link":"https:\/\/israelmagazine.net\/?p=60972","title":{"rendered":"Pas d\\&rsquo;avanc\u00e9e vers un compromis durant Pourim\u00a0"},"content":{"rendered":"<p dir=\\\"ltr\\\"><span style=\\\"font-size: xx-large;\\\">Pas d\\&rsquo;avanc\u00e9e vers un compromis durant Pourim\u00a0<\/span><\/p>\n<h2 dir=\\\"ltr\\\"><span style=\\\"font-size: large;\\\">Voici les textes de lois qui seront discut\u00e9s cette semaine\u00a0<\/span><\/h2>\n<p dir=\\\"ltr\\\">La semaine \u00e0 venir est cruciale pour les efforts de n\u00e9gociation, mais des sources proches des pourparlers men\u00e9s par le pr\u00e9sident ont d\u00e9clar\u00e9 qu\\&rsquo;\\\u00a0\u00bbil n\\&rsquo;y a pas d\\&rsquo;accords et qu\\&rsquo;il n\\&rsquo;y a aucune volont\u00e9 de compromis. Levin et Rothman restent fermes sur leurs positions et l\\&rsquo;opposition veut absolument un gel du processus l\u00e9gislatif.<\/p>\n<h2 dir=\\\"ltr\\\"><span style=\\\"font-size: large;\\\">Une semaine critique dans les efforts pour parvenir \u00e0 un compromis concernant la r\u00e9volution juridique<\/span><\/h2>\n<p dir=\\\"ltr\\\">Des sources proches des n\u00e9gociations parrain\u00e9es par le pr\u00e9sident ont d\u00e9clar\u00e9 que la semaine \u00e0 venir, celle de Pourim, sera particuli\u00e8rement significative&#8230;\u00a0D\\&rsquo;autant que la session pl\u00e9ni\u00e8re sera ferm\u00e9e plusieurs jours.<\/p>\n<p dir=\\\"ltr\\\">Cependant, selon eux, entre-temps, \\\u00a0\u00bb Des r\u00e9unions ont lieu, mais pour l\\&rsquo;instant, il n\\&rsquo;y a pas de volont\u00e9 de compromis. Levin et Rothman sont retranch\u00e9s sur leurs positions et, l\\&rsquo;opposition fait campagne pour le gel. Il y a une proposition du pr\u00e9sident, mais les politiciens refusent de faire des compromis<\/p>\n<p dir=\\\"ltr\\\">Ces derni\u00e8res semaines, le pr\u00e9sident Yitzhak Herzog a travaill\u00e9 en coulisses pour tenter de forger un compromis autour de la r\u00e9volution . Herzog a m\u00eame rencontr\u00e9 des repr\u00e9sentants d\\&rsquo;instituts de recherche et des avocats traitant de la question. Lors de cette discussion, ont particip\u00e9 l\\&rsquo;Israel Democracy Institute, le Purpose Institute, l\\&rsquo;Ecclesiastical Forum, le Jewish People\\&rsquo;s Policy Institute, l\\&rsquo;Institut Rubinstein pour les crises constitutionnelles et le Forum des professeurs de droit.<\/p>\n<h2 dir=\\\"ltr\\\">Les grands sujets \u00e0 examen<\/h2>\n<p dir=\\\"ltr\\\">Ce matin, la Commission de la Constitution se r\u00e9unira pour proc\u00e9der \u00e0 un nouveau vote sur la r\u00e9forme judiciaire (r\u00e9vision judiciaire des lois ordinaires) et la clause de destitution du Premier ministre.<\/p>\n<p dir=\\\"ltr\\\">Le pr\u00e9sident de la commission Simcha Rothman a report\u00e9 le vote, qui devait avoir lieu mercredi, \u00e0 la fin de la semaine. Le comit\u00e9, dirig\u00e9 par l\\&rsquo;avocat le Dr Gore Blay, a donn\u00e9 son avis juridique aux membres de la Knesset, sur une cartographie des sections des lois fondamentales qui ne sont pas bloqu\u00e9es. Il est \u00e9crit, entre autres, qu\\&rsquo;il y a une crainte que des droits tels que la libert\u00e9 d\\&rsquo;expression, le droit \u00e0 un proc\u00e8s \u00e9quitable, le droit \u00e0 l\\&rsquo;\u00e9galit\u00e9, la libert\u00e9 de mouvement et d\\&rsquo;autres droits d\u00e9coulant de la Loi fondamentale sur la dignit\u00e9 et la libert\u00e9 humaines pourraient \u00eatre l\u00e9s\u00e9s. Mais il est indiqu\u00e9 que c\\&rsquo;est sujet \u00e0 examen quant \u00e0 ce qui \u00ab contredit clairement \u00bb la loi ou pas.<\/p>\n<h2 dir=\\\"ltr\\\">Les gardes de s\u00e9curit\u00e9 traquent les armes, les Rabbins le Hamets<\/h2>\n<p dir=\\\"ltr\\\">La loi du Hamets dans les h\u00f4pitaux est soumise au vote du pl\u00e9num de la Knesset aujourd\\&rsquo;hui en premi\u00e8re lecture. La coalition progresse rapidement afin de compl\u00e9ter la l\u00e9gislation avant la prochaine P\u00e2que.<\/p>\n<p dir=\\\"ltr\\\">Selon le projet de loi du Shas et du juda\u00efsme de la Torah, le directeur de l\\&rsquo;h\u00f4pital pourra d\u00e9terminer s\\&rsquo;il autorise l\\&rsquo;introduction du hamets \u00e0 Pessa\\&rsquo;h et d\u00e9cider de dispositions sp\u00e9ciales pour garder l\u2019endroit casher pendant la f\u00eate.<\/p>\n<p dir=\\\"ltr\\\">Aucun agent de s\u00e9curit\u00e9 ne v\u00e9rifiera s\\&rsquo;il y a du hamets dans les sacs des visiteurs de l\\&rsquo;h\u00f4pital. \\\u00a0\u00bbLeur travail consiste \u00e0 rechercher des charges explosives et des armes, pas des sandwichs\\\u00a0\u00bb, a d\u00e9clar\u00e9 le pr\u00e9sident du si\u00e8ge des travailleurs de l\\&rsquo;entrepreneur, Alex Tanzer..<\/p>\n<p dir=\\\"ltr\\\">Selon lui, \\\u00a0\u00bbdes agents de s\u00e9curit\u00e9 sont pay\u00e9s pour v\u00e9rifier qu\\&rsquo;un couteau ou une arme \u00e0 feu ne sont pas introduits dans l\\&rsquo;h\u00f4pital. Si vous voulez faire respecter la loi, prenez l\\&rsquo;initiative maintenant de ne pas apporter de hamets dans les h\u00f4pitaux. Les rabbins v\u00e9rifieront \u00e0 l\\&rsquo;entr\u00e9e qu\\&rsquo;aucun hamets ne sera introduit dans les h\u00f4pitaux \u00e0 Pessa\\&rsquo;h. Les gardes de s\u00e9curit\u00e9 ne feront que maintenir la\u00a0 s\u00e9curit\u00e9.\u00a0\u00a0s\\&rsquo;ils recherchaient du hamets, d\\&rsquo;\u00e9normes files d\\&rsquo;attente se formeront \u00e0 l\\&rsquo;entr\u00e9e des h\u00f4pitaux.<\/p>\n<h2 dir=\\\"ltr\\\">Dons de citoyens en cas de proc\u00e9dure judiciaire<\/h2>\n<p dir=\\\"ltr\\\">Parall\u00e8lement, la coalition fera avancer cette semaine la proposition du d\u00e9put\u00e9 Amit Halevi d\\&rsquo;une loi sur les donations qui permettra aux \u00e9lus et \u00e0 leurs familles de recevoir des dons des citoyens pour financer des proc\u00e9dures judiciaires. En dehors de cela, les discussions se poursuivront vers la premi\u00e8re lecture dans les commissions sp\u00e9ciales concernant la loi Deri 2, qui emp\u00eachera la Cour supr\u00eame d\\&rsquo;exprimer des critiques judiciaires sur la nomination des ministres, et la loi sur la destitution, qui emp\u00eachera la Cour supr\u00eame de traiter la question de la destitution du Premier ministre.<\/p>\n<h2 dir=\\\"ltr\\\">Seul le peuple peut destituer un Premier ministre<\/h2>\n<p dir=\\\"ltr\\\">Selon le projet de loi du pr\u00e9sident de la coalition, le d\u00e9put\u00e9 Ofir Katz, la Cour supr\u00eame ne pourra traiter les demandes de d\u00e9claration de destitution du Premier ministre<\/p>\n<p dir=\\\"ltr\\\">La d\u00e9claration d\\&rsquo;impuissance et de destitution du Premier ministre ne sera possible qu\\&rsquo;en cas d\\&rsquo;incapacit\u00e9 physique ou mentale du Premier ministre \u00e0 remplir ses fonctions<\/p>\n<p dir=\\\"ltr\\\">De plus, seule la Knesset peut prononcer la destitution du Premier ministre, et ce, avec une majorit\u00e9 de 90 membres de la Knesset<\/p>\n<p dir=\\\"ltr\\\">Le conseiller juridique de la Knesset a \u00e9crit qu\\&rsquo;il estimait que la question de la destitution du Premier ministre devait \u00eatre r\u00e9gl\u00e9e. Mais, il a soulev\u00e9 le probl\u00e8me de la formulation, qui emp\u00eache tout contr\u00f4le judiciaire sur la question.<\/p>\n<p dir=\\\"ltr\\\">Dans le document envoy\u00e9 aux membres de la Knesset, il est indiqu\u00e9 que :<\/p>\n<p dir=\\\"ltr\\\">\u00a0\\\u00a0\u00bb<i>La proposition vise \u00e0 supprimer la possibilit\u00e9 d\\&rsquo;un contr\u00f4le juridictionnel d\\&rsquo;une demande de d\u00e9claration de destitution du Premier ministre, au motif que \\&rsquo;la destitution d\\&rsquo;un dirigeant sera d\u00e9termin\u00e9e par les seuls repr\u00e9sentants du peuple<\/i>.\\\u00a0\u00bb<\/p>\n<p dir=\\\"ltr\\\">Ils ont \u00e9galement propos\u00e9 d\\&rsquo;examiner s\\&rsquo;il existe d\\&rsquo;autres situations non m\u00e9dicales, dans lesquelles l\\&rsquo;impuissance d\\&rsquo;un Premier ministre pourrait \u00eatre consid\u00e9r\u00e9e comme une r\u00e9alit\u00e9.<\/p>\n<p dir=\\\"ltr\\\">\n<p><strong>La suite de l\u2019article se trouve dans le prochain num\u00e9ro d\u2019Isra\u00ebl Magazine<\/strong><\/p>\n<p><strong>D\u00e9couvrez un exemplaire du magazine gratuitement et cliquez ensuite sur le rebord droit<\/strong><\/p>\n<p><a href=\\\"https:\/\/online.fliphtml5.com\/rjspi\/ypmm\/#p=1\\\"><strong>https:\/\/online.fliphtml5.com\/rjspi\/ypmm\/#p=1<\/strong><\/a><\/p>\n<p><strong>Votre magazine est livr\u00e9 chez vous en toute confidentialit\u00e9<br \/>\nS\u2019abonner au magazine par t\u00e9l\u00e9phone ou par whats app 00972 (0) 54 254 45 20 ou au 01 86 98 27 27<\/strong><\/p>\n<p><strong>Par email\u00a0\u00a0<\/strong><a href=\\\"mailto:Andredarmon21@gmail.com\\\"><strong>Andredarmon21@gmail.com<\/strong><\/a><strong>\u00a0 pay pal<\/strong><\/p>\n<p><strong>Ou directement sur le site<\/strong><\/p>\n<p><a href=\\\"https:\/\/israelmagazine.co.il\/sabonner-au-magazine\/\\\"><strong>https:\/\/israelmagazine.co.il\/sabonner-au-magazine\/<\/strong><\/a><\/p>\n<p><strong>Loi du Retour ou qui est Juif ?Ou encore S\u2019abonner au magazine livr\u00e9 chez vous en toute confidentialit\u00e9. Remplir le formulaire<\/strong><\/p>\n<p><a href=\\\"https:\/\/docs.google.com\/forms\/d\/e\/1FAIpQLSfPYJfb8KjEya-X17w0DGPAuBlCGvqVUdh_Is8EL810Lxw82A\/viewform?entry.1189475001=Recipient_Email\\\"><strong>https:\/\/docs.google.com\/forms\/d\/e\/1FAIpQLSfPYJfb8KjEya-X17w0DGPAuBlCGvqVUdh_Is8EL810Lxw82A\/viewform?entry.1189475001=Recipient_Email<\/strong><\/a><\/p>\n","protected":false},"excerpt":{"rendered":"<p>Pas d\\&rsquo;avanc\u00e9e vers un compromis durant Pourim\u00a0 Voici les textes de lois qui seront discut\u00e9s cette semaine\u00a0 La semaine \u00e0 venir est cruciale pour les efforts de n\u00e9gociation, mais des sources proches des pourparlers men\u00e9s par le pr\u00e9sident ont d\u00e9clar\u00e9 qu\\&rsquo;\\\u00a0\u00bbil n\\&rsquo;y a pas d\\&rsquo;accords et qu\\&rsquo;il n\\&rsquo;y a aucune volont\u00e9 de compromis. Levin et &hellip;<\/p>\n<p class=\"read-more\"> <a class=\"\" href=\"https:\/\/israelmagazine.net\/?p=60972\"> <span class=\"screen-reader-text\">Pas d\\&rsquo;avanc\u00e9e vers un compromis durant Pourim\u00a0<\/span> Lire la suite \u00bb<\/a><\/p>\n","protected":false},"author":4,"featured_media":60975,"comment_status":"open","ping_status":"open","sticky":false,"template":"","format":"standard","meta":{"site-sidebar-layout":"default","site-content-layout":"default","ast-global-header-display":"","ast-main-header-display":"","ast-hfb-above-header-display":"","ast-hfb-below-header-display":"","ast-hfb-mobile-header-display":"","site-post-title":"","ast-breadcrumbs-content":"","ast-featured-img":"","footer-sml-layout":"","theme-transparent-header-meta":"","adv-header-id-meta":"","stick-header-meta":"","header-above-stick-meta":"","header-main-stick-meta":"","header-below-stick-meta":""},"categories":[84,1621,3191],"tags":[1739,1474,1628,1969,1989,1761],"sujet":[],"_links":{"self":[{"href":"https:\/\/israelmagazine.net\/index.php?rest_route=\/wp\/v2\/posts\/60972"}],"collection":[{"href":"https:\/\/israelmagazine.net\/index.php?rest_route=\/wp\/v2\/posts"}],"about":[{"href":"https:\/\/israelmagazine.net\/index.php?rest_route=\/wp\/v2\/types\/post"}],"author":[{"embeddable":true,"href":"https:\/\/israelmagazine.net\/index.php?rest_route=\/wp\/v2\/users\/4"}],"replies":[{"embeddable":true,"href":"https:\/\/israelmagazine.net\/index.php?rest_route=%2Fwp%2Fv2%2Fcomments&post=60972"}],"version-history":[{"count":0,"href":"https:\/\/israelmagazine.net\/index.php?rest_route=\/wp\/v2\/posts\/60972\/revisions"}],"wp:featuredmedia":[{"embeddable":true,"href":"https:\/\/israelmagazine.net\/index.php?rest_route=\/"}],"wp:attachment":[{"href":"https:\/\/israelmagazine.net\/index.php?rest_route=%2Fwp%2Fv2%2Fmedia&parent=60972"}],"wp:term":[{"taxonomy":"category","embeddable":true,"href":"https:\/\/israelmagazine.net\/index.php?rest_route=%2Fwp%2Fv2%2Fcategories&post=60972"},{"taxonomy":"post_tag","embeddable":true,"href":"https:\/\/israelmagazine.net\/index.php?rest_route=%2Fwp%2Fv2%2Ftags&post=60972"},{"taxonomy":"sujet","embeddable":true,"href":"https:\/\/israelmagazine.net\/index.php?rest_route=%2Fwp%2Fv2%2Fsujet&post=60972"}],"curies":[{"name":"wp","href":"https:\/\/api.w.org\/{rel}","templated":true}]}}