{"id":60983,"date":"2023-03-07T09:05:04","date_gmt":"2023-03-07T07:05:04","guid":{"rendered":"https:\/\/israelmagazine.net\/?p=60983"},"modified":"2023-03-07T09:05:04","modified_gmt":"2023-03-07T07:05:04","slug":"netanyahou-le-refus-des-reservistes-de-servir-menace-notre-existence","status":"publish","type":"post","link":"https:\/\/israelmagazine.net\/?p=60983","title":{"rendered":"Netanyahou : Le refus des r\u00e9servistes\u00a0de servir\u00a0menace notre existence"},"content":{"rendered":"<div class=\\\"adn ads\\\" data-message-id=\\\"#msg-f:1759690271704654806\\\" data-legacy-message-id=\\\"186bacfa97aaa3d6\\\">\n<div class=\\\"gs\\\">\n<div class=\\\"\\\">\n<div id=\\\":oa\\\" class=\\\"ii gt\\\">\n<div id=\\\":o9\\\" class=\\\"a3s aiL \\\">\n<div dir=\\\"ltr\\\">\n<div class=\\\"gmail_quote\\\">\n<div dir=\\\"ltr\\\">\n<h1><span style=\\\"font-size: xx-large;\\\">Netanyahou : Le refus des r\u00e9servistes\u00a0<\/span>de servir\u00a0menace notre existence<\/h1>\n<h2><span style=\\\"font-size: large;\\\">Des objecteurs de conscience sans conscience<\/span><span style=\\\"font-size: xx-large;\\\">.<\/span><\/h2>\n<p>Avec Ben Gvir \u00e0 ses c\u00f4t\u00e9s, le Premier ministre a \u00e9voqu\u00e9 les d\u00e9clarations des r\u00e9servistes selon lesquelles ils ne seraient pas mobilis\u00e9s si la r\u00e9forme judiciaire aboutissait : \u00ab Les graines qui sont sem\u00e9es ici peuvent faire pousser des cultures sauvages. \u00bb Gantz a r\u00e9pondu : \u00ab Le refus est d\\&rsquo;abord de votre fait, c\\&rsquo;est votre camp qui refuse d\\&rsquo;arr\u00eater le processus l\u00e9gislatif.\\\u00a0\u00bb<\/p>\n<p>37 pilotes r\u00e9servistes ont annonc\u00e9 qu\\&rsquo;ils ne participeraient pas \u00e0 l\\&rsquo;entra\u00eenement de la r\u00e9serve et plus de 200 m\u00e9decins ont pr\u00e9venu que si la \\\u00a0\u00bbreforme\\\u00a0\u00bb \u00e9tait adopt\u00e9e, ils ne s\\&rsquo;enr\u00f4leraient plus dans la r\u00e9serve. Les officiers de r\u00e9serve de l\\&rsquo;unit\u00e9 des\u00a0<b><i>op\u00e9rations sp\u00e9ciales<\/i><\/b>\u00a0ont d\u00e9clar\u00e9 que \\\u00a0\u00bbnous ne nous porterons pas volontaires pour servir une dictature\\\u00a0\u00bb. Ces d\u00e9clarations r\u00e9p\u00e9t\u00e9es, cons\u00e9cutives \u00e0 la promotion de la r\u00e9forme judiciaire, ont conduit le Premier ministre \u00e0 prononcer un long discours consacr\u00e9 aux\u00a0<b><i>pseudo-objecteurs de conscience.<\/i><\/b><\/p>\n<h2>Une menace int\u00e9rieure existentielle<\/h2>\n<p>\u00ab L\u2019objection de conscience menace nos fondations existentielles \u00bb, a d\u00e9clar\u00e9 Netanyahou lors d\\&rsquo;un \u00e9v\u00e9nement de lecture de parchemins de la Megilah d\u2019Esther avec des combattants du Magav \u00e0 la synagogue de Beit Horon. Il \u00e9tait accompagn\u00e9 du ministre de la S\u00e9curit\u00e9 nationale Itamar Ben Gvir et du pr\u00e9sident de la Knesset Amir Ohana.\u00a0Selon Netanyahou, \u00ab Lorsque nous nous battons sur le champ de bataille et que nous\u00a0 n\\&rsquo;examinons pas nos opinions politiques. Quelles que soient les diff\u00e9rences, nous sommes toujours unis contre ceux qui cherchent \u00e0 nous d\u00e9truire. Le refus de servir menace ce fondement existentiel de la nation, et par cons\u00e9quent, il n\\&rsquo;a pas sa place dans nos rangs. \u00bb<\/p>\n<h2>Tsahal fond\u00e9e pour mettre un terme aux clivages (Irgoun-Haganah) avant l\\&rsquo;Ind\u00e9pendance<\/h2>\n<p>\\\u00a0\u00bbNous n\\&rsquo;avons jamais laiss\u00e9 place aux refus, en aucune circonstance et nulle part. Ni dans les rangs de la conscription ni dans les r\u00e9serves\\\u00a0\u00bb, a d\u00e9clar\u00e9 Netanyahou. \\\u00a0\u00bbIl y a place pour la protestation, mais il n\\&rsquo;y a pas de place pour le refus de servir l\u2019arm\u00e9e. Car d\u00e8s qu\\&rsquo;on lui donne une l\u00e9gitimit\u00e9, le fl\u00e9au du refus va se r\u00e9pandre et devenir un syst\u00e8me. Quiconque n\\&rsquo;aime pas la d\u00e9cision d\u00e9mocratique que nous prendrons &#8211; se rendra justice \u00e0 lui-m\u00eame. Nous surmonterons le refus, mais les graines qui sont sem\u00e9es ici peuvent\u00a0<b><i>faire pousser des cultures sauvages<\/i><\/b>\\\u00a0\u00bb.<\/p>\n<p>Ben Gvir a d\u00e9clar\u00e9 aux combattants que \\\u00a0\u00bbnotre combat contre les ennemis doit \u00eatre un combat d\u00e9termin\u00e9 que m\u00e8ne le Premier ministre, un combat sans compromis\\\u00a0\u00bb. Au pr\u00e9sident de Yesh Atid et au pr\u00e9sident du camp national pour l\\&rsquo;\u00c9tat Benny Gantz, qui ont conjointement annonc\u00e9 cet apr\u00e8s-midi qu\\&rsquo;\\\u00a0\u00bbun dialogue honn\u00eate n\\&rsquo;est possible\u00a0<b><i>qu\\&rsquo;apr\u00e8s l\\&rsquo;arr\u00eat de la l\u00e9gislation<\/i><\/b>\\\u00a0\u00bb, Ben Gvir a d\u00e9clar\u00e9 : \\\u00a0\u00bbJ\\&rsquo;appelle d\\&rsquo;ici, Lapid et Gantz &#8211; montrez votre sens des responsabilit\u00e9s. Choisissez de vous tourner vers un mouvement d\\&rsquo;unit\u00e9. Vous avez le droit de crier et de manifester, mais il ne doit pas y avoir d\\&rsquo;anarchie, il ne doit pas y avoir d\\&rsquo;incitation.<\/p>\n<h2>Condamner les menaces de lynchage<\/h2>\n<p>\\\u00a0\u00bbIl est interdit d\u2019agresser l\\&rsquo;\u00e9pouse du Premier ministre\\\u00a0\u00bb, a d\u00e9clar\u00e9 Ben Gvir- et il s\\&rsquo;est adress\u00e9 aux manifestants qui se pr\u00e9paraient pour le jour qu\\&rsquo;ils ont qualifi\u00e9 de \\\u00a0\u00bbJour de la R\u00e9sistance\\\u00a0\u00bb : \\\u00a0\u00bbNous nous\u00a0<b><i>battrons pour votre droit de manifester, mais nous ne permettrons ni l\\&rsquo;incitation, ni la s\u00e9dition<\/i><\/b>, ni les atteintes \u00e0 l\\&rsquo;\u00c9tat d\\&rsquo;Isra\u00ebl\\\u00a0\u00bb.<\/p>\n<h2>La berg\u00e8re au berger : certains partis au pouvoir refusent la conscription<\/h2>\n<p>Yair Lapid (sans rire) a r\u00e9pondu \u00e0 Netanyahou sur Twitter : \\\u00a0\u00bbCelui qui est responsable du chaos et du profond clivage entre la soci\u00e9t\u00e9 isra\u00e9lienne et Tsahal, c\u2019est le gouvernement le plus destructeur de l\\&rsquo;histoire du pays. Netanyahou, dans votre gouvernement, il y a deux partis dont la plate-forme est fond\u00e9e sur le refus (de la conscription), pourquoi ne dites-vous pas un mot \u00e0 leur sujet ?<\/p>\n<p>Benny Gantz a comment\u00e9 en disant que \\\u00a0\u00bbceux qui veulent sortir la politique de l\\&rsquo;arm\u00e9e &#8211; ne font pas de politique dans l\\&rsquo;arm\u00e9e.\\\u00a0\u00bb Selon lui, \\\u00a0\u00bble refus est avant tout le v\u00f4tre, Netanyahou, c\\&rsquo;est vous qui refusez d\\&rsquo;arr\u00eater le processus judiciaire et d\\&rsquo;entamer des n\u00e9gociations.\\\u00a0\u00bb<\/p>\n<\/div>\n<div class=\\\"yj6qo\\\"><\/div>\n<div class=\\\"adL\\\">\n<p><strong>La suite de l\u2019article se trouve dans le prochain num\u00e9ro d\u2019Isra\u00ebl Magazine<\/strong><\/p>\n<p><strong>D\u00e9couvrez un exemplaire du magazine gratuitement et cliquez ensuite sur le rebord droit<\/strong><\/p>\n<p><a href=\\\"https:\/\/online.fliphtml5.com\/rjspi\/ypmm\/#p=1\\\"><strong>https:\/\/online.fliphtml5.com\/rjspi\/ypmm\/#p=1<\/strong><\/a><\/p>\n<p><strong>Votre magazine est livr\u00e9 chez vous en toute confidentialit\u00e9<br \/>\nS\u2019abonner au magazine par t\u00e9l\u00e9phone ou par whats app 00972 (0) 54 254 45 20 ou au 01 86 98 27 27<\/strong><\/p>\n<p><strong>Par email\u00a0\u00a0<\/strong><a href=\\\"mailto:Andredarmon21@gmail.com\\\"><strong>Andredarmon21@gmail.com<\/strong><\/a><strong>\u00a0 pay pal<\/strong><\/p>\n<p><strong>Ou directement sur le site<\/strong><\/p>\n<p><a href=\\\"https:\/\/israelmagazine.co.il\/sabonner-au-magazine\/\\\"><strong>https:\/\/israelmagazine.co.il\/sabonner-au-magazine\/<\/strong><\/a><\/p>\n<p><strong>Loi du Retour ou qui est Juif ?Ou encore S\u2019abonner au magazine livr\u00e9 chez vous en toute confidentialit\u00e9. Remplir le formulaire<\/strong><\/p>\n<p><a href=\\\"https:\/\/docs.google.com\/forms\/d\/e\/1FAIpQLSfPYJfb8KjEya-X17w0DGPAuBlCGvqVUdh_Is8EL810Lxw82A\/viewform?entry.1189475001=Recipient_Email\\\"><strong>https:\/\/docs.google.com\/forms\/d\/e\/1FAIpQLSfPYJfb8KjEya-X17w0DGPAuBlCGvqVUdh_Is8EL810Lxw82A\/viewform?entry.1189475001=Recipient_Email<\/strong><\/a><\/p>\n<p><strong><u>\u00a0<\/u><\/strong><\/p>\n<\/div>\n<\/div>\n<\/div>\n<div class=\\\"adL\\\"><\/div>\n<\/div>\n<\/div>\n<div class=\\\"hi\\\"><\/div>\n<\/div>\n<\/div>\n<div class=\\\"ajx\\\"><\/div>\n<\/div>\n<div class=\\\"gA gt acV\\\">\n<div class=\\\"gB xu\\\">\n<div class=\\\"ip iq\\\"><\/div>\n<\/div>\n<\/div>\n","protected":false},"excerpt":{"rendered":"<p>Netanyahou : Le refus des r\u00e9servistes\u00a0de servir\u00a0menace notre existence Des objecteurs de conscience sans conscience. Avec Ben Gvir \u00e0 ses c\u00f4t\u00e9s, le Premier ministre a \u00e9voqu\u00e9 les d\u00e9clarations des r\u00e9servistes selon lesquelles ils ne seraient pas mobilis\u00e9s si la r\u00e9forme judiciaire aboutissait : \u00ab Les graines qui sont sem\u00e9es ici peuvent faire pousser des cultures &hellip;<\/p>\n<p class=\"read-more\"> <a class=\"\" href=\"https:\/\/israelmagazine.net\/?p=60983\"> <span class=\"screen-reader-text\">Netanyahou : Le refus des r\u00e9servistes\u00a0de servir\u00a0menace notre existence<\/span> Lire la suite \u00bb<\/a><\/p>\n","protected":false},"author":4,"featured_media":60984,"comment_status":"open","ping_status":"open","sticky":false,"template":"","format":"standard","meta":{"site-sidebar-layout":"default","site-content-layout":"default","ast-global-header-display":"","ast-main-header-display":"","ast-hfb-above-header-display":"","ast-hfb-below-header-display":"","ast-hfb-mobile-header-display":"","site-post-title":"","ast-breadcrumbs-content":"","ast-featured-img":"","footer-sml-layout":"","theme-transparent-header-meta":"","adv-header-id-meta":"","stick-header-meta":"","header-above-stick-meta":"","header-main-stick-meta":"","header-below-stick-meta":""},"categories":[84,1621,814,1612,1617,1674,1191,3191,1624,1616],"tags":[1739,1628,1105,1964,742],"sujet":[],"_links":{"self":[{"href":"https:\/\/israelmagazine.net\/index.php?rest_route=\/wp\/v2\/posts\/60983"}],"collection":[{"href":"https:\/\/israelmagazine.net\/index.php?rest_route=\/wp\/v2\/posts"}],"about":[{"href":"https:\/\/israelmagazine.net\/index.php?rest_route=\/wp\/v2\/types\/post"}],"author":[{"embeddable":true,"href":"https:\/\/israelmagazine.net\/index.php?rest_route=\/wp\/v2\/users\/4"}],"replies":[{"embeddable":true,"href":"https:\/\/israelmagazine.net\/index.php?rest_route=%2Fwp%2Fv2%2Fcomments&post=60983"}],"version-history":[{"count":0,"href":"https:\/\/israelmagazine.net\/index.php?rest_route=\/wp\/v2\/posts\/60983\/revisions"}],"wp:featuredmedia":[{"embeddable":true,"href":"https:\/\/israelmagazine.net\/index.php?rest_route=\/"}],"wp:attachment":[{"href":"https:\/\/israelmagazine.net\/index.php?rest_route=%2Fwp%2Fv2%2Fmedia&parent=60983"}],"wp:term":[{"taxonomy":"category","embeddable":true,"href":"https:\/\/israelmagazine.net\/index.php?rest_route=%2Fwp%2Fv2%2Fcategories&post=60983"},{"taxonomy":"post_tag","embeddable":true,"href":"https:\/\/israelmagazine.net\/index.php?rest_route=%2Fwp%2Fv2%2Ftags&post=60983"},{"taxonomy":"sujet","embeddable":true,"href":"https:\/\/israelmagazine.net\/index.php?rest_route=%2Fwp%2Fv2%2Fsujet&post=60983"}],"curies":[{"name":"wp","href":"https:\/\/api.w.org\/{rel}","templated":true}]}}