{"id":60996,"date":"2023-03-07T13:17:28","date_gmt":"2023-03-07T11:17:28","guid":{"rendered":"https:\/\/israelmagazine.net\/?p=60996"},"modified":"2023-03-07T13:17:28","modified_gmt":"2023-03-07T11:17:28","slug":"de-rabbi-chlomo-ben-itzhak-hatzarfati-a-rabbi-yehouda-ashkenazi-hatzarfati","status":"publish","type":"post","link":"https:\/\/israelmagazine.net\/?p=60996","title":{"rendered":"De Rabbi Chlomo ben Itzhak HaTzarfati \u00e0 Rabbi Y\u00e9houda Ashkenazi HaTzarfati\u2026"},"content":{"rendered":"<h2><img class=\\\"alignnone size-medium wp-image-61001\\\" src=\\\"https:\/\/israelmagazine.co.il\/wp-content\/uploads\/2023\/03\/Mon-projet-2023-03-07T131907.717-300x157.jpg\\\" alt=\\\"\\\" width=\\\"300\\\" height=\\\"157\\\" \/><\/h2>\n<p>&nbsp;<\/p>\n<h1 style=\\\"font-weight: 400;\\\"><strong>De Rabbi Chlomo ben Itzhak HaTzarfati \u00e0 Rabbi Y\u00e9houda Ashkenazi HaTzarfati\u2026<\/strong><\/h1>\n<h2 style=\\\"font-weight: 400;\\\"><strong>\u2018Manitou la parole retrouv\u00e9e\u2019<\/strong><\/h2>\n<h2 style=\\\"font-weight: 400;\\\"><strong>\u00a0Documentaire de Michael Grynszpan<\/strong><\/h2>\n<h3 style=\\\"font-weight: 400;\\\"><strong>Par Serge Siksik<\/strong><\/h3>\n<p style=\\\"font-weight: 400;\\\"><strong>Nous avons \u00e9t\u00e9 nombreux \u00e0 nous pr\u00e9cipiter \u00e0 l\u2019avant-premi\u00e8re le 1<sup>er<\/sup>\u00a0mars du film r\u00e9alis\u00e9 par Michael Grynszpan,<\/strong>\u00a0\u2018<strong>Manitou la parole retrouv\u00e9e\u2019.<\/strong>\u00a0<strong>\u00a0Le centre Menahem Begin \u00e9tait l\u2019endroit ad\u00e9quat pour c\u00e9l\u00e9brer Manitou. Il y avait dans le public un parfum de bien-\u00eatre \u00e0 l\u2019id\u00e9e de passer un moment avec le ma\u00eetre et certains de ses \u00e9l\u00e8ves.\u00a0 Ce furent 1h30 de projection qui fil\u00e8rent rapidement tant<\/strong>\u00a0<strong>\u00e9taient pr\u00e9gnants le rythme et le relief de ce film. Une musique choisie, d\u00e9licate ajoutera un fr\u00e9missement suppl\u00e9mentaire.<\/strong><\/p>\n<h2>Donner \u00e0 entendre la parole de Manitou<\/h2>\n<p style=\\\"font-weight: 400;\\\">Michael Grynszpan d\u00e9couvrit tr\u00e8s t\u00f4t Manitou et put assister \u00e0 quelques-uns des derniers enseignements du Ma\u00eetre. Michael, \u00e0 travers ce documentaire au cadrage intime et profond, a voulu exposer la pens\u00e9e de Manitou pour ceux qui ne le connaissent pas ou peu. Le film est ainsi sous-titr\u00e9 en h\u00e9breu afin que les jeunes Isra\u00e9liens d\u00e9couvrent un penseur essentiel.<\/p>\n<h2>Une compr\u00e9hension en 4 dimensions<\/h2>\n<p style=\\\"font-weight: 400;\\\">Rashi fut une figure majeure de l\u2019ex\u00e9g\u00e8se biblique et eut pour successeurs les Tossafistes, dont certains \u00e9taient ses propres descendants. Des si\u00e8cles plus tard, le Rav L\u00e9on Yehouda Ashkenazi, MANITOU, mettra \u00e0 son tour en lumi\u00e8re la lecture du patrimoine juif sous des angles inattendus et modernes, sans pour autant la d\u00e9naturer. Pr\u00e9cieux compagnon de route et facilitateur de la pens\u00e9e juive, il aidera beaucoup d\u2019entre nous \u00e0 b\u00e2tir notre propre pens\u00e9e et engager notre passage du Juif \u00e0 H\u00e9breu !\u00a0 Son acuit\u00e9 vive, riche, approchera chacune des 4 dimensions de nos \u00e9tudes textuelles : Pshat, Remez, Drash, Sod, ce fameux Pa<strong>rd<\/strong>e<strong>s<\/strong>, ce \u00ab\u00a0Verger de la Torah\u00a0\u00bb ! La pens\u00e9e de Manitou assure la p\u00e9rennit\u00e9 de celle du Rav Kook int\u00e9grant deux \u00e9v\u00e8nements majeurs non v\u00e9cus par le Rav Kook : la Shoah et la cr\u00e9ation de l\u2019\u00e9tat d\u2019Isra\u00ebl.<\/p>\n<h2>Une descendance comme les \u00e9toiles du Ciel<\/h2>\n<p style=\\\"font-weight: 400;\\\">Homme de l\u2019oralit\u00e9, ses enseignements r\u00e9v\u00e9l\u00e8rent le Juda\u00efsme en sommeil chez beaucoup et raffermirent la pratique et l\u2019\u00e9tude de Juifs install\u00e9s. Orsay, Mayanote, la descendance de Manitou est innombrable\u00a0; nous sommes tous un peu ses enfants et ses petits-enfants. Les publications sur Manitou et ses enseignements constituent un in\u00e9puisable tr\u00e9sor, un levier pour notre \u00e9tude et pour notre perception du Monde d\u2019hier, d\u2019aujourd\u2019hui et de demain, Manitou est un intemporel passe murailles\u00a0!<\/p>\n<h2>Les acteurs du d\u00e9bat<\/h2>\n<p style=\\\"font-weight: 400;\\\"><strong>Le d\u00e9bat qui suivit r\u00e9unissait<\/strong> : Olivier Cohen, Michael Grynszpan et le Rav Ouri Cherki. Au c\u0153ur du d\u00e9bat, les questions essentielles de Manitou. Qui sommes-nous ?\u00a0 O\u00f9 allons-nous ? Que cherchons-nous ? Quel est le r\u00f4le d\u2019Isra\u00ebl ?<\/p>\n<p style=\\\"font-weight: 400;\\\"><strong>Olivier Cohen<\/strong>\u00a0se revendique h\u00e9ritier de Manitou qui aura sensibilis\u00e9 ce dernier\u00a0 \u00e0 l\u2019\u00e9tude sous un angle humaniste et philosophique. Olivier est le cofondateur du site\u00a0<a href=\\\"http:\/\/www.manitou-lhebreu.com\/\\\" data-saferedirecturl=\\\"https:\/\/www.google.com\/url?q=http:\/\/www.manitou-lhebreu.com\/&amp;source=gmail&amp;ust=1678272483556000&amp;usg=AOvVaw0vrXkubtkN-_EBU2f_NTb6\\\">http:\/\/www.manitou-lhebreu.com\/<\/a>. La production du film<strong>\u00a0<\/strong>est la poursuite pour Olivier de la diffusion des enseignements de Manitou.<\/p>\n<p style=\\\"font-weight: 400;\\\"><strong>Rav Ouri Cherki, <\/strong>qui fut un \u00e9l\u00e8ve de Manitou, est l\u2019un des diffuseurs de la pens\u00e9e du ma\u00eetre. Dans le contexte actuel, dit-il, Manitou aurait probablement dit que tous les \u00e9l\u00e9ments du d\u00e9bat font partie d\u2019une seule et m\u00eame r\u00e9alit\u00e9 et qu\u2019\u00e0 travers la discorde, Manitou aurait vu un potentiel \u00e9norme. Les d\u00e9saccords sont une vertu visc\u00e9rale du peuple d\\&rsquo;Isra\u00ebl et ils cr\u00e9ent des synergies pour r\u00e9v\u00e9ler nos identit\u00e9s\u2026<strong>\u00a0<\/strong>Les t\u00e9moignages de la salle confirmeront que l\u2019homme \u00e9tait en \u00ab connexion \u00bb avec tout le monde, sans distinction d\u2019origine, de connaissance, de pratique !<\/p>\n<h2>Une attention port\u00e9e \u00e0 chacun<\/h2>\n<p style=\\\"font-weight: 400;\\\">Jamais, il ne minorait une interpellation, et portait une attention sp\u00e9cifique \u00e0 chacun. \u00a0Ses connaissances et son approche singuli\u00e8re des textes firent de lui l\u2019incontournable trait d\u2019union entre tous les Juifs, mais pas seulement les Fran\u00e7ais. En effet, depuis peu, il y a une r\u00e9elle curiosit\u00e9 pour le ph\u00e9nom\u00e8ne Manitou en Isra\u00ebl. Ses enseignements sont traduits en H\u00e9breu, impressionnant les Isra\u00e9liens.<\/p>\n<h2 style=\\\"font-weight: 400;\\\"><strong>Manitou, Rocker de la pens\u00e9e<\/strong><\/h2>\n<p style=\\\"font-weight: 400;\\\">Ces mots de Grynszpan collent parfaitement au Rav L\u00e9on Yehouda Ashkenazi dont le g\u00e9nie, l\u2019audace et l\u2019humour nous ont permis de mieux comprendre des sujets profonds gr\u00e2ce \u00e0 une approche \u00e0 la port\u00e9e de tous !<\/p>\n<p style=\\\"font-weight: 400;\\\">Citation\u00a0: \u00ab\u00a0<strong><em>Si je vous entends dire : Manitou a dit donc c\u2019est vrai, gare \u00e0 vous ! Tant que vous n\u2019avez pas compris pourquoi c\u2019est vrai, alors ce n\u2019est pas vrai pour vous ! \u00bb<\/em><\/strong><\/p>\n<p><strong>La suite de l\u2019article se trouve dans le prochain num\u00e9ro d\u2019Isra\u00ebl Magazine<\/strong><\/p>\n<p><strong>D\u00e9couvrez un exemplaire du magazine gratuitement et cliquez ensuite sur le rebord droit<\/strong><\/p>\n<p><a href=\\\"https:\/\/online.fliphtml5.com\/rjspi\/ypmm\/#p=1\\\"><strong>https:\/\/online.fliphtml5.com\/rjspi\/ypmm\/#p=1<\/strong><\/a><\/p>\n<p><strong>Votre magazine est livr\u00e9 chez vous en toute confidentialit\u00e9<br \/>\nS\u2019abonner au magazine par t\u00e9l\u00e9phone ou par whats app 00972 (0) 54 254 45 20 ou au 01 86 98 27 27<\/strong><\/p>\n<p><strong>Par email\u00a0\u00a0<\/strong><a href=\\\"mailto:Andredarmon21@gmail.com\\\"><strong>Andredarmon21@gmail.com<\/strong><\/a><strong>\u00a0 pay pal<\/strong><\/p>\n<p><strong>Ou directement sur le site<\/strong><\/p>\n<p><a href=\\\"https:\/\/israelmagazine.co.il\/sabonner-au-magazine\/\\\"><strong>https:\/\/israelmagazine.co.il\/sabonner-au-magazine\/<\/strong><\/a><\/p>\n<p><strong>Loi du Retour ou qui est Juif ?Ou encore S\u2019abonner au magazine livr\u00e9 chez vous en toute confidentialit\u00e9. Remplir le formulaire<\/strong><\/p>\n<p><a href=\\\"https:\/\/docs.google.com\/forms\/d\/e\/1FAIpQLSfPYJfb8KjEya-X17w0DGPAuBlCGvqVUdh_Is8EL810Lxw82A\/viewform?entry.1189475001=Recipient_Email\\\"><strong>https:\/\/docs.google.com\/forms\/d\/e\/1FAIpQLSfPYJfb8KjEya-X17w0DGPAuBlCGvqVUdh_Is8EL810Lxw82A\/viewform?entry.1189475001=Recipient_Email<\/strong><\/a><\/p>\n","protected":false},"excerpt":{"rendered":"<p>&nbsp; De Rabbi Chlomo ben Itzhak HaTzarfati \u00e0 Rabbi Y\u00e9houda Ashkenazi HaTzarfati\u2026 \u2018Manitou la parole retrouv\u00e9e\u2019 \u00a0Documentaire de Michael Grynszpan Par Serge Siksik Nous avons \u00e9t\u00e9 nombreux \u00e0 nous pr\u00e9cipiter \u00e0 l\u2019avant-premi\u00e8re le 1er\u00a0mars du film r\u00e9alis\u00e9 par Michael Grynszpan,\u00a0\u2018Manitou la parole retrouv\u00e9e\u2019.\u00a0\u00a0Le centre Menahem Begin \u00e9tait l\u2019endroit ad\u00e9quat pour c\u00e9l\u00e9brer Manitou. Il y avait &hellip;<\/p>\n<p class=\"read-more\"> <a class=\"\" href=\"https:\/\/israelmagazine.net\/?p=60996\"> <span class=\"screen-reader-text\">De Rabbi Chlomo ben Itzhak HaTzarfati \u00e0 Rabbi Y\u00e9houda Ashkenazi HaTzarfati\u2026<\/span> Lire la suite \u00bb<\/a><\/p>\n","protected":false},"author":4,"featured_media":61005,"comment_status":"open","ping_status":"open","sticky":false,"template":"","format":"standard","meta":{"site-sidebar-layout":"default","site-content-layout":"default","ast-global-header-display":"","ast-main-header-display":"","ast-hfb-above-header-display":"","ast-hfb-below-header-display":"","ast-hfb-mobile-header-display":"","site-post-title":"","ast-breadcrumbs-content":"","ast-featured-img":"","footer-sml-layout":"","theme-transparent-header-meta":"","adv-header-id-meta":"","stick-header-meta":"","header-above-stick-meta":"","header-main-stick-meta":"","header-below-stick-meta":""},"categories":[84,1621,814,1622,1673,1674],"tags":[2013,1628,1700,937],"sujet":[],"_links":{"self":[{"href":"https:\/\/israelmagazine.net\/index.php?rest_route=\/wp\/v2\/posts\/60996"}],"collection":[{"href":"https:\/\/israelmagazine.net\/index.php?rest_route=\/wp\/v2\/posts"}],"about":[{"href":"https:\/\/israelmagazine.net\/index.php?rest_route=\/wp\/v2\/types\/post"}],"author":[{"embeddable":true,"href":"https:\/\/israelmagazine.net\/index.php?rest_route=\/wp\/v2\/users\/4"}],"replies":[{"embeddable":true,"href":"https:\/\/israelmagazine.net\/index.php?rest_route=%2Fwp%2Fv2%2Fcomments&post=60996"}],"version-history":[{"count":0,"href":"https:\/\/israelmagazine.net\/index.php?rest_route=\/wp\/v2\/posts\/60996\/revisions"}],"wp:featuredmedia":[{"embeddable":true,"href":"https:\/\/israelmagazine.net\/index.php?rest_route=\/"}],"wp:attachment":[{"href":"https:\/\/israelmagazine.net\/index.php?rest_route=%2Fwp%2Fv2%2Fmedia&parent=60996"}],"wp:term":[{"taxonomy":"category","embeddable":true,"href":"https:\/\/israelmagazine.net\/index.php?rest_route=%2Fwp%2Fv2%2Fcategories&post=60996"},{"taxonomy":"post_tag","embeddable":true,"href":"https:\/\/israelmagazine.net\/index.php?rest_route=%2Fwp%2Fv2%2Ftags&post=60996"},{"taxonomy":"sujet","embeddable":true,"href":"https:\/\/israelmagazine.net\/index.php?rest_route=%2Fwp%2Fv2%2Fsujet&post=60996"}],"curies":[{"name":"wp","href":"https:\/\/api.w.org\/{rel}","templated":true}]}}