{"id":61006,"date":"2023-03-07T14:13:48","date_gmt":"2023-03-07T12:13:48","guid":{"rendered":"https:\/\/israelmagazine.net\/?p=61006"},"modified":"2023-03-07T14:13:48","modified_gmt":"2023-03-07T12:13:48","slug":"la-peine-de-mort-pour-les-assassins-de-juifs-et-ses-enseignements","status":"publish","type":"post","link":"https:\/\/israelmagazine.net\/?p=61006","title":{"rendered":"La peine de mort pour les assassins de Juifs\u2026 et ses enseignements"},"content":{"rendered":"<h1 style=\\\"text-align: left;\\\" align=\\\"center\\\"><img class=\\\"alignnone size-medium wp-image-61010\\\" src=\\\"https:\/\/israelmagazine.co.il\/wp-content\/uploads\/2023\/03\/Mon-projet-2023-03-07T135636.125-300x157.jpg\\\" alt=\\\"\\\" width=\\\"300\\\" height=\\\"157\\\" \/><\/h1>\n<h1 class=\\\"ydp58f8cc5bMsoNormal\\\" align=\\\"center\\\"><b>La peine de mort pour les assassins de Juifs\u2026 et ses enseignements<\/b><b><\/b><\/h1>\n<h2>Par Bertrand Ramas-Muhlbach<\/h2>\n<p class=\\\"ydp58f8cc5bMsoNormal\\\">Le 1<sup>er<\/sup>\u00a0mars 2023, la Knesset a adopt\u00e9 un projet de Loi visant \u00e0 l\u00e9galiser la peine de mort \u00e0 l\u2019\u00e9gard des meurtriers de citoyens isra\u00e9liens. La mise en \u0153uvre de la sanction suppose que la mort soit caus\u00e9e dans des conditions sp\u00e9cifiques\u00a0: soit le mobile du crime a un <strong><em>caract\u00e8re raciste<\/em><\/strong>, soit le motif est li\u00e9 \u00e0 une hostilit\u00e9 envers un public, soit\u00a0l\u2019acte s\u2019inscrit dans\u00a0\u00ab\u00a0le but de <strong><em>nuire \u00e0 l\u2019\u00c9tat d\u2019Isra\u00ebl<\/em><\/strong> et \u00e0 la <strong><em>renaissance du peuple juif dans sa patrie<\/em><\/strong> \u00bb.\u00a0 Si le texte a fait l\u2019objet de vifs d\u00e9bats en Isra\u00ebl (notamment au regard de sa compatibilit\u00e9 avec les valeurs du juda\u00efsme), les terroristes le contestent en invoquant \u2026. le droit \u00e0 la vie.<\/p>\n<h2>Un texte revenu plusieurs fois en instance<\/h2>\n<div class=\\\"article-image\\\"><img class=\\\"article-image-element\\\" title=\\\" MK Limor Son Har Melech discussion in the Israeli parliament on the TV-show &quot;Shtula&quot; (Double agent), airing on Israeli TV, November 21, 2022. \\\" src=\\\"https:\/\/images.jpost.com\/image\/upload\/f_auto,fl_lossy\/t_JD_ArticleMainImageFaceDetect\/528429\\\" alt=\\\" MK Limor Son Har Melech discussion in the Israeli parliament on the TV-show &quot;Shtula&quot; (Double agent), airing on Israeli TV, November 21, 2022. (photo credit: YONATAN SINDEL\/FLASH90)\\\" width=\\\"822\\\" height=\\\"537\\\" \/><\/div>\n<div class=\\\"article-image-credit\\\">\n<div style=\\\"text-align: center;\\\"><em>D\u00e9put\u00e9e Limor Son Har Melech<\/em><\/div>\n<\/div>\n<p class=\\\"ydp58f8cc5bMsoNormal\\\">Le projet, \u00e9manant de la d\u00e9put\u00e9e de la coalition Limor Son Har Melech (Otzma Yehudit) a \u00e9t\u00e9 soutenu par le parti d\u2019opposition Yisrael Beteinou, mais vot\u00e9 en l\u2019absence du leader de l\u2019opposition Yair Lapid, hostile au principe. La discussion de ce texte co\u00efncide avec l\u2019assassinat de deux jeunes Isra\u00e9liens dans la ville de Huwara (\u00e0 proximit\u00e9 de Naplouse), survenu le 26 f\u00e9vrier 2023, ce que le Premier Ministre Benjamin Netanyahou a rappel\u00e9 : <b>\u00ab <\/b>En ce jour difficile o\u00f9 deux citoyens isra\u00e9liens ont \u00e9t\u00e9 assassin\u00e9s, il n\\&rsquo;y a rien de plus symbolique que d\\&rsquo;adopter une loi sur la peine de mort pour les terroristes \u00bb.<\/p>\n<h2>Unanimit\u00e9 de trois Juges<\/h2>\n<p class=\\\"ydp58f8cc5bMsoNormal\\\">La Knesset avait d\u00e9j\u00e0 adopt\u00e9 un projet de loi pr\u00e9conisant la peine capitale pour les terroristes meurtriers (le 3 janvier 2018). Le texte envisageait alors de permettre aux Tribunaux militaires (si\u00e9geant en Jud\u00e9e Samarie) de prononcer la peine capitale pour les crimes \u00ab terroristes \u00bb, non plus \u00e0 l\\&rsquo;unanimit\u00e9 des trois juges, mais avec une seule majorit\u00e9 de deux juges. En novembre 2018, le Ministre de la D\u00e9fense Avigdor Lieberman avait encore d\u00e9fendu le texte dans ces termes : \u00ab Nous ne l\u00e2cherons pas tant que nous n\\&rsquo;aurons pas achev\u00e9 notre mission \u00bb (c\u2019\u00e9tait d\u2019ailleurs une condition de sa participation au gouvernement de Benjamin Netanyahu en 2016). Le projet n\u2019est toutefois pas all\u00e9 \u00e0 son terme, le chef du Shin Bet, Nadav Argaman, le procureur g\u00e9n\u00e9ral, Avichai Mandelblit, tout comme le cabinet de s\u00e9curit\u00e9 y \u00e9tant d\u00e9favorables\u2026<\/p>\n<h2>Proc\u00e8s d\\&rsquo;intention palestinien<\/h2>\n<p class=\\\"ydp58f8cc5bMsoNormal\\\">En 2023, le projet ne fait toujours pas l\u2019unanimit\u00e9 au sein des instances juives isra\u00e9liennes, mais ce sont les r\u00e9flexions palestiniennes qui ne manquent pas de retenir l\u2019attention : pour Adalah ( centre juridique des droits de l\u2019homme pour les citoyens palestiniens), le projet de loi ciblerait \u00ab exclusivement les Palestiniens \u00bb et serait ainsi \u00ab la forme la plus extr\u00eame de violation des droits de l\\&rsquo;homme \u00bb. Il motive alors son opposition de la mani\u00e8re suivante : \u00ab les membres de la Knesset s\\&rsquo;efforcent d\\&rsquo;\u00e9tablir deux syst\u00e8mes juridiques distincts bas\u00e9s sur la race \u00bb, \u00e0 l\u2019origine d\u2019un projet de loi qui serait \u00ab immoral et contraire aux lois fondamentales d\\&rsquo;Isra\u00ebl \u00bb. Bien \u00e9videmment, le texte pr\u00e9voyant la sanction supr\u00eame ne vise aucune cat\u00e9gorie particuli\u00e8re de personnes (ce qui serait ill\u00e9gal) mais dans sa formulation, Adalah laisse entendre que tous les Palestiniens seraient des terroristes potentiels (g\u00e9n\u00e9ralisation qu\u2019Isra\u00ebl ne serait jamais permis de faire) \u2026<\/p>\n<h2>Fixer une borne \u00e0 l\\&rsquo;incitation palestinienne \u00e0 la haine depuis le berceau<\/h2>\n<p class=\\\"ydp58f8cc5bMsoNormal\\\">Plus pr\u00e9cis\u00e9ment, dans l\u2019esprit d\u2019Adalah, la propension \u00e0 tuer des juifs ne concernerait pas certains Palestiniens isol\u00e9s (fragiles psychologiquement, dont le profil serait anormalement violent, voire affili\u00e9s \u00e0 des organisations terroristes) mais serait un trait de caract\u00e8re commun \u00e0 l\u2019ensemble de la communaut\u00e9 palestinienne. Autrement dit, si Adalah estime que le projet de Loi vise la communaut\u00e9 palestinienne dans son ensemble, c\u2019est donc que la volont\u00e9 d\u2019assassiner les Juifs y est largement partag\u00e9e&#8230; Adalah est peut-\u00eatre en train de faire tomber un masque.<\/p>\n<h2>Briser la banalisation palestinienne du meurtre de Juifs<\/h2>\n<p class=\\\"ydp58f8cc5bMsoNormal\\\">Inversement et \u00e9trangement, Adalah ne condamne jamais les attentats causant la mort de Juifs, comme si le principe de l\u2019assassinat de Juifs \u00e9tait une donn\u00e9e acquise chez les Palestiniens et que l\u2019existence de l\u2019\u00c9tat d\u2019Isra\u00ebl en \u00e9tait un fait justificatif (c\u2019est \u00e0 dire une cause d\u2019exon\u00e9ration de responsabilit\u00e9 p\u00e9nale).<\/p>\n<p class=\\\"ydp58f8cc5bMsoNormal\\\"><span lang=\\\"FR\\\">Notons \u00e9galement qu\u2019en Europe, le projet d\u2019instituer la peine de mort pour les assassins de juifs inqui\u00e8te :\u00a0lors d\u2019une conf\u00e9rence de presse tenue le 1<sup>er<\/sup> mars 2023 (en pr\u00e9sence du Ministre isra\u00e9lien Eli Cohen), la ministre des Affaires \u00c9trang\u00e8res allemande s\u2019est dit pr\u00e9occup\u00e9e. De m\u00eame, le\u00a0<\/span><a href=\\\"https:\/\/www.ohchr.org\/en\/press-releases\/2023\/02\/israel-un-experts-alarmed-potential-reinstatement-death-penalty-terrorism\\\" target=\\\"_blank\\\" rel=\\\"nofollow noopener\\\">groupement d\u2019experts des Nations Unies (ardent d\u00e9fenseur de ce qui est couramment appel\u00e9 la\u00a0\u00ab\u00a0cause palestinienne\u00a0\u00bb) trouve le projet r\u00e9trograde<\/a>.<\/p>\n<h2>Il est courant de trouver la mort dans le feu de l\\&rsquo;action<\/h2>\n<p class=\\\"ydp58f8cc5bMsoNormal\\\">Cette position est en r\u00e9alit\u00e9 tr\u00e8s hypocrite\u00a0: en Europe, les terroristes ne restent jamais en vie \u00e0 la suite de leurs attentats\u00a0: soit il s\u2019agit de kamikazes (comme lors de l\u2019attentat en France du 13 novembre 2015) soit les terroristes sont imm\u00e9diatement abattus par la police (comme lors de l\u2019attentat commis\u00a0<span lang=\\\"FR\\\">au camion b\u00e9lier\u00a0sur la\u00a0<a title=\\\"Promenade des Anglais\\\" href=\\\"https:\/\/fr.wikipedia.org\/wiki\/Promenade_des_Anglais\\\" target=\\\"_blank\\\" rel=\\\"nofollow noopener\\\">promenade des Anglais<\/a>\u00a0<\/span>par un tunisien \u00e0 Nice, le\u00a0<span lang=\\\"FR\\\">14 juillet 2016, ou encore celui commis au couteau\u00a0\u00e0<\/span>\u00a0la pr\u00e9fecture de police de Paris,\u00a0 le\u00a03 octobre 2019)\u00a0\u2026<\/p>\n<p class=\\\"ydp58f8cc5bMsoNormal\\\">Adalah avait d\u00e9j\u00e0 exprim\u00e9 cette propension palestinienne particuli\u00e8re, le\u00a0<span lang=\\\"FR\\\">30 janvier 2023 : l\u2019organisme pro palestinien avait alors critiqu\u00e9 l\u2019adoption, par la Knesset (en premi\u00e8re lecture), du projet de loi visant \u00e0\u00a0<\/span>r<span lang=\\\"FR\\\">\u00e9voquer la citoyennet\u00e9 ou la r\u00e9sidence permanente des Palestiniens ayant commis un\u00a0<\/span>\u00ab\u00a0<span lang=\\\"FR\\\">acte terroriste \u00bb<\/span>\u00a0(<span lang=\\\"FR\\\">et ayant re\u00e7u de l\\&rsquo;argent de l\\&rsquo;Autorit\u00e9 palestinienne en relation avec des actes terroristes), pr\u00e9alablement \u00e0 leur expulsion vers les territoires dirig\u00e9s par l\\&rsquo;Autorit\u00e9 palestinienne.<\/span><\/p>\n<h2>L\\&rsquo;h\u00e9mipl\u00e9gie des associations pro-palestiniennes<\/h2>\n<p class=\\\"ydp58f8cc5bMsoNormal\\\"><span lang=\\\"FR\\\">Adalah s\u2019\u00e9tait alors adress\u00e9 au procureur g\u00e9n\u00e9ral Gali Baharav-Miara, au conseiller juridique de la Knesset Sagit Afik, au pr\u00e9sident de la commission mixte de la Knesset, \u00e0 la commission de la Chambre et la commission des affaires int\u00e9rieures et de l\\&rsquo;environnement et au d\u00e9put\u00e9 Michael Malkieli, (ministre de l\\&rsquo;Int\u00e9rieur par int\u00e9rim), pour bloquer le projet, mais sans jamais d\u00e9noncer le caract\u00e8re monstrueux des assassinats de Juifs perp\u00e9tr\u00e9s par des Palestiniens\u2026<\/span><\/p>\n<p class=\\\"ydp58f8cc5bMsoNormal\\\">La cerise sur le g\u00e2teau est alors arriv\u00e9e le 2 mars 2023\u00a0: la Knesset a adopt\u00e9 un projet de loi (propos\u00e9 par des d\u00e9put\u00e9s du parti Otzama yeoudit) visant \u00e0 cesser de financer les traitements m\u00e9dicaux non essentiels pour les Palestiniens. La mesure serait alors mise en \u0153uvre dans les hypoth\u00e8ses o\u00f9 il n\u2019y a\u00a0\u00abaucune raison ni aucune logique \u00e0 financer des traitements aux frais des contribuables m\u00e9dicaments non inclus dans le panier de services de sant\u00e9\u00a0\u00bb.<\/p>\n<h2>Comment invoquer les \\\u00a0\u00bblois internationales\\\u00a0\u00bb pour se porter caution du terrorisme ?<\/h2>\n<p class=\\\"ydp58f8cc5bMsoNormal\\\">Or, pour les d\u00e9fenseurs des terroristes palestiniens, il s\u2019agirait d\u2019une \u00ab violation des lois internationales qui garantissent \u00ab le droit au traitement et aux soins de sant\u00e9 pour les prisonniers par la puissance occupante \u00bb. Pire, Isra\u00ebl continuerait \u00e0 \u00ab ignorer tout ce qui a \u00e9t\u00e9 approuv\u00e9 par les institutions internationales sans s\u2019en inqui\u00e9ter \u00bb. En d\u2019autres termes, les terroristes palestiniens m\u00e9prisent la vie des juifs mais sont tr\u00e8s attach\u00e9s \u00e0 leur bien-\u00eatre et \u00e0 leur confort de vie.<\/p>\n<p class=\\\"ydp58f8cc5bMsoNormal\\\">Notons que la doxa internationale cautionne la position palestinienne\u00a0: la presse ne mentionne jamais \u00abCisjordanie\u00bb sans lui associer le mot \u00aboccup\u00e9e \u00bb. De m\u00eame, les victimes ne sont jamais reprises sous le vocable \u00abisra\u00e9liens \u00bb mais syst\u00e9matiquement sous celui de \u00ab colons\u00bb. Lorsque la communaut\u00e9 internationale abandonnera sa th\u00e8se mensong\u00e8re de \u00abl\u2019occupation\u00a0de la Cisjordanie\u00bb, les palestiniens comprendront que, loin d\u2019\u00eatre des \u00ab r\u00e9sistants \u00bb, ils ne sont que d\u2019ignobles terroristes.<\/p>\n<p><strong>D\u00e9couvrez un exemplaire du magazine gratuitement et cliquez ensuite sur le rebord droit<\/strong><\/p>\n<p><a href=\\\"https:\/\/online.fliphtml5.com\/rjspi\/ypmm\/#p=1\\\"><strong>https:\/\/online.fliphtml5.com\/rjspi\/ypmm\/#p=1<\/strong><\/a><\/p>\n<p><strong>Votre magazine est livr\u00e9 chez vous en toute confidentialit\u00e9<br \/>\nS\u2019abonner au magazine par t\u00e9l\u00e9phone ou par whats app 00972 (0) 54 254 45 20 ou au 01 86 98 27 27<\/strong><\/p>\n<p><strong>Par email\u00a0\u00a0<\/strong><a href=\\\"mailto:Andredarmon21@gmail.com\\\"><strong>Andredarmon21@gmail.com<\/strong><\/a><strong>\u00a0 pay pal<\/strong><\/p>\n<p><strong>Ou directement sur le site<\/strong><\/p>\n<p><a href=\\\"https:\/\/israelmagazine.co.il\/sabonner-au-magazine\/\\\"><strong>https:\/\/israelmagazine.co.il\/sabonner-au-magazine\/<\/strong><\/a><\/p>\n<p><strong>Loi du Retour ou qui est Juif ?Ou encore S\u2019abonner au magazine livr\u00e9 chez vous en toute confidentialit\u00e9. Remplir le formulaire<\/strong><\/p>\n<p><a href=\\\"https:\/\/docs.google.com\/forms\/d\/e\/1FAIpQLSfPYJfb8KjEya-X17w0DGPAuBlCGvqVUdh_Is8EL810Lxw82A\/viewform?entry.1189475001=Recipient_Email\\\"><strong>https:\/\/docs.google.com\/forms\/d\/e\/1FAIpQLSfPYJfb8KjEya-X17w0DGPAuBlCGvqVUdh_Is8EL810Lxw82A\/viewform?entry.1189475001=Recipient_Email<\/strong><\/a><\/p>\n<p><strong><u>\u00a0<\/u><\/strong><\/p>\n","protected":false},"excerpt":{"rendered":"<p>La peine de mort pour les assassins de Juifs\u2026 et ses enseignements Par Bertrand Ramas-Muhlbach Le 1er\u00a0mars 2023, la Knesset a adopt\u00e9 un projet de Loi visant \u00e0 l\u00e9galiser la peine de mort \u00e0 l\u2019\u00e9gard des meurtriers de citoyens isra\u00e9liens. La mise en \u0153uvre de la sanction suppose que la mort soit caus\u00e9e dans des &hellip;<\/p>\n<p class=\"read-more\"> <a class=\"\" href=\"https:\/\/israelmagazine.net\/?p=61006\"> <span class=\"screen-reader-text\">La peine de mort pour les assassins de Juifs\u2026 et ses enseignements<\/span> Lire la suite \u00bb<\/a><\/p>\n","protected":false},"author":4,"featured_media":61008,"comment_status":"open","ping_status":"open","sticky":false,"template":"","format":"standard","meta":{"site-sidebar-layout":"default","site-content-layout":"default","ast-global-header-display":"","ast-main-header-display":"","ast-hfb-above-header-display":"","ast-hfb-below-header-display":"","ast-hfb-mobile-header-display":"","site-post-title":"","ast-breadcrumbs-content":"","ast-featured-img":"","footer-sml-layout":"","theme-transparent-header-meta":"","adv-header-id-meta":"","stick-header-meta":"","header-above-stick-meta":"","header-main-stick-meta":"","header-below-stick-meta":""},"categories":[84,1621,1387,1612,841,1673,1191],"tags":[1474,1628,877,821],"sujet":[],"_links":{"self":[{"href":"https:\/\/israelmagazine.net\/index.php?rest_route=\/wp\/v2\/posts\/61006"}],"collection":[{"href":"https:\/\/israelmagazine.net\/index.php?rest_route=\/wp\/v2\/posts"}],"about":[{"href":"https:\/\/israelmagazine.net\/index.php?rest_route=\/wp\/v2\/types\/post"}],"author":[{"embeddable":true,"href":"https:\/\/israelmagazine.net\/index.php?rest_route=\/wp\/v2\/users\/4"}],"replies":[{"embeddable":true,"href":"https:\/\/israelmagazine.net\/index.php?rest_route=%2Fwp%2Fv2%2Fcomments&post=61006"}],"version-history":[{"count":0,"href":"https:\/\/israelmagazine.net\/index.php?rest_route=\/wp\/v2\/posts\/61006\/revisions"}],"wp:featuredmedia":[{"embeddable":true,"href":"https:\/\/israelmagazine.net\/index.php?rest_route=\/"}],"wp:attachment":[{"href":"https:\/\/israelmagazine.net\/index.php?rest_route=%2Fwp%2Fv2%2Fmedia&parent=61006"}],"wp:term":[{"taxonomy":"category","embeddable":true,"href":"https:\/\/israelmagazine.net\/index.php?rest_route=%2Fwp%2Fv2%2Fcategories&post=61006"},{"taxonomy":"post_tag","embeddable":true,"href":"https:\/\/israelmagazine.net\/index.php?rest_route=%2Fwp%2Fv2%2Ftags&post=61006"},{"taxonomy":"sujet","embeddable":true,"href":"https:\/\/israelmagazine.net\/index.php?rest_route=%2Fwp%2Fv2%2Fsujet&post=61006"}],"curies":[{"name":"wp","href":"https:\/\/api.w.org\/{rel}","templated":true}]}}