{"id":61034,"date":"2023-03-08T09:50:45","date_gmt":"2023-03-08T07:50:45","guid":{"rendered":"https:\/\/israelmagazine.net\/?p=61034"},"modified":"2023-03-08T09:50:45","modified_gmt":"2023-03-08T07:50:45","slug":"benjamin-netanyahou-ferait-pression-sur-yariv-levin","status":"publish","type":"post","link":"https:\/\/israelmagazine.net\/?p=61034","title":{"rendered":"Benjamin Netanyahou ferait pression sur Yariv Levin"},"content":{"rendered":"<h2 dir=\\\"ltr\\\"><img class=\\\"alignnone size-medium wp-image-61038\\\" src=\\\"https:\/\/israelmagazine.co.il\/wp-content\/uploads\/2023\/03\/Mon-projet-2023-03-08T094228.686-300x157.jpg\\\" alt=\\\"\\\" width=\\\"300\\\" height=\\\"157\\\" \/><\/h2>\n<h1 dir=\\\"ltr\\\"><strong><span style=\\\"font-size: xx-large;\\\">Benjamin Netanyahou ferait pression sur Yariv Levin<\/span><\/strong><\/h1>\n<h2 dir=\\\"ltr\\\">Lors de trois r\u00e9unions serr\u00e9es tenues entre Binyamin Netanyahou et Ya\u00efr Levin, le Premier ministre aurait propos\u00e9 de parvenir \u00e0 un compromis sur la question de la r\u00e9forme juridique | Le Likoud nie, pour le moment.<\/h2>\n<p dir=\\\"ltr\\\">Selon le journaliste Yaron Avraham (Cha\u00eene 12) mardi soir 7 mars, il y aurait eu trois longues r\u00e9unions men\u00e9es par le Premier ministre Benjamin Netanyahou et le ministre de la Justice Yariv Levin, ces derniers jours.<\/p>\n<p>Selon le reportage, la premi\u00e8re r\u00e9union a eu lieu au domicile de Netanyahou \u00e0 C\u00e9sar\u00e9e vendredi dernier. La deuxi\u00e8me r\u00e9union s\\&rsquo;est tenue en marge de la r\u00e9union du cabinet dimanche et la troisi\u00e8me a eu lieu mardi apr\u00e8s-midi au bureau du Premier ministre.<\/p>\n<h2>Netanyahou veille au cadre g\u00e9n\u00e9ral, sans s\u2019attarder sur les points \u00ab\u00a0de d\u00e9tail\u00a0\u00bb<\/h2>\n<p>Au cours de ces trois r\u00e9unions, le Premier ministre aurait fait pression sur Levin pour qu\\&rsquo;il aille dans le sens d\\&rsquo;un compromis et\u00a0<b><i>dans les plus brefs d\u00e9lais<\/i><\/b>. On a \u00e9galement rapport\u00e9 que des sources proches du contenu de la r\u00e9union affirment qu\\&rsquo;il n\\&rsquo;y a pas eu de discussion entre les deux hommes sur les d\u00e9tails de la r\u00e9forme, en raison du conflit d\\&rsquo;int\u00e9r\u00eats de Netanyahou et de l\\&rsquo;interdiction que lui a impos\u00e9e le m\u00e9diateur.<\/p>\n<h2>Les incidences de la r\u00e9forme plus que son c\u0153ur de doctrine posent probl\u00e8me<\/h2>\n<p>Selon les m\u00eames sources, Bibi Netanyahou aurait tenu des d\u00e9clarations explicites \u00e9voquant les incidences que les difficult\u00e9s \u00e0 faire passer la l\u00e9gislation cr\u00e9eraient, aux niveaux\u00a0 :\u00e9conomique, international, s\u00e9curitaire, social et m\u00eame politique \u2013<\/p>\n<p dir=\\\"ltr\\\">Ce seraient les raisons pour lesquelles la l\u00e9gislation doit \u00eatre assouplie et qu\u2019il faut trouver rapidement un compromis.<\/p>\n<p>Le ministre de la Justice Levin accepte l\u2019id\u00e9e de pourparlers, mais souligne que deux choses ne changeront pas, durant ces n\u00e9gociations :<\/p>\n<p dir=\\\"ltr\\\">1. Il ne suspendra pas la l\u00e9gislation comme condition des n\u00e9gociations<\/p>\n<p dir=\\\"ltr\\\">2. Il n\\&rsquo;abandonnera pas le c\u0153ur de la r\u00e9forme.<\/p>\n<p dir=\\\"ltr\\\"><span style=\\\"font-size: large;\\\"><b>Le Likoud d\u00e9ment<\/b><\/span><\/p>\n<p dir=\\\"ltr\\\">Ces conversations ne surgissent pas au hasard. Des ministres et des d\u00e9put\u00e9s importants du Likoud font passer des messages selon lesquels certaines cons\u00e9quences de cette l\u00e9gislation pourraient s\\&rsquo;av\u00e9rer n\u00e9fastes \u00e0 tous les niveaux, m\u00eame si le\u00a0<b><i>\\\u00a0\u00bbmoteur de la l\u00e9gislation\\\u00a0\u00bb est justifi\u00e9.\u00a0<\/i><\/b><\/p>\n<p dir=\\\"ltr\\\">Le Likoud a cat\u00e9goriquement d\u00e9menti les all\u00e9gations de ce journaliste : Les reportages concernant les conversations entre le Premier ministre Benjamin Netanyahou et le ministre de la Justice Yariv Levin sont sans fondement.<\/p>\n<p><strong>La suite de l\u2019article se trouve dans le prochain num\u00e9ro d\u2019Isra\u00ebl Magazine<\/strong><\/p>\n<p><strong>D\u00e9couvrez un exemplaire du magazine gratuitement et cliquez ensuite sur le rebord droit<\/strong><\/p>\n<p><a href=\\\"https:\/\/online.fliphtml5.com\/rjspi\/ypmm\/#p=1\\\"><strong>https:\/\/online.fliphtml5.com\/rjspi\/ypmm\/#p=1<\/strong><\/a><\/p>\n<p><strong>Votre magazine est livr\u00e9 chez vous en toute confidentialit\u00e9<br \/>\nS\u2019abonner au magazine par t\u00e9l\u00e9phone ou par whats app 00972 (0) 54 254 45 20 ou au 01 86 98 27 27<\/strong><\/p>\n<p><strong>Par email\u00a0\u00a0<\/strong><a href=\\\"mailto:Andredarmon21@gmail.com\\\"><strong>Andredarmon21@gmail.com<\/strong><\/a><strong>\u00a0 pay pal<\/strong><\/p>\n<p><strong>Ou directement sur le site<\/strong><\/p>\n<p><a href=\\\"https:\/\/israelmagazine.co.il\/sabonner-au-magazine\/\\\"><strong>https:\/\/israelmagazine.co.il\/sabonner-au-magazine\/<\/strong><\/a><\/p>\n<p><strong>Loi du Retour ou qui est Juif ?Ou encore S\u2019abonner au magazine livr\u00e9 chez vous en toute confidentialit\u00e9. Remplir le formulaire<\/strong><\/p>\n<p><a href=\\\"https:\/\/docs.google.com\/forms\/d\/e\/1FAIpQLSfPYJfb8KjEya-X17w0DGPAuBlCGvqVUdh_Is8EL810Lxw82A\/viewform?entry.1189475001=Recipient_Email\\\"><strong>https:\/\/docs.google.com\/forms\/d\/e\/1FAIpQLSfPYJfb8KjEya-X17w0DGPAuBlCGvqVUdh_Is8EL810Lxw82A\/viewform?entry.1189475001=Recipient_Email<\/strong><\/a><\/p>\n<p><strong><u>\u00a0<\/u><\/strong><\/p>\n","protected":false},"excerpt":{"rendered":"<p>Benjamin Netanyahou ferait pression sur Yariv Levin Lors de trois r\u00e9unions serr\u00e9es tenues entre Binyamin Netanyahou et Ya\u00efr Levin, le Premier ministre aurait propos\u00e9 de parvenir \u00e0 un compromis sur la question de la r\u00e9forme juridique | Le Likoud nie, pour le moment. Selon le journaliste Yaron Avraham (Cha\u00eene 12) mardi soir 7 mars, il &hellip;<\/p>\n<p class=\"read-more\"> <a class=\"\" href=\"https:\/\/israelmagazine.net\/?p=61034\"> <span class=\"screen-reader-text\">Benjamin Netanyahou ferait pression sur Yariv Levin<\/span> Lire la suite \u00bb<\/a><\/p>\n","protected":false},"author":4,"featured_media":61035,"comment_status":"open","ping_status":"open","sticky":false,"template":"","format":"standard","meta":{"site-sidebar-layout":"default","site-content-layout":"default","ast-global-header-display":"","ast-main-header-display":"","ast-hfb-above-header-display":"","ast-hfb-below-header-display":"","ast-hfb-mobile-header-display":"","site-post-title":"","ast-breadcrumbs-content":"","ast-featured-img":"","footer-sml-layout":"","theme-transparent-header-meta":"","adv-header-id-meta":"","stick-header-meta":"","header-above-stick-meta":"","header-main-stick-meta":"","header-below-stick-meta":""},"categories":[84,1621,1612,1679,1674,1191,3191],"tags":[1739,1474,1761],"sujet":[],"_links":{"self":[{"href":"https:\/\/israelmagazine.net\/index.php?rest_route=\/wp\/v2\/posts\/61034"}],"collection":[{"href":"https:\/\/israelmagazine.net\/index.php?rest_route=\/wp\/v2\/posts"}],"about":[{"href":"https:\/\/israelmagazine.net\/index.php?rest_route=\/wp\/v2\/types\/post"}],"author":[{"embeddable":true,"href":"https:\/\/israelmagazine.net\/index.php?rest_route=\/wp\/v2\/users\/4"}],"replies":[{"embeddable":true,"href":"https:\/\/israelmagazine.net\/index.php?rest_route=%2Fwp%2Fv2%2Fcomments&post=61034"}],"version-history":[{"count":0,"href":"https:\/\/israelmagazine.net\/index.php?rest_route=\/wp\/v2\/posts\/61034\/revisions"}],"wp:featuredmedia":[{"embeddable":true,"href":"https:\/\/israelmagazine.net\/index.php?rest_route=\/"}],"wp:attachment":[{"href":"https:\/\/israelmagazine.net\/index.php?rest_route=%2Fwp%2Fv2%2Fmedia&parent=61034"}],"wp:term":[{"taxonomy":"category","embeddable":true,"href":"https:\/\/israelmagazine.net\/index.php?rest_route=%2Fwp%2Fv2%2Fcategories&post=61034"},{"taxonomy":"post_tag","embeddable":true,"href":"https:\/\/israelmagazine.net\/index.php?rest_route=%2Fwp%2Fv2%2Ftags&post=61034"},{"taxonomy":"sujet","embeddable":true,"href":"https:\/\/israelmagazine.net\/index.php?rest_route=%2Fwp%2Fv2%2Fsujet&post=61034"}],"curies":[{"name":"wp","href":"https:\/\/api.w.org\/{rel}","templated":true}]}}