{"id":61082,"date":"2023-03-11T20:36:32","date_gmt":"2023-03-11T18:36:32","guid":{"rendered":"https:\/\/israelmagazine.net\/?p=61082"},"modified":"2023-03-11T20:36:32","modified_gmt":"2023-03-11T18:36:32","slug":"le-cycle-sans-fin-des-represailles-et-le-soutien-de-loccident-michele-mazel","status":"publish","type":"post","link":"https:\/\/israelmagazine.net\/?p=61082","title":{"rendered":"Le cycle sans fin des\u00a0\u00ab repr\u00e9sailles\u00a0\u00bb et le soutien de l\u2019Occident  Mich\u00e8le Mazel"},"content":{"rendered":"<h1>Le cycle sans fin des\u00a0 \u00a0\u00ab\u00a0 repr\u00e9sailles\u00a0\u00bb et le soutien de l\u2019Occident<\/h1>\n<h1>Mich\u00e8le Mazel<\/h1>\n<p style=\\\"font-weight: 400;\\\">\u00a0Un attentat \u00e0 Tel Aviv, a fait vendredi soir trois bless\u00e9s isra\u00e9liens, tous civils\u00a0; le terroriste a \u00e9t\u00e9 abattu. Un autre attentat a \u00e9t\u00e9 \u00e9vit\u00e9 de justesse, le terroriste prenant la fuite en abandonnant son sac bourr\u00e9 d\u2019explosifs. Pour Le Monde, tout cela arrive\u00a0\u00ab\u00a0dans un climat de fortes tensions et de\u00a0<em><u>regain marqu\u00e9 des violences<\/u><\/em>\u00a0li\u00e9es au conflit isra\u00e9lo-palestinien depuis l\u2019entr\u00e9e en fonction fin d\u00e9cembre d\u2019un des gouvernements les plus \u00e0 droite de l\u2019histoire d\u2019Isra\u00ebl, sous la conduite de M.\u00a0N\u00e9tanyahou\u00a0.\u00bb \u00a0Ce qui est manifestement inexact. \u00a0\u00a0Ce grand quotidien que fut Le Monde aurait d\u00fb consulter ses propres archives. Tensions et violences n\u2019ont pas attendu les derni\u00e8res \u00e9lections.<\/p>\n<h2>Le Monde omet intentionnellement les attentats de 2022<\/h2>\n<p style=\\\"font-weight: 400;\\\">Rappelons la vague d\u2019attentats du printemps 2022 \u2013 il y a tout juste un an \u2013 faisant 18 morts et 97 bless\u00e9s\u2026\u00a0 N\u2019en citons que deux : cinq morts dans les rues de Bnei Brak en mars et en mai, attaque \u00e0 la hache tuant trois passants et en blessant gri\u00e8vement trois autres \u00e0 Elad.<\/p>\n<p style=\\\"font-weight: 400;\\\">Enfin, il y a eu une nouvelle confrontation avec le Hamas de Gaza en ao\u00fbt. C\u2019est justement ce qui explique la victoire de la droite, tant les Isra\u00e9liens \u00e9taient exc\u00e9d\u00e9s par les manifestations d\u2019un terrorisme aveugle frappant au hasard hommes, femmes et enfants.\u00a0 Ils en avaient pourtant, h\u00e9las, l\u2019habitude et savaient qu\u2019ils ne pouvaient compter sur la compr\u00e9hension d\u2019un occident qui a choisi son camp.<\/p>\n<h2>L\\&rsquo;inclination id\u00e9ologique \u00e0 minimiser le terrorisme<\/h2>\n<p style=\\\"font-weight: 400;\\\">Selon un rituel bien \u00e9tabli, soit les services de s\u00e9curit\u00e9 abattent le terroriste sur le champ, soit il arrive \u00e0 s\u2019enfuir, mais est rattrap\u00e9 t\u00f4t ou tard et \u00e9limin\u00e9. L\u2019organisation terroriste \u00e0 laquelle il appartenait proclame son intention de \u00ab venger le martyr \u00bb. La presse occidentale pr\u00e9tendra alors voir dans l\u2019attentat suivant les repr\u00e9sailles annonc\u00e9es, les l\u00e9gitimant en quelque sorte.<\/p>\n<p style=\\\"font-weight: 400;\\\">Un m\u00e9canisme bien rod\u00e9 qui d\u00e9fie la logique. Mais, vous dira-t-on, le terrorisme est l\u2019arme du faible qui n\u2019a pas d\u2019autre moyen pour confronter l\u2019oppresseur.<\/p>\n<h2>Des Fedayeen \u00e0 l\\&rsquo;OLP puis aux Islamistes<\/h2>\n<p style=\\\"font-weight: 400;\\\">Sauf qu\u2019apr\u00e8s la guerre d\u2019ind\u00e9pendance, alors que les pays arabes se refusaient \u00e0 reconna\u00eetre le jeune \u00e9tat et que les Jordaniens occupaient en toute ill\u00e9galit\u00e9 la Jud\u00e9e et la Samarie, lesquelles devaient revenir \u00e0 l\u2019\u00e9tat arabe que pr\u00e9voyait la r\u00e9solution de partition vot\u00e9e par les Nations Unies, \u00a0les attaques terroristes contre Isra\u00ebl se sont multipli\u00e9es. Des bandes de gu\u00e9rillas arm\u00e9s \u2013 les Fedayeen, qui se souvient\u00a0? &#8211; effectuaient des raids sanglants contre les populations civiles. Il s\u2019agissait selon l\u2019Encyclop\u00e9dia Britannica de \u00ab\u00a0Palestiniens op\u00e9rant contre Isra\u00ebl \u00e0 partir de bases en Syrie, au Liban et en Jordanie\u00a0<em><u>dans le but de r\u00e9tablir l\u2019h\u00e9g\u00e9monie arabe dans la Palestine historique.\u00a0<\/u><\/em>\u00bb<\/p>\n<p style=\\\"font-weight: 400;\\\">En clair, il n\u2019\u00e9tait pas question de cr\u00e9er un \u00e9tat palestinien \u00ab\u00a0en Cisjordanie et dans la bande de Gaza\u00a0\u00bb, la premi\u00e8re \u00e9tant annex\u00e9e par la Jordanie et la seconde occup\u00e9e par l\u2019Egypte.<\/p>\n<p style=\\\"font-weight: 400;\\\">On ne parlait pas \u00ab\u00a0d\u2019occupation\u00a0\u00bb de \u00ab\u00a0colonies\u00a0\u00bb et de \u00ab\u00a0colons.\u00a0\u00bb Il s\u2019agissait purement et simplement de rayer Isra\u00ebl de la carte. L\u2019arm\u00e9e lan\u00e7ait alors des op\u00e9rations de repr\u00e9sailles, n\u2019h\u00e9sitant pas \u00e0 poursuivre les responsables au-del\u00e0 de ses fronti\u00e8res. Selon un sc\u00e9nario tristement c\u00e9l\u00e8bre, le Conseil de S\u00e9curit\u00e9 des Nations Unies condamnait alors syst\u00e9matiquement ces repr\u00e9sailles.<\/p>\n<p>&nbsp;<\/p>\n<p><strong>La suite de l\u2019article se trouve dans le prochain num\u00e9ro d\u2019Isra\u00ebl Magazine<\/strong><\/p>\n<p><strong>D\u00e9couvrez un exemplaire du magazine gratuitement et cliquez ensuite sur le rebord droit<\/strong><\/p>\n<p><a href=\\\"https:\/\/online.fliphtml5.com\/rjspi\/ypmm\/#p=1\\\"><strong>https:\/\/online.fliphtml5.com\/rjspi\/ypmm\/#p=1<\/strong><\/a><\/p>\n<p><strong>Votre magazine est livr\u00e9 chez vous en toute confidentialit\u00e9<br \/>\nS\u2019abonner au magazine par t\u00e9l\u00e9phone ou par whats app 00972 (0) 54 254 45 20 ou au 01 86 98 27 27<\/strong><\/p>\n<p><strong>Par email\u00a0\u00a0<\/strong><a href=\\\"mailto:Andredarmon21@gmail.com\\\"><strong>Andredarmon21@gmail.com<\/strong><\/a><strong>\u00a0 pay pal<\/strong><\/p>\n<p><strong>Ou directement sur le site<\/strong><\/p>\n<p><a href=\\\"https:\/\/israelmagazine.co.il\/sabonner-au-magazine\/\\\"><strong>https:\/\/israelmagazine.co.il\/sabonner-au-magazine\/<\/strong><\/a><\/p>\n<p><strong>Loi du Retour ou qui est Juif ?Ou encore S\u2019abonner au magazine livr\u00e9 chez vous en toute confidentialit\u00e9. Remplir le formulaire<\/strong><\/p>\n<p><a href=\\\"https:\/\/docs.google.com\/forms\/d\/e\/1FAIpQLSfPYJfb8KjEya-X17w0DGPAuBlCGvqVUdh_Is8EL810Lxw82A\/viewform?entry.1189475001=Recipient_Email\\\"><strong>https:\/\/docs.google.com\/forms\/d\/e\/1FAIpQLSfPYJfb8KjEya-X17w0DGPAuBlCGvqVUdh_Is8EL810Lxw82A\/viewform?entry.1189475001=Recipient_Email<\/strong><\/a><\/p>\n","protected":false},"excerpt":{"rendered":"<p>Le cycle sans fin des\u00a0 \u00a0\u00ab\u00a0 repr\u00e9sailles\u00a0\u00bb et le soutien de l\u2019Occident Mich\u00e8le Mazel \u00a0Un attentat \u00e0 Tel Aviv, a fait vendredi soir trois bless\u00e9s isra\u00e9liens, tous civils\u00a0; le terroriste a \u00e9t\u00e9 abattu. Un autre attentat a \u00e9t\u00e9 \u00e9vit\u00e9 de justesse, le terroriste prenant la fuite en abandonnant son sac bourr\u00e9 d\u2019explosifs. Pour Le Monde, &hellip;<\/p>\n<p class=\"read-more\"> <a class=\"\" href=\"https:\/\/israelmagazine.net\/?p=61082\"> <span class=\"screen-reader-text\">Le cycle sans fin des\u00a0\u00ab repr\u00e9sailles\u00a0\u00bb et le soutien de l\u2019Occident  Mich\u00e8le Mazel<\/span> Lire la suite \u00bb<\/a><\/p>\n","protected":false},"author":4,"featured_media":61083,"comment_status":"open","ping_status":"open","sticky":false,"template":"","format":"standard","meta":{"site-sidebar-layout":"default","site-content-layout":"default","ast-global-header-display":"","ast-main-header-display":"","ast-hfb-above-header-display":"","ast-hfb-below-header-display":"","ast-hfb-mobile-header-display":"","site-post-title":"","ast-breadcrumbs-content":"","ast-featured-img":"","footer-sml-layout":"","theme-transparent-header-meta":"","adv-header-id-meta":"","stick-header-meta":"","header-above-stick-meta":"","header-main-stick-meta":"","header-below-stick-meta":""},"categories":[84,1621,1387,1612,3188,1614,1674,1624,1616],"tags":[821],"sujet":[],"_links":{"self":[{"href":"https:\/\/israelmagazine.net\/index.php?rest_route=\/wp\/v2\/posts\/61082"}],"collection":[{"href":"https:\/\/israelmagazine.net\/index.php?rest_route=\/wp\/v2\/posts"}],"about":[{"href":"https:\/\/israelmagazine.net\/index.php?rest_route=\/wp\/v2\/types\/post"}],"author":[{"embeddable":true,"href":"https:\/\/israelmagazine.net\/index.php?rest_route=\/wp\/v2\/users\/4"}],"replies":[{"embeddable":true,"href":"https:\/\/israelmagazine.net\/index.php?rest_route=%2Fwp%2Fv2%2Fcomments&post=61082"}],"version-history":[{"count":0,"href":"https:\/\/israelmagazine.net\/index.php?rest_route=\/wp\/v2\/posts\/61082\/revisions"}],"wp:featuredmedia":[{"embeddable":true,"href":"https:\/\/israelmagazine.net\/index.php?rest_route=\/"}],"wp:attachment":[{"href":"https:\/\/israelmagazine.net\/index.php?rest_route=%2Fwp%2Fv2%2Fmedia&parent=61082"}],"wp:term":[{"taxonomy":"category","embeddable":true,"href":"https:\/\/israelmagazine.net\/index.php?rest_route=%2Fwp%2Fv2%2Fcategories&post=61082"},{"taxonomy":"post_tag","embeddable":true,"href":"https:\/\/israelmagazine.net\/index.php?rest_route=%2Fwp%2Fv2%2Ftags&post=61082"},{"taxonomy":"sujet","embeddable":true,"href":"https:\/\/israelmagazine.net\/index.php?rest_route=%2Fwp%2Fv2%2Fsujet&post=61082"}],"curies":[{"name":"wp","href":"https:\/\/api.w.org\/{rel}","templated":true}]}}