{"id":61087,"date":"2023-03-11T21:01:55","date_gmt":"2023-03-11T19:01:55","guid":{"rendered":"https:\/\/israelmagazine.net\/?p=61087"},"modified":"2023-03-11T21:01:55","modified_gmt":"2023-03-11T19:01:55","slug":"la-reprise-des-relations-iran-arabie-saoudite-ne-compromet-pas-les-accords-dabraham","status":"publish","type":"post","link":"https:\/\/israelmagazine.net\/?p=61087","title":{"rendered":"Reprise des relations Iran-Arabie Saoudite. Cela ne compromet pas les accords d\u2019Abraham"},"content":{"rendered":"<p dir=\\\"ltr\\\"><img class=\\\"alignnone size-medium wp-image-61101\\\" src=\\\"https:\/\/israelmagazine.co.il\/wp-content\/uploads\/2023\/03\/Fq3mICkWIAAskld-300x169.jpg\\\" alt=\\\"\\\" width=\\\"300\\\" height=\\\"169\\\" \/><\/p>\n<h1 dir=\\\"ltr\\\">Reprise des relations Iran-Arabie Saoudite. Cela ne compromet pas les accords d\u2019Abraham<\/h1>\n<h3 dir=\\\"ltr\\\">Un haut responsable politique a comment\u00e9 le renouvellement des relations diplomatiques entre les deux pays et a expliqu\u00e9 que l\u2019attitude trop faible des Occidentaux -et celui du pr\u00e9c\u00e9dent gouvernement isra\u00e9lien- face \u00e0 l\u2019Iran est \u00e0 l\u2019origine de ce revirement.<\/h3>\n<h2 dir=\\\"ltr\\\">Biden et Bennett n\\&rsquo;ont pas rassur\u00e9 Riyad<\/h2>\n<p dir=\\\"ltr\\\">L\\&rsquo;Arabie saoudite s\\&rsquo;est sentie expos\u00e9e par la faiblesse de la r\u00e9ponse de l\\&rsquo;Occident aux menaces iraniennes, ce qui a conduit au renouvellement des relations entre les deux pays, selon un haut responsable politique isra\u00e9lien. Il commentait la nouvelle des relations diplomatiques renforc\u00e9es entre les deux pays du Moyen-Orient.<\/p>\n<p dir=\\\"ltr\\\">\\\u00a0\u00bbNous devons comprendre pourquoi cela s\\&rsquo;est produit et quand. Cela a commenc\u00e9 il y a environ un an (avant les \u00e9lections en Isra\u00ebl), lors d\\&rsquo;une s\u00e9rie de r\u00e9unions entre les deux\\\u00a0\u00bb, a-t-il not\u00e9 et ajout\u00e9 que \\\u00a0\u00bbcela a commenc\u00e9 en grande partie parce que l\\&rsquo;Arabie saoudite a le sentiment que la position de l\\&rsquo;Occident, et notamment celle de Biden, envers l\\&rsquo;Iran \u00e9tait tr\u00e8s faible.\\\u00a0\u00bb<\/p>\n<p dir=\\\"ltr\\\">\\\u00a0\u00bbQuand vous regardez quand ce processus [diplomatique] a commenc\u00e9, cela s\\&rsquo;est pass\u00e9 pendant cette p\u00e9riode. La position de l\\&rsquo;Occident a chang\u00e9 depuis lors, \u00e0 cause de l\u2019alliance de l\u2019Iran avec la Russie en Ukraine, mais pas suffisamment.<\/p>\n<p dir=\\\"ltr\\\">Il a \u00e9galement ajout\u00e9 que \\\u00a0\u00bbles Saoudiens se sentaient tr\u00e8s expos\u00e9s et demandaient un \u00e9quilibre. Plus la position occidentale sera forte envers l\\&rsquo;Iran, moins les relations formelles entre l\\&rsquo;Arabie saoudite et l\\&rsquo;Iran seront significatives\\\u00a0\u00bb.<\/p>\n<h2 dir=\\\"ltr\\\">Si l\\&rsquo;Occident est fort, l\\&rsquo;Arabie Saoudite penchera de son c\u00f4t\u00e9<\/h2>\n<p dir=\\\"ltr\\\">Il a soulign\u00e9 que \\\u00a0\u00bbcela ne rendra pas plus difficile la poursuite des accords d\\&rsquo;Abraham. Ce qui d\u00e9terminera leur issue n\\&rsquo;est pas la relation formelle, mais la force et la d\u00e9termination que l\\&rsquo;Arabie saoudite reconna\u00eet du c\u00f4t\u00e9 occidental. Plus grande sera la d\u00e9termination qu\\&rsquo;ils reconna\u00eetront, plus cela poussera \u00e0 une conduite saoudienne dont nous serons satisfaits. \u00bb<\/p>\n<p dir=\\\"ltr\\\">La source a \u00e9galement expliqu\u00e9 que les relations internationales d\\&rsquo;Isra\u00ebl n\\&rsquo;en seraient pas affect\u00e9es, \u00e0 cause de la r\u00e9cente temp\u00eate provoqu\u00e9e par le ministre des Finances Bezalel Smotrich et la s\u00e9v\u00e8re r\u00e9action am\u00e9ricaine qu\u2019elle a engendr\u00e9e.<\/p>\n<p dir=\\\"ltr\\\">Il se passe plus de choses sous la surface que ce que l\\&rsquo;on voit. Netanyahu se pr\u00e9ooccupe des questions iraniennes et saoudiennes bien au-del\u00e0 de ce qui peut \u00eatre d\u00e9crit.\\\u00a0\u00bb<\/p>\n<p dir=\\\"ltr\\\">\\\u00a0\u00bbLes contacts d\\&rsquo;Isra\u00ebl avec les pays de la r\u00e9gion sont tr\u00e8s fr\u00e9quents et continus\\\u00a0\u00bb, a-t-il conclu.<\/p>\n<h2 dir=\\\"ltr\\\"><span style=\\\"font-size: large;\\\">La visite de Netanyahou en Italie<\/span><\/h2>\n<p dir=\\\"ltr\\\">Le responsable a \u00e9galement comment\u00e9 la r\u00e9cente rencontre du Premier ministre Benjamin Netanyahu avec la Premi\u00e8re ministre italienne Giorgia Meloni. \\\u00a0\u00bbLa question de l\\&rsquo;Iran \u00e9tait tr\u00e8s forte dans la discussio , nous avons discut\u00e9 de choses tr\u00e8s pr\u00e9cises et concr\u00e8tes\\\u00a0\u00bb, a-t-il d\u00e9clar\u00e9.<\/p>\n<p dir=\\\"ltr\\\">Ce haut responsable a expliqu\u00e9 la mission et les objectifs de la visite officielle de Netanyahou \u00e0 Rome. \\\u00a0\u00bbUn autre probl\u00e8me est la position de soutien de l\\&rsquo;Italie pour nous dans l\\&rsquo;Union europ\u00e9enne, nous ne b\u00e9n\u00e9ficions pas toujours de beaucoup de sympathie l\u00e0-bas. Il \u00e9tait important de fortifier la position agressive contre l\\&rsquo;Iran et contre ceux qui nous attaquent. Le Premier ministre a \u00e9t\u00e9 tr\u00e8s impressionn\u00e9 par sa vision sur le sujet.<\/p>\n<p dir=\\\"ltr\\\">\u00ab Meloni a exprim\u00e9 son int\u00e9r\u00eat pour le renforcement de la coop\u00e9ration entre les pays, ils vivent une grave crise de l\\&rsquo;eau dans le pays et Isra\u00ebl est l\\&rsquo;un des leaders dans le domaine. Les deux dirigeants n\\&rsquo;ont pas discut\u00e9 de l\\&rsquo;accord gazier avec le Liban.<\/p>\n<p><strong>La suite de l\u2019article se trouve dans le prochain num\u00e9ro d\u2019Isra\u00ebl Magazine<\/strong><\/p>\n<p><strong>D\u00e9couvrez un exemplaire du magazine gratuitement et cliquez ensuite sur le rebord droit<\/strong><\/p>\n<p><a href=\\\"https:\/\/online.fliphtml5.com\/rjspi\/ypmm\/#p=1\\\"><strong>https:\/\/online.fliphtml5.com\/rjspi\/ypmm\/#p=1<\/strong><\/a><\/p>\n<p><strong>Votre magazine est livr\u00e9 chez vous en toute confidentialit\u00e9<br \/>\nS\u2019abonner au magazine par t\u00e9l\u00e9phone ou par whats app 00972 (0) 54 254 45 20 ou au 01 86 98 27 27<\/strong><\/p>\n<p><strong>Par email\u00a0\u00a0<\/strong><a href=\\\"mailto:Andredarmon21@gmail.com\\\"><strong>Andredarmon21@gmail.com<\/strong><\/a><strong>\u00a0 pay pal<\/strong><\/p>\n<p><strong>Ou directement sur le site<\/strong><\/p>\n<p><a href=\\\"https:\/\/israelmagazine.co.il\/sabonner-au-magazine\/\\\"><strong>https:\/\/israelmagazine.co.il\/sabonner-au-magazine\/<\/strong><\/a><\/p>\n<p><strong>Loi du Retour ou qui est Juif ?Ou encore S\u2019abonner au magazine livr\u00e9 chez vous en toute confidentialit\u00e9. Remplir le formulaire<\/strong><\/p>\n<p dir=\\\"ltr\\\"><a href=\\\"https:\/\/docs.google.com\/forms\/d\/e\/1FAIpQLSfPYJfb8KjEya-X17w0DGPAuBlCGvqVUdh_Is8EL810Lxw82A\/viewform?entry.1189475001=Recipient_Email\\\"><strong>https:\/\/docs.google.com\/forms\/d\/e\/1FAIpQLSfPYJfb8KjEya-X17w0DGPAuBlCGvqVUdh_Is8EL810Lxw82A\/viewform?entry.1189475001=Recipient_Email<\/strong><\/a><\/p>\n","protected":false},"excerpt":{"rendered":"<p>Reprise des relations Iran-Arabie Saoudite. Cela ne compromet pas les accords d\u2019Abraham Un haut responsable politique a comment\u00e9 le renouvellement des relations diplomatiques entre les deux pays et a expliqu\u00e9 que l\u2019attitude trop faible des Occidentaux -et celui du pr\u00e9c\u00e9dent gouvernement isra\u00e9lien- face \u00e0 l\u2019Iran est \u00e0 l\u2019origine de ce revirement. Biden et Bennett n\\&rsquo;ont &hellip;<\/p>\n<p class=\"read-more\"> <a class=\"\" href=\"https:\/\/israelmagazine.net\/?p=61087\"> <span class=\"screen-reader-text\">Reprise des relations Iran-Arabie Saoudite. Cela ne compromet pas les accords d\u2019Abraham<\/span> Lire la suite \u00bb<\/a><\/p>\n","protected":false},"author":4,"featured_media":61102,"comment_status":"open","ping_status":"open","sticky":false,"template":"","format":"standard","meta":{"site-sidebar-layout":"default","site-content-layout":"default","ast-global-header-display":"","ast-main-header-display":"","ast-hfb-above-header-display":"","ast-hfb-below-header-display":"","ast-hfb-mobile-header-display":"","site-post-title":"","ast-breadcrumbs-content":"","ast-featured-img":"","footer-sml-layout":"","theme-transparent-header-meta":"","adv-header-id-meta":"","stick-header-meta":"","header-above-stick-meta":"","header-main-stick-meta":"","header-below-stick-meta":""},"categories":[84,3160,1621,1612,1617,1679,822,1614,1191,3162],"tags":[955,931],"sujet":[],"_links":{"self":[{"href":"https:\/\/israelmagazine.net\/index.php?rest_route=\/wp\/v2\/posts\/61087"}],"collection":[{"href":"https:\/\/israelmagazine.net\/index.php?rest_route=\/wp\/v2\/posts"}],"about":[{"href":"https:\/\/israelmagazine.net\/index.php?rest_route=\/wp\/v2\/types\/post"}],"author":[{"embeddable":true,"href":"https:\/\/israelmagazine.net\/index.php?rest_route=\/wp\/v2\/users\/4"}],"replies":[{"embeddable":true,"href":"https:\/\/israelmagazine.net\/index.php?rest_route=%2Fwp%2Fv2%2Fcomments&post=61087"}],"version-history":[{"count":0,"href":"https:\/\/israelmagazine.net\/index.php?rest_route=\/wp\/v2\/posts\/61087\/revisions"}],"wp:featuredmedia":[{"embeddable":true,"href":"https:\/\/israelmagazine.net\/index.php?rest_route=\/"}],"wp:attachment":[{"href":"https:\/\/israelmagazine.net\/index.php?rest_route=%2Fwp%2Fv2%2Fmedia&parent=61087"}],"wp:term":[{"taxonomy":"category","embeddable":true,"href":"https:\/\/israelmagazine.net\/index.php?rest_route=%2Fwp%2Fv2%2Fcategories&post=61087"},{"taxonomy":"post_tag","embeddable":true,"href":"https:\/\/israelmagazine.net\/index.php?rest_route=%2Fwp%2Fv2%2Ftags&post=61087"},{"taxonomy":"sujet","embeddable":true,"href":"https:\/\/israelmagazine.net\/index.php?rest_route=%2Fwp%2Fv2%2Fsujet&post=61087"}],"curies":[{"name":"wp","href":"https:\/\/api.w.org\/{rel}","templated":true}]}}