{"id":61163,"date":"2023-03-15T10:05:54","date_gmt":"2023-03-15T08:05:54","guid":{"rendered":"https:\/\/israelmagazine.net\/?p=61163"},"modified":"2023-03-15T10:05:54","modified_gmt":"2023-03-15T08:05:54","slug":"bombe-de-megiddo-hezbollah-et-iran-a-la-manoeuvre-dans-le-nord","status":"publish","type":"post","link":"https:\/\/israelmagazine.net\/?p=61163","title":{"rendered":"Bombe de Megiddo : Hezbollah et Iran \u00e0 la man\u0153uvre dans le Nord ?"},"content":{"rendered":"<p dir=\\\"ltr\\\"><img class=\\\"alignnone size-medium wp-image-61168\\\" src=\\\"https:\/\/israelmagazine.co.il\/wp-content\/uploads\/2023\/03\/Mon-projet-2023-03-15T100831.370-300x157.jpg\\\" alt=\\\"\\\" width=\\\"300\\\" height=\\\"157\\\" \/><\/p>\n<p dir=\\\"ltr\\\"><span style=\\\"font-size: xx-large;\\\">Bombe de Megiddo : Hezbollah et Iran \u00e0 la man\u0153uvre dans le Nord ?<\/span><\/p>\n<h2 dir=\\\"ltr\\\"><span style=\\\"font-size: large;\\\">Le ministre de la D\u00e9fense a proc\u00e9d\u00e9 \u00e0 des bilans de situation, on lui a pr\u00e9sent\u00e9 \\\u00a0\u00bbles premi\u00e8res conclusions de l\\&rsquo;enqu\u00eate\\\u00a0\u00bb<\/span><\/h2>\n<p dir=\\\"ltr\\\">Dans le cadre de la panne d\\&rsquo;\u00e9lectricit\u00e9 li\u00e9e \u00e0 l\\&rsquo;explosion de Megiddo et de la s\u00e9rie alarmante de tentatives d\\&rsquo;attentats \u00e0 la bombe, Galant dresse plusieurs bilans de situation.<\/p>\n<p dir=\\\"ltr\\\">On lui a pr\u00e9sent\u00e9 les conclusions pr\u00e9liminaires de l\\&rsquo;enqu\u00eate sur les \u00e9v\u00e9nements &#8211; sans fournir plus de d\u00e9tails : \\\u00a0\u00bbLe ministre de la D\u00e9fense a charg\u00e9 l\\&rsquo;arm\u00e9e de poursuivre les efforts pour assurer la routine de la vie des citoyens d\\&rsquo;Isra\u00ebl.<\/p>\n<h3 dir=\\\"ltr\\\"><span id=\\\"m_-7015596216946186853:1y6.3\\\" role=\\\"menuitem\\\" aria-haspopup=\\\"true\\\">Eisenkot<\/span>\u00a0: \\\u00a0\u00bbC\\&rsquo;est l\\&rsquo;une des p\u00e9riodes s\u00e9curitaires les plus graves \u00e0 mon avis depuis la guerre du Yom Kippour\\\u00a0\u00bb.<\/h3>\n<p dir=\\\"ltr\\\">Au cours de la derni\u00e8re journ\u00e9e, le ministre de la D\u00e9fense, Yoav Galant, a tenu un certain nombre d\\&rsquo;\u00e9valuations de la situation suite aux incidents de s\u00e9curit\u00e9.<\/p>\n<h2 dir=\\\"ltr\\\"><span style=\\\"font-size: large;\\\">Les d\u00e9tails d\\&rsquo;abord interdits de publication, censure totale<\/span><\/h2>\n<p dir=\\\"ltr\\\">Le chef d\\&rsquo;\u00e9tat-major,\u00a0<span id=\\\"m_-7015596216946186853:1y6.4\\\" role=\\\"menuitem\\\" aria-haspopup=\\\"true\\\">Herzi<\/span> Halevi, le chef du Shin Bet, Ronan Bar, le chef de la division des op\u00e9rations, le colonel Oded Basiuk, le chef du Conseil de s\u00e9curit\u00e9, le colonel Aharon Haliva, et d\\&rsquo;autres hauts responsables du syst\u00e8me de s\u00e9curit\u00e9 ont particip\u00e9 \u00e0 l\\&rsquo;\u00e9valuation de la situation, apr\u00e8s l\\&rsquo;enqu\u00eate sur les \u00e9v\u00e9nements. Le ministre de la D\u00e9fense a charg\u00e9 de poursuivre les efforts pour assurer la tranquillit\u00e9 de la vie des citoyens d\\&rsquo;Isra\u00ebl.\\\u00a0\u00bb<\/p>\n<p dir=\\\"ltr\\\">L\\&rsquo;ancien chef d\\&rsquo;\u00e9tat-major, le d\u00e9put\u00e9 Gadi\u00a0<span id=\\\"m_-7015596216946186853:1y6.6\\\" role=\\\"menuitem\\\" aria-haspopup=\\\"true\\\">Eisenkot<\/span>, a d\u00e9clar\u00e9 hier \u00e0 l\\&rsquo;assembl\u00e9e pl\u00e9ni\u00e8re de la Knesset dans le contexte des d\u00e9veloppements s\u00e9curitaires, que \\\u00a0\u00bbl\\&rsquo;arm\u00e9e isra\u00e9lienne est \u00e0 la crois\u00e9e des chemins, et nous traversons actuellement l\\&rsquo;une des p\u00e9riodes de s\u00e9curit\u00e9 les plus graves, depuis la guerre du Yom Kippour.<\/p>\n<p dir=\\\"ltr\\\"><a href=\\\"https:\/\/videoidf.azureedge.net\/e14bfaac-07f7-4e82-81d4-bf03c55b4fe6\\\">https:\/\/videoidf.azureedge.net\/e14bfaac-07f7-4e82-81d4-bf03c55b4fe6<\/a><\/p>\n<h2 dir=\\\"ltr\\\">(Mercredi soir) Lev\u00e9e de la censure<\/h2>\n<p>Un terroriste infiltr\u00e9 depuis le Liban et a pos\u00e9 un engin pi\u00e9g\u00e9 au carrefour de Megiddo<\/p>\n<p>La panne d\u2019\u00e9lectricit\u00e9 a \u00e9t\u00e9 r\u00e9solue et on peut maintenant en publier les d\u00e9tails : L\u2019auteur de l\u2019attaque au carrefour de Megiddo est un terroriste qui s\u2019est infiltr\u00e9 depuis le Liban et a fait exploser un engin pi\u00e9g\u00e9 plus puissant que d\\&rsquo;habitude, dans ses caract\u00e9ristiques. Il a provoqu\u00e9 des blessures graves \u00e0 un Isra\u00e9lien \u2022<\/p>\n<p>Apr\u00e8s l\u2019explosion, il s\\&rsquo;est enfui avec un v\u00e9hicule &#8211; avec lequel il a atteint le carrefour d\u2019Adamit, o\u00f9 l\\&rsquo;unit\u00e9 sp\u00e9ciale de la police et les combattants du Shin Bet l\\&rsquo;ont \u00e9limin\u00e9 \u00e0 la fin d\u2019une poursuite \u2022 Dans son\u00a0 v\u00e9hicule, les forces de s\u00e9curit\u00e9 ont trouv\u00e9 une ceinture explosive, un fusil et une grenade &#8211; Les forces ont ainsi d\u00e9jou\u00e9 une autre attaque qu\u2019il avait planifi\u00e9e\u2026<\/p>\n<p>Apr\u00e8s l\u2019explosion du v\u00e9hicule sur la route 65, les services de s\u00e9curit\u00e9 ont impos\u00e9 une censure compl\u00e8te de l\u2019incident, et le ministre de la D\u00e9fense Yoav Galant a m\u00eame proc\u00e9d\u00e9 \u00e0 plusieurs \u00e9valuations de la situation \u00ab \u00e0 la suite des \u00e9v\u00e9nements de s\u00e9curit\u00e9 \u00bb. Ce soir (mercredi), on peut maintenant dire qu\u2019il s\u2019agissait d\u2019un attentat terroriste perp\u00e9tr\u00e9 par un terroriste infiltr\u00e9 du territoire libanais en Isra\u00ebl &#8211;<\/p>\n<h2>L\u2019incident de s\u00e9curit\u00e9<\/h2>\n<p>Lundi matin, un engin pi\u00e9g\u00e9 a explos\u00e9 pr\u00e8s du carrefour de Megiddo, blessant gri\u00e8vement un civil isra\u00e9lien. Lors d\u2019un premier examen, les services de s\u00e9curit\u00e9 se sont rendu compte que l\u2019engin pi\u00e9g\u00e9 \u00e9tait \u00ab inhabituel \u00bb dans ses caract\u00e9ristiques, une bombe lat\u00e9rale similaire \u00e0 une bombe en bordure de route qu\\&rsquo;on n\\&rsquo;a pas rep\u00e9r\u00e9 dans l\u2019ar\u00e8ne nord r\u00e9cemment ou du tout dans l\u2019ar\u00e8ne palestinienne.<\/p>\n<h2 dir=\\\"ltr\\\">Le terrorisme international exploite la crise interne<\/h2>\n<p dir=\\\"ltr\\\">Il ne l\u2019a pas d\u00e9clar\u00e9 comme une tentative\u00a0<span id=\\\"m_-7015596216946186853:1y6.7\\\" role=\\\"menuitem\\\" aria-haspopup=\\\"true\\\">d\u2019intimidation<\/span>, mais comme une mani\u00e8re d\\&rsquo;expliquer sa propre \u00e9valuation de la r\u00e9alit\u00e9, bas\u00e9e <em><strong>sur le renseignement et sur le d\u00e9cryptage des faits r\u00e9els<\/strong><\/em>, \u00e9galement dans le tableau global incluant les <em><strong>ar\u00e8nes iranienne, palestinienne et libanaise.<\/strong><\/em><\/p>\n<p><em><strong>Dans cette p\u00e9riode, il a recommand\u00e9 de ne pas\u00a0<span id=\\\"m_-7015596216946186853:1y6.8\\\" role=\\\"menuitem\\\" aria-haspopup=\\\"true\\\">s\u2019en<\/span>\u00a0prendre \u00e0 Tsahal en tant\u00a0<span id=\\\"m_-7015596216946186853:1y6.9\\\" role=\\\"menuitem\\\" aria-haspopup=\\\"true\\\">qu\\&rsquo;arm\u00e9e<\/span>\u00a0populaire (r\u00e9cente crise des r\u00e9servistes).<\/strong><\/em><\/p>\n<h2 dir=\\\"ltr\\\"><span style=\\\"font-size: large;\\\">Un jour s\\&rsquo;est \u00e9coul\u00e9 depuis que\u00a0<span id=\\\"m_-7015596216946186853:1y6.10\\\" role=\\\"menuitem\\\" aria-haspopup=\\\"true\\\">l\u2019engin<\/span>\u00a0explosif a d\u00e9tonn\u00e9<\/span><\/h2>\n<p dir=\\\"ltr\\\">Hier matin au carrefour de Megiddo, et les points d\\&rsquo;interrogation sont toujours nombreux.<\/p>\n<p dir=\\\"ltr\\\">Au sein de\u00a0<span id=\\\"m_-7015596216946186853:1y6.11\\\" role=\\\"menuitem\\\" aria-haspopup=\\\"true\\\">l\u2019appareil<\/span> de s\u00e9curit\u00e9, l\\&rsquo;\u00e9valuation principale est que la source de l\\&rsquo;explosion, \u00e0 partir de laquelle Sharaf Al-Din (21 ans) du village de Salem a \u00e9t\u00e9 bless\u00e9, est une attaque sur motif nationaliste &#8211; Mais un black-out complet est impos\u00e9 \u00e0 l\\&rsquo;affaire.<\/p>\n<h2 dir=\\\"ltr\\\">Galant absent du vote sur la r\u00e9forme judiciaire<\/h2>\n<p dir=\\\"ltr\\\">Mardi soir, le ministre de la D\u00e9fense, Yoav Galant, n\\&rsquo;a pas particip\u00e9 aux votes sur les lois de la r\u00e9forme judiciaire. Pendant de nombreuses heures, les routes de la zone du carrefour de Megiddo ont \u00e9t\u00e9 bloqu\u00e9es \u00e0 la circulation en raison de v\u00e9rifications, de peur de trouver des engins explosifs suppl\u00e9mentaires ou la pr\u00e9sence de personnes impliqu\u00e9es dans le placement des explosifs sur le bord de l\\&rsquo;autoroute 65.<\/p>\n<p dir=\\\"ltr\\\">Le coupable n\\&rsquo;a pas de casier judiciaire. Des faits qui renforcent le soup\u00e7on d\\&rsquo;une attaque sur fond nationaliste.<\/p>\n<h2 dir=\\\"ltr\\\"><span style=\\\"font-size: large;\\\">Les signes sur les lieux indiquent qu\\&rsquo;il s\\&rsquo;agissait bien d\\&rsquo;une attaque<\/span><\/h2>\n<p dir=\\\"ltr\\\">S\\&rsquo;il s\\&rsquo;av\u00e8re qu\\&rsquo;il s\\&rsquo;agit d\\&rsquo;un attentat terroriste, il s\\&rsquo;agit d\\&rsquo;une s\u00e9quence inhabituelle et extraordinaire, ces derni\u00e8res ann\u00e9es, d\\&rsquo;utilisation d\\&rsquo;engins explosifs par des terroristes. La semaine derni\u00e8re, quelques heures apr\u00e8s\u00a0l\\&rsquo;attaque de la rue Dizengoff, un engin explosif s\\&rsquo;est enflamm\u00e9 dans un bus \u00e0 Beitar Illit. Apparemment, il y a eu une tentative de faire exploser la charge \u00e0 distance apr\u00e8s que le terroriste soit descendu du bus, mais en raison d\\&rsquo;un dysfonctionnement, il n\\&rsquo;a pas explos\u00e9 Le terroriste a \u00e9t\u00e9 arr\u00eat\u00e9 le lendemain.<\/p>\n<h2 dir=\\\"ltr\\\">Multiplication d\\&rsquo;incidents li\u00e9s \u00e0 des d\u00e9p\u00f4ts de bombes<\/h2>\n<p dir=\\\"ltr\\\">Le matin avant l\\&rsquo;attaque \u00e0 Dizengoff et la tentative d\\&rsquo;attaque \u00e0 Beitar Illit,\u00a0les combattants de l\\&rsquo;unit\u00e9 d\\&rsquo;infiltration du Magav avaient \u00e9limin\u00e9 trois terroristes, dans le village de Jaba pr\u00e8s de J\u00e9nine, et un engin explosif que le terroriste portait sur lui &#8211; lors de sa neutralisation &#8211; a explos\u00e9.<\/p>\n<p dir=\\\"ltr\\\">Il y a cinq mois, Aryeh Shechopek (16 ans) et Tedsa Tschouma (50 ans) ont \u00e9t\u00e9 assassin\u00e9s \u00e0 J\u00e9rusalem, dans l\\&rsquo;explosion d\\&rsquo;une bombe plac\u00e9e par un habitant de J\u00e9rusalem-Est qui s\\&rsquo;identifiait \u00e0 l\\&rsquo;Etat islamique.<\/p>\n<p dir=\\\"ltr\\\">Il avait plac\u00e9 trois charges et pr\u00e9vu qu\\&rsquo;elles exploseraient en m\u00eame temps en utilisant un syst\u00e8me qu\\&rsquo;il a activ\u00e9 via son t\u00e9l\u00e9phone portable. Mais, au bout du compte, elles ont \u00e9t\u00e9 activ\u00e9es \u00e0 environ une demi-heure d\\&rsquo;intervalle.<\/p>\n<p dir=\\\"ltr\\\">La troisi\u00e8me et plus grosse charge n\\&rsquo;a pas explos\u00e9 en raison d\\&rsquo;un dysfonctionnement.\u00a0L\\&rsquo;<wbr \/>appareil s\u00e9curitaire a r\u00e9cemment mentionn\u00e9 que les organisations terroristes suivent de pr\u00e8s et ne regrettent pas les tensions internes consid\u00e9rables.<\/p>\n<h2 dir=\\\"ltr\\\">Nasrallah jubile au fond de son bunker<\/h2>\n<p dir=\\\"ltr\\\">Dans ses r\u00e9cents discours, Hassan Nasrallah, a menac\u00e9 Isra\u00ebl, affirmant, que ce qui se passe est \\\u00a0\u00bble d\u00e9but de la fin\\\u00a0\u00bb (pour Isra\u00ebl). Deux semaines auparavant, il a affirm\u00e9 qu\\&rsquo;\\\u00a0\u00bbIsra\u00ebl a peur d\\&rsquo;une guerre civile, pour la premi\u00e8re fois, il y a des organisations d\\&rsquo;immigration vers d\u2019autres pays. \u00bb.<\/p>\n<p dir=\\\"ltr\\\">Selon lui, \u00ab il y a une v\u00e9ritable \u00e9quation de dissuasion au Liban, sinon cette situation ne serait pas possible. \u00c0 cause de cette \u00e9quation, la partie isra\u00e9lienne n\\&rsquo;ose pas agir contre les soldats libanais et ne dirige pas les armes sur eux, car elle sait tr\u00e8s bien que les hommes du Hezbollah se tiennent derri\u00e8re eux en \u00e9tat d\u2019alerte maximale et suivent chacun de leurs mouvements\\\u00a0\u00bb.<\/p>\n<h2 dir=\\\"ltr\\\">Les routes de contrebande en Galil\u00e9e<\/h2>\n<p dir=\\\"ltr\\\">Ces derniers temps, des tentatives tr\u00e8s importantes de transfert d\\&rsquo;armes et de drogue ont \u00e9t\u00e9 d\u00e9couvertes sur les routes de contrebande depuis le Liban.<\/p>\n<p dir=\\\"ltr\\\">Le week-end dernier, un groupe de conducteurs de VTT a trouv\u00e9 un terrain glissant dans les\u00a0<b><i>montagnes pr\u00e8s de Dalton en Haute Galil\u00e9e.<\/i><\/b>\u00a0Hier, les d\u00e9mineurs de la police sont arriv\u00e9s sur les lieux et ont trouv\u00e9 des lance-roquettes\u00a0et des mines antipersonnelles.\u00a0Au d\u00e9part, les d\u00e9mineurs estimaient que les munitions dataient des ann\u00e9es 1990, mais les responsables du district nord ont indiqu\u00e9 que les armes avaient apparemment \u00e9t\u00e9 retir\u00e9es de la zone d\u00e9j\u00e0 dans ces ann\u00e9es -l\u00e0, et peut-\u00eatre plus t\u00f4t, \u00e0 la veille de la cr\u00e9ation de l\\&rsquo;\u00c9tat. Elles sont connues comme des armes utilis\u00e9es par les Libanais. Les d\u00e9mineurs de la police les ont fait exploser hier dans une explosion contr\u00f4l\u00e9e. Le Dr Nissan Sharifi, un r\u00e9sident de Safed et un expert de l\\&rsquo;histoire de Safed, a d\u00e9clar\u00e9 que \u00ab le Commandement du Nord a toujours \u00e9t\u00e9 une cible pour les terroristes du Liban.<\/p>\n<p dir=\\\"ltr\\\">Les roquettes &#8211; Katyusha de type S130 &#8211; sont rest\u00e9es dirig\u00e9es vers le Commandement du Nord. Les mines \u00e9taient \u00e9galement pr\u00eates \u00e0 l\\&rsquo;action.<\/p>\n<p><strong>La suite de l\u2019article se trouve dans le prochain num\u00e9ro d\u2019Isra\u00ebl Magazine<\/strong><\/p>\n<p><strong>D\u00e9couvrez un exemplaire du magazine gratuitement et cliquez ensuite sur le rebord droit<\/strong><\/p>\n<p><a href=\\\"https:\/\/online.fliphtml5.com\/rjspi\/ypmm\/#p=1\\\"><strong>https:\/\/online.fliphtml5.com\/rjspi\/ypmm\/#p=1<\/strong><\/a><\/p>\n<p><strong>Votre magazine est livr\u00e9 chez vous en toute confidentialit\u00e9<br \/>\nS\u2019abonner au magazine par t\u00e9l\u00e9phone ou par whats app 00972 (0) 54 254 45 20 ou au 01 86 98 27 27<\/strong><\/p>\n<p><strong>Par email\u00a0\u00a0<\/strong><a href=\\\"mailto:Andredarmon21@gmail.com\\\"><strong>Andredarmon21@gmail.com<\/strong><\/a><strong>\u00a0 pay pal<\/strong><\/p>\n<p><strong>Ou directement sur le site<\/strong><\/p>\n<p><a href=\\\"https:\/\/israelmagazine.co.il\/sabonner-au-magazine\/\\\"><strong>https:\/\/israelmagazine.co.il\/sabonner-au-magazine\/<\/strong><\/a><\/p>\n<p><strong>Loi du Retour ou qui est Juif ?Ou encore S\u2019abonner au magazine livr\u00e9 chez vous en toute confidentialit\u00e9. Remplir le formulaire<\/strong><\/p>\n<p><a href=\\\"https:\/\/docs.google.com\/forms\/d\/e\/1FAIpQLSfPYJfb8KjEya-X17w0DGPAuBlCGvqVUdh_Is8EL810Lxw82A\/viewform?entry.1189475001=Recipient_Email\\\"><strong>https:\/\/docs.google.com\/forms\/d\/e\/1FAIpQLSfPYJfb8KjEya-X17w0DGPAuBlCGvqVUdh_Is8EL810Lxw82A\/viewform?entry.1189475001=Recipient_Email<\/strong><\/a><\/p>\n","protected":false},"excerpt":{"rendered":"<p>Bombe de Megiddo : Hezbollah et Iran \u00e0 la man\u0153uvre dans le Nord ? Le ministre de la D\u00e9fense a proc\u00e9d\u00e9 \u00e0 des bilans de situation, on lui a pr\u00e9sent\u00e9 \\\u00a0\u00bbles premi\u00e8res conclusions de l\\&rsquo;enqu\u00eate\\\u00a0\u00bb Dans le cadre de la panne d\\&rsquo;\u00e9lectricit\u00e9 li\u00e9e \u00e0 l\\&rsquo;explosion de Megiddo et de la s\u00e9rie alarmante de tentatives d\\&rsquo;attentats &hellip;<\/p>\n<p class=\"read-more\"> <a class=\"\" href=\"https:\/\/israelmagazine.net\/?p=61163\"> <span class=\"screen-reader-text\">Bombe de Megiddo : Hezbollah et Iran \u00e0 la man\u0153uvre dans le Nord ?<\/span> Lire la suite \u00bb<\/a><\/p>\n","protected":false},"author":4,"featured_media":61165,"comment_status":"open","ping_status":"open","sticky":false,"template":"","format":"standard","meta":{"site-sidebar-layout":"default","site-content-layout":"default","ast-global-header-display":"","ast-main-header-display":"","ast-hfb-above-header-display":"","ast-hfb-below-header-display":"","ast-hfb-mobile-header-display":"","site-post-title":"","ast-breadcrumbs-content":"","ast-featured-img":"","footer-sml-layout":"","theme-transparent-header-meta":"","adv-header-id-meta":"","stick-header-meta":"","header-above-stick-meta":"","header-main-stick-meta":"","header-below-stick-meta":""},"categories":[84,1621,1612,1614,1674,1624,1616],"tags":[955,821,742],"sujet":[],"_links":{"self":[{"href":"https:\/\/israelmagazine.net\/index.php?rest_route=\/wp\/v2\/posts\/61163"}],"collection":[{"href":"https:\/\/israelmagazine.net\/index.php?rest_route=\/wp\/v2\/posts"}],"about":[{"href":"https:\/\/israelmagazine.net\/index.php?rest_route=\/wp\/v2\/types\/post"}],"author":[{"embeddable":true,"href":"https:\/\/israelmagazine.net\/index.php?rest_route=\/wp\/v2\/users\/4"}],"replies":[{"embeddable":true,"href":"https:\/\/israelmagazine.net\/index.php?rest_route=%2Fwp%2Fv2%2Fcomments&post=61163"}],"version-history":[{"count":0,"href":"https:\/\/israelmagazine.net\/index.php?rest_route=\/wp\/v2\/posts\/61163\/revisions"}],"wp:featuredmedia":[{"embeddable":true,"href":"https:\/\/israelmagazine.net\/index.php?rest_route=\/"}],"wp:attachment":[{"href":"https:\/\/israelmagazine.net\/index.php?rest_route=%2Fwp%2Fv2%2Fmedia&parent=61163"}],"wp:term":[{"taxonomy":"category","embeddable":true,"href":"https:\/\/israelmagazine.net\/index.php?rest_route=%2Fwp%2Fv2%2Fcategories&post=61163"},{"taxonomy":"post_tag","embeddable":true,"href":"https:\/\/israelmagazine.net\/index.php?rest_route=%2Fwp%2Fv2%2Ftags&post=61163"},{"taxonomy":"sujet","embeddable":true,"href":"https:\/\/israelmagazine.net\/index.php?rest_route=%2Fwp%2Fv2%2Fsujet&post=61163"}],"curies":[{"name":"wp","href":"https:\/\/api.w.org\/{rel}","templated":true}]}}