{"id":61187,"date":"2023-03-15T20:25:09","date_gmt":"2023-03-15T18:25:09","guid":{"rendered":"https:\/\/israelmagazine.net\/?p=61187"},"modified":"2023-03-15T20:25:09","modified_gmt":"2023-03-15T18:25:09","slug":"lunion-europeenne-en-donneuse-de-lecons-michele-mazel","status":"publish","type":"post","link":"https:\/\/israelmagazine.net\/?p=61187","title":{"rendered":"L\u2019Union europ\u00e9enne en donneuse de le\u00e7ons  Mich\u00e8le Mazel"},"content":{"rendered":"<h1><img class=\\\"alignnone size-medium wp-image-61195\\\" src=\\\"https:\/\/israelmagazine.co.il\/wp-content\/uploads\/2023\/03\/Mon-projet-2023-03-15T202658.966-300x157.jpg\\\" alt=\\\"\\\" width=\\\"300\\\" height=\\\"157\\\" \/><\/h1>\n<h1 style=\\\"font-weight: 400;\\\">L\u2019Union europ\u00e9enne en donneuse de le\u00e7ons<\/h1>\n<h2 style=\\\"font-weight: 400;\\\">Mich\u00e8le Mazel<\/h2>\n<p>On aurait pu croire que le parlement europ\u00e9en, secou\u00e9 par le scandale du Qatargate, ferait preuve d\u2019un peu plus d\u2019humilit\u00e9 s\u2019agissant de donner des le\u00e7ons \u00e0 d\u2019autres parlements.<\/p>\n<h2>Comment le vilain petit Qatar a pli\u00e9 l\\&rsquo;Europe \u00e0 sa volont\u00e9<\/h2>\n<p>Ce scandale, qui a \u00e9clat\u00e9 en d\u00e9cembre 2022 pendant le \u00ab Mondial \u00bb, ce championnat du monde de Football qui se tenait justement dans ce petit \u00e9tat du Moyen-Orient a mis en lumi\u00e8re une vaste affaire de corruption.<\/p>\n<p>Le Qatar a fait preuve d\u2019une grande g\u00e9n\u00e9rosit\u00e9 envers certains des membres du parlement, et notamment celle qui en \u00e9tait alors la vice-pr\u00e9sidente et qui est aujourd\u2019hui en prison.<\/p>\n<p>Les uns et les autres sont soup\u00e7onn\u00e9s d\u2019avoir re\u00e7u d\u2019importants sommes d\u2019argent ou des cadeaux de grande valeur pour favoriser des d\u00e9cisions politiques et \u00e9conomiques touchant ce pays. La justice belge poursuit son enqu\u00eate.<\/p>\n<h2>L\\&rsquo;Europe, qui a con\u00e7u le totalitarisme, nous apprend la \\\u00a0\u00bbd\u00e9mocratie\\\u00a0\u00bb<\/h2>\n<p>C\u2019est pourtant le moment que choisit Monsieur Josep Borrell, responsable de la politique \u00e9trang\u00e8re du parlement, pour se pencher sur la situation en Isra\u00ebl et plus particuli\u00e8rement sur la r\u00e9forme du syst\u00e8me judiciaire, que souhaite effectuer le gouvernement de coalition r\u00e9cemment \u00e9lu et qui dispose de 64 si\u00e8ges sur les 120 que compte la Knesset, le parlement isra\u00e9lien.<\/p>\n<h2>La distinction du partenaire-cl\u00e9<\/h2>\n<p>Alors qu\u2019il s\u2019appr\u00eate \u00e0 rencontrer son homologue isra\u00e9lien, le ministre des Affaires \u00c9trang\u00e8res Eli Cohen, il a d\u00e9clar\u00e9 pompeusement que l\u2019Union europ\u00e9enne n\u2019h\u00e9siterait pas \u00e0 \u00ab exprimer son inqui\u00e9tude \u00bb au sujet de ce qu\u2019il qualifie de programme de r\u00e9forme judiciaire, ajoutant \u00ab Nous sommes un observateur attentif parce que Isra\u00ebl est un partenaire cl\u00e9 et nos valeurs communes sont bas\u00e9es sur une soci\u00e9t\u00e9 d\u00e9mocratique, ouverte et l\u2019\u00e9tat de droit. Nous nous attendons \u00e0 ce que cela continue. \u00bb<\/p>\n<p>\u00c0 vrai dire, cette affirmation fait chaud au c\u0153ur. Qui aurait cru que l\u2019Union europ\u00e9enne tenait Isra\u00ebl en si haute estime et voyait en l\u2019\u00c9tat juif un partenaire cl\u00e9 ?<\/p>\n<h2>Le m\u00eame Borrell travaille sans sourciller avec l\\&rsquo;Iran<\/h2>\n<p>Dire qu\u2019il y a moins de cinq ans, monsieur Borrell, alors ministre des Affaires \u00e9trang\u00e8res de l\u2019Espagne, s\u2019exprimait sans \u00e9tat d\u2019\u00e2me dans une interview \u00e0 Politico sur la volont\u00e9 de l\u2019Iran de d\u00e9truire Isra\u00ebl :<\/p>\n<p>\u00ab Nous avons nos propres perspectives, int\u00e9r\u00eats et strat\u00e9gie et nous continuerons \u00e0 travailler avec l\u2019Iran\u2026 L\u2019Iran veut an\u00e9antir Isra\u00ebl ? Rien de nouveau l\u00e0-dedans ? Il faut vivre avec. \u00bb<\/p>\n<p>Maintenant \u00e0 la barre de l\u2019Union europ\u00e9enne, Monsieur Borrell est toujours aussi pragmatique. Tous les membres de cette Union ne correspondent peut-\u00eatre pas \u00e0 sa d\u00e9finition de \u00ab soci\u00e9t\u00e9 d\u00e9mocratique et ouverte \u00e0 l\u2019Etat de droit. \u00bb<\/p>\n<p>Il a s\u00fbrement quelques r\u00e9serves sur la situation, par exemple, en Hongrie et en Pologne. En homme pragmatique, il sait qu\u2019il faut vivre avec.<\/p>\n<h2>Pourquoi pr\u00e9juger d\\&rsquo;un processus&#8230; d\u00e9mocratique ?<\/h2>\n<p>Mais en ce qui concerne Isra\u00ebl, il n\u2019a pas de probl\u00e8me \u00e0 porter jugement sur un processus en cours et dont nul ne sait comment il aboutira.<\/p>\n<p>Les interventions ext\u00e9rieures ne font qu\u2019exacerber les tensions de part et d\u2019autre.\u00a0 Les Isra\u00e9liens eux-m\u00eames sont divis\u00e9s et nombreux sont ceux qui cherchent un compromis raisonnable.<\/p>\n<p>S\u2019ils y arrivent, nul doute que telle la mouche du coche, il y aura des \u00ab conseilleurs \u00bb pour en revendiquer le succ\u00e8s.<\/p>\n<p><img class=\\\"alignnone size-medium wp-image-61188\\\" src=\\\"https:\/\/israelmagazine.co.il\/wp-content\/uploads\/2023\/03\/LW_1YF7k11-1-300x300.jpg\\\" alt=\\\"\\\" width=\\\"300\\\" height=\\\"300\\\" \/><\/p>\n<h3 class=\\\"jeg_author_name fn\\\">Mich\u00e8le Mazel<\/h3>\n<div class=\\\"jeg_author_desc\\\">\n<p><em>Mich\u00e8le Mazel est dipl\u00f4m\u00e9e de Sciences-Po et licenci\u00e9e en Droit, et a \u00e9t\u00e9 boursi\u00e8re Fullbright en science politique.<\/em><br \/>\n<em>Pendant plus de trente ans, elle a accompagn\u00e9 de par le monde son mari, le diplomate Zvi Mazel, qui fut notamment ambassadeur d\u2019Isra\u00ebl en Egypte, en Roumanie et en Su\u00e8de.<\/em><\/p>\n<p><em>Elle en a tir\u00e9 la mati\u00e8re de nombreux ouvrages \u2013 thrillers et romans. Elle contribue r\u00e9guli\u00e8rement \u00e0 plusieurs organes de presse.<\/em><\/p>\n<\/div>\n<p><strong>La suite de l\u2019article se trouve dans le prochain num\u00e9ro d\u2019Isra\u00ebl Magazine<\/strong><\/p>\n<p><strong>D\u00e9couvrez un exemplaire du magazine gratuitement et cliquez ensuite sur le rebord droit<\/strong><\/p>\n<p><a href=\\\"https:\/\/online.fliphtml5.com\/rjspi\/ypmm\/#p=1\\\"><strong>https:\/\/online.fliphtml5.com\/rjspi\/ypmm\/#p=1<\/strong><\/a><\/p>\n<p><strong>Votre magazine est livr\u00e9 chez vous en toute confidentialit\u00e9<br \/>\nS\u2019abonner au magazine par t\u00e9l\u00e9phone ou par whats app 00972 (0) 54 254 45 20 ou au 01 86 98 27 27<\/strong><\/p>\n<p><strong>Par email\u00a0\u00a0<\/strong><a href=\\\"mailto:Andredarmon21@gmail.com\\\"><strong>Andredarmon21@gmail.com<\/strong><\/a><strong>\u00a0 pay pal<\/strong><\/p>\n<p><strong>Ou directement sur le site<\/strong><\/p>\n<p><a href=\\\"https:\/\/israelmagazine.co.il\/sabonner-au-magazine\/\\\"><strong>https:\/\/israelmagazine.co.il\/sabonner-au-magazine\/<\/strong><\/a><\/p>\n<p><strong>Loi du Retour ou qui est Juif ?Ou encore S\u2019abonner au magazine livr\u00e9 chez vous en toute confidentialit\u00e9. Remplir le formulaire<\/strong><\/p>\n<p><a href=\\\"https:\/\/docs.google.com\/forms\/d\/e\/1FAIpQLSfPYJfb8KjEya-X17w0DGPAuBlCGvqVUdh_Is8EL810Lxw82A\/viewform?entry.1189475001=Recipient_Email\\\"><strong>https:\/\/docs.google.com\/forms\/d\/e\/1FAIpQLSfPYJfb8KjEya-X17w0DGPAuBlCGvqVUdh_Is8EL810Lxw82A\/viewform?entry.1189475001=Recipient_Email<\/strong><\/a><\/p>\n","protected":false},"excerpt":{"rendered":"<p>L\u2019Union europ\u00e9enne en donneuse de le\u00e7ons Mich\u00e8le Mazel On aurait pu croire que le parlement europ\u00e9en, secou\u00e9 par le scandale du Qatargate, ferait preuve d\u2019un peu plus d\u2019humilit\u00e9 s\u2019agissant de donner des le\u00e7ons \u00e0 d\u2019autres parlements. Comment le vilain petit Qatar a pli\u00e9 l\\&rsquo;Europe \u00e0 sa volont\u00e9 Ce scandale, qui a \u00e9clat\u00e9 en d\u00e9cembre 2022 &hellip;<\/p>\n<p class=\"read-more\"> <a class=\"\" href=\"https:\/\/israelmagazine.net\/?p=61187\"> <span class=\"screen-reader-text\">L\u2019Union europ\u00e9enne en donneuse de le\u00e7ons  Mich\u00e8le Mazel<\/span> Lire la suite \u00bb<\/a><\/p>\n","protected":false},"author":4,"featured_media":61190,"comment_status":"open","ping_status":"open","sticky":false,"template":"","format":"standard","meta":{"site-sidebar-layout":"default","site-content-layout":"default","ast-global-header-display":"","ast-main-header-display":"","ast-hfb-above-header-display":"","ast-hfb-below-header-display":"","ast-hfb-mobile-header-display":"","site-post-title":"","ast-breadcrumbs-content":"","ast-featured-img":"","footer-sml-layout":"","theme-transparent-header-meta":"","adv-header-id-meta":"","stick-header-meta":"","header-above-stick-meta":"","header-main-stick-meta":"","header-below-stick-meta":""},"categories":[84,1621,1617,3146,3163,822,3191],"tags":[1474,1964],"sujet":[],"_links":{"self":[{"href":"https:\/\/israelmagazine.net\/index.php?rest_route=\/wp\/v2\/posts\/61187"}],"collection":[{"href":"https:\/\/israelmagazine.net\/index.php?rest_route=\/wp\/v2\/posts"}],"about":[{"href":"https:\/\/israelmagazine.net\/index.php?rest_route=\/wp\/v2\/types\/post"}],"author":[{"embeddable":true,"href":"https:\/\/israelmagazine.net\/index.php?rest_route=\/wp\/v2\/users\/4"}],"replies":[{"embeddable":true,"href":"https:\/\/israelmagazine.net\/index.php?rest_route=%2Fwp%2Fv2%2Fcomments&post=61187"}],"version-history":[{"count":0,"href":"https:\/\/israelmagazine.net\/index.php?rest_route=\/wp\/v2\/posts\/61187\/revisions"}],"wp:featuredmedia":[{"embeddable":true,"href":"https:\/\/israelmagazine.net\/index.php?rest_route=\/"}],"wp:attachment":[{"href":"https:\/\/israelmagazine.net\/index.php?rest_route=%2Fwp%2Fv2%2Fmedia&parent=61187"}],"wp:term":[{"taxonomy":"category","embeddable":true,"href":"https:\/\/israelmagazine.net\/index.php?rest_route=%2Fwp%2Fv2%2Fcategories&post=61187"},{"taxonomy":"post_tag","embeddable":true,"href":"https:\/\/israelmagazine.net\/index.php?rest_route=%2Fwp%2Fv2%2Ftags&post=61187"},{"taxonomy":"sujet","embeddable":true,"href":"https:\/\/israelmagazine.net\/index.php?rest_route=%2Fwp%2Fv2%2Fsujet&post=61187"}],"curies":[{"name":"wp","href":"https:\/\/api.w.org\/{rel}","templated":true}]}}