{"id":61199,"date":"2023-03-16T09:14:44","date_gmt":"2023-03-16T07:14:44","guid":{"rendered":"https:\/\/israelmagazine.net\/?p=61199"},"modified":"2023-03-16T09:14:44","modified_gmt":"2023-03-16T07:14:44","slug":"la-coalition-rejette-le-compromis-herzog-une-proposition-unilaterale-biaisee-et-inacceptable","status":"publish","type":"post","link":"https:\/\/israelmagazine.net\/?p=61199","title":{"rendered":"La Coalition rejette le compromis Herzog : \\\u00a0\u00bbune proposition unilat\u00e9rale, biais\u00e9e et inacceptable\\\u00a0\u00bb"},"content":{"rendered":"<h1><img class=\\\"alignnone size-medium wp-image-61204\\\" src=\\\"https:\/\/israelmagazine.co.il\/wp-content\/uploads\/2023\/03\/Benjamin-Netanyahu-Knesset-768x4661-1-300x182.jpg\\\" alt=\\\"\\\" width=\\\"300\\\" height=\\\"182\\\" \/><\/h1>\n<h1>La Coalition rejette le compromis Herzog : \\\u00a0\u00bbune proposition unilat\u00e9rale, biais\u00e9e et inacceptable\\\u00a0\u00bb<\/h1>\n<h3>Apr\u00e8s la fin du discours du pr\u00e9sident, le Likoud a annonc\u00e9 que le Projet du Peuple (\\\u00a0\u00bbMitve Ha\\&rsquo;am\\\u00a0\u00bb) n\\&rsquo;\u00e9tait pas acceptable pour eux.<\/h3>\n<h3>Les chefs de la coalition disent : \u00ab c\\&rsquo;est une annulation compl\u00e8te des changements n\u00e9cessaires \u00bb. Netanyahou : \\\u00a0\u00bb(Elle ne fait que) Perp\u00e9tuer la situation existante.\\\u00a0\u00bb Gantz soutient, Lapid salue et accuse : \\\u00a0\u00bbLa r\u00e9action de la coalition \u2013 est une insulte \u00e0 la pr\u00e9sidence\\\u00a0\u00bb. L\\&rsquo;\u00e9tat-major de la lutte : \\\u00a0\u00bb(Le texte) \u00e9nonce des nouvelles positives \u00e0 c\u00f4t\u00e9 des concessions contre lesquelles nous lutterons\\\u00a0\u00bb<\/h3>\n<h2>Netanyahou r\u00e9pond au pr\u00e9sident : \\\u00a0\u00bbLes clauses essentielles perp\u00e9tuent la situation existante et n\\&rsquo;apportent pas d\\&rsquo;\u00e9quilibre\\\u00a0\u00bb.<\/h2>\n<p>Sept minutes seulement se sont \u00e9coul\u00e9es depuis la fin du discours du pr\u00e9sident Yitzhak Herzog, jusqu\\&rsquo;au moment o\u00f9 l\\&rsquo;\u00e9missaire du Premier ministre Benjamin Netanyahou, qui s\\&rsquo;occupe de la r\u00e9volution judiciaire, annonce que le \\\u00a0\u00bbplan du peuple\\\u00a0\u00bb pr\u00e9sent\u00e9 par Herzog n\\&rsquo;est pas acceptable pour le Likoud et le gouvernement.<\/p>\n<p>Pr\u00e8s de deux heures plus tard, les dirigeants de la coalition ont annonc\u00e9 une position unifi\u00e9e &#8211; selon laquelle \\\u00a0\u00bbla proposition du pr\u00e9sident signifie l<strong><em>\\&rsquo;annulation compl\u00e8te des changements n\u00e9cessaires<\/em><\/strong> dans le syst\u00e8me judiciaire\\\u00a0\u00bb : \u00ab elle est unilat\u00e9rale, partiale et inacceptable. La proposition ignore les probl\u00e8mes fondamentaux pr\u00e9sent\u00e9s par le pr\u00e9sident dans son premier discours et les exacerbe m\u00eame. Tous les chefs des partis de la coalition et les membres des partis du camp national sont unis pour apporter <strong><em>une bonne esquisse d\\&rsquo;un \u00e9quilibre responsable<\/em><\/strong> entre les instances gouvernantes.\\\u00a0\u00bb<\/p>\n<h2>Bibi Netanyahou : pas d\\&rsquo;\u00e9quilibre dans la proposition<\/h2>\n<p>Le Premier ministre Benjamin Netanyahou a \u00e9galement \u00e9voqu\u00e9 le projet avant son d\u00e9part pour Berlin \u2013 et l\\&rsquo;a, en fait, rejet\u00e9. \\\u00a0\u00bbToute tentative pour <strong><em>parvenir \u00e0 un accord, pour n\u00e9gocier, est appropri\u00e9e<\/em><\/strong> et donc les repr\u00e9sentants de la coalition sont all\u00e9s et ont parl\u00e9 avec le pr\u00e9sident \u00e0 maintes reprises, tandis que les repr\u00e9sentants de l\\&rsquo;opposition n\\&rsquo;\u00e9taient pas pr\u00eats \u00e0 \u00e9voquer un seul litige \u00e0 r\u00e9soudre. Les choses pr\u00e9sent\u00e9es par le pr\u00e9sident \u00e9taient contradictoires, n\\&rsquo;ont pas \u00e9t\u00e9 accept\u00e9s par les repr\u00e9sentants de la coalition et les clauses principales de celle-ci ne font que <em><strong>perp\u00e9tuer la situation existante<\/strong><\/em> et n\\&rsquo;apportent pas l\\&rsquo;\u00e9quilibre requis entre les autorit\u00e9s l\u00e9gales.<\/p>\n<p>Les leaders de l\\&rsquo;opposition ont attendu la premi\u00e8re r\u00e9action des leaders de la contestation et apr\u00e8s cela, ils ont ensuite salu\u00e9 le sch\u00e9ma (propos\u00e9 par le pr\u00e9sident).<\/p>\n<p>\u00ab Pour \u00e9viter tout doute, le plan du pr\u00e9sident est un plan unilat\u00e9ral du pr\u00e9sident et non un plan convenu de quelque mani\u00e8re que ce soit par un facteur quelconque de la coalition \u00bb, a \u00e9crit le secr\u00e9taire du Cabinet Yossi Fuchs, nomm\u00e9 par Netanyahou pour traiter la question.<\/p>\n<p><strong>La suite de l\u2019article se trouve dans le prochain num\u00e9ro d\u2019Isra\u00ebl Magazine<\/strong><\/p>\n<p><strong>D\u00e9couvrez un exemplaire du magazine gratuitement et cliquez ensuite sur le rebord droit<\/strong><\/p>\n<p><a href=\\\"https:\/\/online.fliphtml5.com\/rjspi\/ypmm\/#p=1\\\"><strong>https:\/\/online.fliphtml5.com\/rjspi\/ypmm\/#p=1<\/strong><\/a><\/p>\n<p><strong>Votre magazine est livr\u00e9 chez vous en toute confidentialit\u00e9<br \/>\nS\u2019abonner au magazine par t\u00e9l\u00e9phone ou par whats app 00972 (0) 54 254 45 20 ou au 01 86 98 27 27<\/strong><\/p>\n<p><strong>Par email\u00a0\u00a0<\/strong><a href=\\\"mailto:Andredarmon21@gmail.com\\\"><strong>Andredarmon21@gmail.com<\/strong><\/a><strong>\u00a0 pay pal<\/strong><\/p>\n<p><strong>Ou directement sur le site<\/strong><\/p>\n<p><a href=\\\"https:\/\/israelmagazine.co.il\/sabonner-au-magazine\/\\\"><strong>https:\/\/israelmagazine.co.il\/sabonner-au-magazine\/<\/strong><\/a><\/p>\n<p><strong>Loi du Retour ou qui est Juif ?Ou encore S\u2019abonner au magazine livr\u00e9 chez vous en toute confidentialit\u00e9. Remplir le formulaire<\/strong><\/p>\n<p><a href=\\\"https:\/\/docs.google.com\/forms\/d\/e\/1FAIpQLSfPYJfb8KjEya-X17w0DGPAuBlCGvqVUdh_Is8EL810Lxw82A\/viewform?entry.1189475001=Recipient_Email\\\"><strong>https:\/\/docs.google.com\/forms\/d\/e\/1FAIpQLSfPYJfb8KjEya-X17w0DGPAuBlCGvqVUdh_Is8EL810Lxw82A\/viewform?entry.1189475001=Recipient_Email<\/strong><\/a><\/p>\n<p><strong><u>\u00a0<\/u><\/strong><\/p>\n<p>&nbsp;<\/p>\n","protected":false},"excerpt":{"rendered":"<p>La Coalition rejette le compromis Herzog : \\\u00a0\u00bbune proposition unilat\u00e9rale, biais\u00e9e et inacceptable\\\u00a0\u00bb Apr\u00e8s la fin du discours du pr\u00e9sident, le Likoud a annonc\u00e9 que le Projet du Peuple (\\\u00a0\u00bbMitve Ha\\&rsquo;am\\\u00a0\u00bb) n\\&rsquo;\u00e9tait pas acceptable pour eux. Les chefs de la coalition disent : \u00ab c\\&rsquo;est une annulation compl\u00e8te des changements n\u00e9cessaires \u00bb. Netanyahou : \\\u00a0\u00bb(Elle &hellip;<\/p>\n<p class=\"read-more\"> <a class=\"\" href=\"https:\/\/israelmagazine.net\/?p=61199\"> <span class=\"screen-reader-text\">La Coalition rejette le compromis Herzog : \\\u00a0\u00bbune proposition unilat\u00e9rale, biais\u00e9e et inacceptable\\\u00a0\u00bb<\/span> Lire la suite \u00bb<\/a><\/p>\n","protected":false},"author":4,"featured_media":61200,"comment_status":"open","ping_status":"open","sticky":false,"template":"","format":"standard","meta":{"site-sidebar-layout":"default","site-content-layout":"default","ast-global-header-display":"","ast-main-header-display":"","ast-hfb-above-header-display":"","ast-hfb-below-header-display":"","ast-hfb-mobile-header-display":"","site-post-title":"","ast-breadcrumbs-content":"","ast-featured-img":"","footer-sml-layout":"","theme-transparent-header-meta":"","adv-header-id-meta":"","stick-header-meta":"","header-above-stick-meta":"","header-main-stick-meta":"","header-below-stick-meta":""},"categories":[84,1621,1674,1191,3191],"tags":[1739,1474,1628,1839],"sujet":[],"_links":{"self":[{"href":"https:\/\/israelmagazine.net\/index.php?rest_route=\/wp\/v2\/posts\/61199"}],"collection":[{"href":"https:\/\/israelmagazine.net\/index.php?rest_route=\/wp\/v2\/posts"}],"about":[{"href":"https:\/\/israelmagazine.net\/index.php?rest_route=\/wp\/v2\/types\/post"}],"author":[{"embeddable":true,"href":"https:\/\/israelmagazine.net\/index.php?rest_route=\/wp\/v2\/users\/4"}],"replies":[{"embeddable":true,"href":"https:\/\/israelmagazine.net\/index.php?rest_route=%2Fwp%2Fv2%2Fcomments&post=61199"}],"version-history":[{"count":0,"href":"https:\/\/israelmagazine.net\/index.php?rest_route=\/wp\/v2\/posts\/61199\/revisions"}],"wp:featuredmedia":[{"embeddable":true,"href":"https:\/\/israelmagazine.net\/index.php?rest_route=\/"}],"wp:attachment":[{"href":"https:\/\/israelmagazine.net\/index.php?rest_route=%2Fwp%2Fv2%2Fmedia&parent=61199"}],"wp:term":[{"taxonomy":"category","embeddable":true,"href":"https:\/\/israelmagazine.net\/index.php?rest_route=%2Fwp%2Fv2%2Fcategories&post=61199"},{"taxonomy":"post_tag","embeddable":true,"href":"https:\/\/israelmagazine.net\/index.php?rest_route=%2Fwp%2Fv2%2Ftags&post=61199"},{"taxonomy":"sujet","embeddable":true,"href":"https:\/\/israelmagazine.net\/index.php?rest_route=%2Fwp%2Fv2%2Fsujet&post=61199"}],"curies":[{"name":"wp","href":"https:\/\/api.w.org\/{rel}","templated":true}]}}