{"id":61208,"date":"2023-03-17T07:49:32","date_gmt":"2023-03-17T05:49:32","guid":{"rendered":"https:\/\/israelmagazine.net\/?p=61208"},"modified":"2023-03-17T07:49:32","modified_gmt":"2023-03-17T05:49:32","slug":"menaces-sur-une-soiree-privee-en-hommage-au-leader-sioniste-jacques-kupfer-zal-a-paris-le-19-mars-2023paris-le-19-mars-2023","status":"publish","type":"post","link":"https:\/\/israelmagazine.net\/?p=61208","title":{"rendered":"Menaces sur une soir\u00e9e priv\u00e9e en hommage au leader sioniste Jacques Kupfer (zal) \u00e0 Paris le 19 mars 2023"},"content":{"rendered":"<h1><img class=\\\"alignnone size-medium wp-image-61213\\\" src=\\\"https:\/\/israelmagazine.co.il\/wp-content\/uploads\/2023\/03\/Mon-projet-2023-03-17T075114.025-300x157.jpg\\\" alt=\\\"\\\" width=\\\"300\\\" height=\\\"157\\\" \/><\/h1>\n<h1>Menaces sur une soir\u00e9e priv\u00e9e en hommage au leader sioniste Jacques Kupfer (zal) \u00e0 Paris le 19 mars 2023 &#8211;<\/h1>\n<p>Le ministre des Finances isra\u00e9lien des Finances, Bezalel Smotrich doit participer \u00e0 cet hommage. Il y a eu les traditionnelles pressions des antisionistes et antis\u00e9mites, mensonges inclus, notamment dans un courrier adress\u00e9 \u00e0 la Pr\u00e9fecture de Paris. Mais pas seulement. Des voix de \u00ab responsables communautaires juifs \u00bb avaient \u00e9galement dit publiquement leur rejet et condamnation de \u00ab discours populistes, stigmatisants et haineux dans le d\u00e9bat public isra\u00e9lien, et ce, jusque dans les propos de certains ministres en poste \u00bb. Comme le r\u00e9sumait le Pr\u00e9sident du Crif dans un \u00e9ditorial o\u00f9 il \u00e9tait pourtant plus mesur\u00e9 que d\u2019autres. On se demande d\u2019ailleurs si ces m\u00eames responsables condamnent avec autant de d\u00e9termination la venue de Mahmoud Abbas en France, lui qui promeut un terrorisme sanguinaire cofinanc\u00e9 par le contribuable fran\u00e7ais.<\/p>\n<h2>Regret de propos suite \u00e0 un attentat<\/h2>\n<p>Le ministre isra\u00e9lien des Finances, Bezalel Smotrich, chef de file du Parti national sioniste religieux, issu d\u2019une famille en partie marqu\u00e9e par la Shoah, en partie enracin\u00e9e \u00e0 J\u00e9rusalem depuis des g\u00e9n\u00e9rations, se r\u00e9clame des valeurs de la Torah. Avocat et parlementaire, avant de devenir ministre, il est coutumier des d\u00e9clarations \u00e0 l\u2019emporte-pi\u00e8ce, souvent prononc\u00e9es en r\u00e9action \u00e0 des propos tenus, et sur lesquelles il peut revenir en les regrettant. Comme il vient de le faire concernant sa d\u00e9claration \u00e0 la suite de l\u2019attaque perp\u00e9tr\u00e9e par des \u00e9meutiers juifs dans le village palestinien de Huwara o\u00f9 deux fr\u00e8res, Hallel Yaniv, \u00e2g\u00e9e de 21 ans et Yagel Yaniv, \u00e2g\u00e9 de 19 ans, avaient \u00e9t\u00e9 victimes d\u2019une attaque terroriste sanglante le jour m\u00eame. Ce qui venait dans la foul\u00e9e de l\u2019assassinat de deux autres petits fr\u00e8res isra\u00e9liens, Asher Menachem, \u00e2g\u00e9 de 8 ans, et Yaakov Yisra\u00ebll, \u00e2g\u00e9 de 6 ans.<\/p>\n<h2>Retour aux valeurs de Tsahal<\/h2>\n<p>Il avait d\u00e9clar\u00e9 estimer que le village aurait d\u00fb \u00eatre ras\u00e9. Des propos sortis de leur contexte d\u2019ailleurs. Or, en visite aux \u00c9tats-Unis, le 13 mars 2023, il a \u00e9voqu\u00e9 cette d\u00e9claration lors d\u2019une soir\u00e9e organis\u00e9e par les Bonds d\u2019Isra\u00ebl, renouvelant les regrets qu\u2019il avait d\u00e9j\u00e0 exprim\u00e9s, ajoutant : \u00ab je suis d\u00e9termin\u00e9 comme je l\u2019ai toujours \u00e9t\u00e9 \u00e0 d\u00e9fendre la s\u00e9curit\u00e9 de l\u2019\u00c9tat d\u2019Isra\u00ebl, nos valeurs partag\u00e9es, l\u2019engagement moral de nos forces arm\u00e9es \u00e0 prot\u00e9ger toute vie innocente, juive ou arabe \u00bb.<\/p>\n<h2>Soutien des \\\u00a0\u00bbresponsables communautaires\\\u00a0\u00bb au boycott d\\&rsquo;une soir\u00e9e sioniste<\/h2>\n<p>S\u2019il y a eu des manifestations contre sa venue aux \u00c9tats-Unis, cela n\u2019a rien eu de comparable avec ce qu\u2019il risquait de se passer \u00e0 Paris. En effet, les anti-isra\u00e9liens\/antis\u00e9mites habituels, en mentant sur les faits, mena\u00e7aient la Pr\u00e9fecture de Police de Paris de tenir un rallye en face de la salle o\u00f9 devait se tenir l\u2019hommage \u00e0 Jacques Kupfer (zal), grand sioniste et homme politique, pour d\u00e9noncer la pr\u00e9sence du ministre isra\u00e9lien \u00ab qui encourage les pogroms dans les territoires palestiniens occup\u00e9s et qui s\u2019en vante\u2026au cas o\u00f9 sa venue en France \u2026ne serait pas annul\u00e9e. \u00bb Bezalel Smotrich n\u2019ayant jamais encourag\u00e9 \u00ab des pogroms \u00bb dans des territoires disput\u00e9s. Mais ce genre d\u2019accusation aurait d\u00e9cha\u00een\u00e9 les participants \u00e0 un \u00e9ventuel rallye anti-isra\u00e9lien. Ceci dans un contexte o\u00f9 l\u2019antis\u00e9mitisme fait de plus en plus de ravages en France\u2026 https:\/\/www.antisemitisme.fr\/dl\/2021-FR<\/p>\n<p>Quant aux \u00ab responsables communautaires \u00bb il conviendrait sans doute que, dans leurs d\u00e9clarations, ils pr\u00e9cisent ce qu\u2019est la situation s\u00e9curitaire isra\u00e9lienne avec un terrorisme qui atteint des niveaux terrifiants https:\/\/www.gov.il\/en\/departments\/general\/wave-of-terror-october-2015.<\/p>\n<h2>Pas un mot contre Hidalgo qui soutient l\\&rsquo;incitation d\\&rsquo;Abbas<\/h2>\n<p>Ces chiffres ne tenant pas compte des milliers d\u2019attentats d\u00e9jou\u00e9s gr\u00e2ce \u00e0 une vigilance constante des autorit\u00e9s isra\u00e9liennes. Il conviendrait aussi qu\u2019ils tiennent compte des \u00e9ventuels regrets ou explications donn\u00e9es par ceux qu\u2019ils fustigent, sans sortir des d\u00e9clarations de leur contexte\u2026<\/p>\n<p>En corollaire : ces responsables s\u2019\u00e9meuvent-ils, comme ils le devraient, de l\u2019incitation au terrorisme syst\u00e9matique \u00e9hont\u00e9e des dirigeants palestiniens, dont Mahmoud Abbas, re\u00e7u avec fastes \u00e0 l\u2019\u00c9lys\u00e9e ? Ou du soutien que lui apportent des personnages comme le maire de Paris qui lui a d\u00e9cern\u00e9 la m\u00e9daille de la ville, le qualifiant d\u2019homme de paix ?<\/p>\n<p>\u00c0 noter que cette <strong><em>incitation au terrorisme palestinien est cofinanc\u00e9e par le contribuable fran\u00e7ais<\/em><\/strong>, la France \u00e9tant l\u2019un des principaux donateurs de l\u2019Autorit\u00e9 palestinienne. \u00c0 noter aussi que des Palestiniens, jeunes pour la plupart, sont les premi\u00e8res victimes des attentats qu\u2019ils commettent\u2026<\/p>\n<p><strong>Voir <\/strong>: le salaire des terroristes qui ont assassin\u00e9 plusieurs membres de la famille franco-isra\u00e9lienne Fogel, dont un b\u00e9b\u00e9 : https:\/\/palwatch.org\/page\/18648<\/p>\n<p>Une incitation au terrorisme qui commence d\u00e8s l\u2019enfance, maltraitance grave d\u2019enfants palestiniens, rendant toute perspective de paix impossible : https:\/\/palwatch.org\/page\/32460<\/p>\n<p><strong>La suite de l\u2019article se trouve dans le prochain num\u00e9ro d\u2019Isra\u00ebl Magazine<\/strong><\/p>\n<p><strong>D\u00e9couvrez un exemplaire du magazine gratuitement et cliquez ensuite sur le rebord droit<\/strong><\/p>\n<p><a href=\\\"https:\/\/online.fliphtml5.com\/rjspi\/ypmm\/#p=1\\\"><strong>https:\/\/online.fliphtml5.com\/rjspi\/ypmm\/#p=1<\/strong><\/a><\/p>\n<p><strong>Votre magazine est livr\u00e9 chez vous en toute confidentialit\u00e9<br \/>\nS\u2019abonner au magazine par t\u00e9l\u00e9phone ou par whats app 00972 (0) 54 254 45 20 ou au 01 86 98 27 27<\/strong><\/p>\n<p><strong>Par email\u00a0\u00a0<\/strong><a href=\\\"mailto:Andredarmon21@gmail.com\\\"><strong>Andredarmon21@gmail.com<\/strong><\/a><strong>\u00a0 pay pal<\/strong><\/p>\n<p><strong>Ou directement sur le site<\/strong><\/p>\n<p><a href=\\\"https:\/\/israelmagazine.co.il\/sabonner-au-magazine\/\\\"><strong>https:\/\/israelmagazine.co.il\/sabonner-au-magazine\/<\/strong><\/a><\/p>\n<p><strong>Loi du Retour ou qui est Juif ?Ou encore S\u2019abonner au magazine livr\u00e9 chez vous en toute confidentialit\u00e9. Remplir le formulaire<\/strong><\/p>\n<p><a href=\\\"https:\/\/docs.google.com\/forms\/d\/e\/1FAIpQLSfPYJfb8KjEya-X17w0DGPAuBlCGvqVUdh_Is8EL810Lxw82A\/viewform?entry.1189475001=Recipient_Email\\\"><strong>https:\/\/docs.google.com\/forms\/d\/e\/1FAIpQLSfPYJfb8KjEya-X17w0DGPAuBlCGvqVUdh_Is8EL810Lxw82A\/viewform?entry.1189475001=Recipient_Email<\/strong><\/a><\/p>\n<p><strong><u>\u00a0<\/u><\/strong><\/p>\n<p><strong><u>\u00a0<\/u><\/strong><\/p>\n","protected":false},"excerpt":{"rendered":"<p>Menaces sur une soir\u00e9e priv\u00e9e en hommage au leader sioniste Jacques Kupfer (zal) \u00e0 Paris le 19 mars 2023 &#8211; Le ministre des Finances isra\u00e9lien des Finances, Bezalel Smotrich doit participer \u00e0 cet hommage. Il y a eu les traditionnelles pressions des antisionistes et antis\u00e9mites, mensonges inclus, notamment dans un courrier adress\u00e9 \u00e0 la Pr\u00e9fecture &hellip;<\/p>\n<p class=\"read-more\"> <a class=\"\" href=\"https:\/\/israelmagazine.net\/?p=61208\"> <span class=\"screen-reader-text\">Menaces sur une soir\u00e9e priv\u00e9e en hommage au leader sioniste Jacques Kupfer (zal) \u00e0 Paris le 19 mars 2023<\/span> Lire la suite \u00bb<\/a><\/p>\n","protected":false},"author":4,"featured_media":61209,"comment_status":"open","ping_status":"open","sticky":false,"template":"","format":"standard","meta":{"site-sidebar-layout":"default","site-content-layout":"default","ast-global-header-display":"","ast-main-header-display":"","ast-hfb-above-header-display":"","ast-hfb-below-header-display":"","ast-hfb-mobile-header-display":"","site-post-title":"","ast-breadcrumbs-content":"","ast-featured-img":"","footer-sml-layout":"","theme-transparent-header-meta":"","adv-header-id-meta":"","stick-header-meta":"","header-above-stick-meta":"","header-main-stick-meta":"","header-below-stick-meta":""},"categories":[84,1621,1387,814,1612,1617,3146,841,1673,1674,1623,1191],"tags":[1001,1628,877,1761,821],"sujet":[],"_links":{"self":[{"href":"https:\/\/israelmagazine.net\/index.php?rest_route=\/wp\/v2\/posts\/61208"}],"collection":[{"href":"https:\/\/israelmagazine.net\/index.php?rest_route=\/wp\/v2\/posts"}],"about":[{"href":"https:\/\/israelmagazine.net\/index.php?rest_route=\/wp\/v2\/types\/post"}],"author":[{"embeddable":true,"href":"https:\/\/israelmagazine.net\/index.php?rest_route=\/wp\/v2\/users\/4"}],"replies":[{"embeddable":true,"href":"https:\/\/israelmagazine.net\/index.php?rest_route=%2Fwp%2Fv2%2Fcomments&post=61208"}],"version-history":[{"count":0,"href":"https:\/\/israelmagazine.net\/index.php?rest_route=\/wp\/v2\/posts\/61208\/revisions"}],"wp:featuredmedia":[{"embeddable":true,"href":"https:\/\/israelmagazine.net\/index.php?rest_route=\/"}],"wp:attachment":[{"href":"https:\/\/israelmagazine.net\/index.php?rest_route=%2Fwp%2Fv2%2Fmedia&parent=61208"}],"wp:term":[{"taxonomy":"category","embeddable":true,"href":"https:\/\/israelmagazine.net\/index.php?rest_route=%2Fwp%2Fv2%2Fcategories&post=61208"},{"taxonomy":"post_tag","embeddable":true,"href":"https:\/\/israelmagazine.net\/index.php?rest_route=%2Fwp%2Fv2%2Ftags&post=61208"},{"taxonomy":"sujet","embeddable":true,"href":"https:\/\/israelmagazine.net\/index.php?rest_route=%2Fwp%2Fv2%2Fsujet&post=61208"}],"curies":[{"name":"wp","href":"https:\/\/api.w.org\/{rel}","templated":true}]}}