{"id":61215,"date":"2023-03-17T08:54:39","date_gmt":"2023-03-17T06:54:39","guid":{"rendered":"https:\/\/israelmagazine.net\/?p=61215"},"modified":"2023-03-17T08:54:39","modified_gmt":"2023-03-17T06:54:39","slug":"le-crif-a-lunisson-du-boycott-et-de-la-delegitimation-disrael","status":"publish","type":"post","link":"https:\/\/israelmagazine.net\/?p=61215","title":{"rendered":"Le\u00a0\u00a0CRIF \u00e0 l\u2019unisson du boycott et de la d\u00e9l\u00e9gitimation d\u2019Isra\u00ebl\u00a0?"},"content":{"rendered":"<h1><img class=\\\"img_resp_full illustration__image lazyloaded\\\" src=\\\"https:\/\/www.lexpress.fr\/resizer\/niOB5Rp2dG02dXVTP0zEELuXdKA=\/970x548\/cloudfront-eu-central-1.images.arcpublishing.com\/lexpress\/G7PV7RCVHFAHBMBBVO3EETGI4I.jpg\\\" alt=\\\"Une personne passe devant le logo d\\'Orange recouvert par un drapeau isra\u00e9lien \u00e0 Rosh Haain \u00e0 30 kilom\u00e8tres de Tel Aviv, le 11 juin 2015\\\" width=\\\"970\\\" height=\\\"548\\\" \/><\/h1>\n<h1><span style=\\\"font-weight: 400;\\\">Le\u00a0<\/span><span style=\\\"font-weight: 400;\\\">\u00a0CRIF \u00e0 l\u2019unisson du boycott et de la d\u00e9l\u00e9gitimation d\u2019Isra\u00ebl\u00a0?<\/span><\/h1>\n<h2>Le prix Knobel de la b\u00eatise<\/h2>\n<p>Ces messieurs du CRIF se font les relais d\u2019une propagande anti-isra\u00e9lienne qui, pourtant, se d\u00e9brouille tr\u00e8s bien sans eux. Ils veulent \u00eatre bien not\u00e9s par leurs hi\u00e9rarques du Quai d\u2019Orsay, et pouvoir compter sur eux au prochain d\u00eener.<\/p>\n<p>Apr\u00e8s Fr\u00e9d\u00e9ric Encel, traitant Isra\u00ebl de <strong><em>\u00ab\u00a0voyoucratie\u00a0\u00bb<\/em><\/strong>, voil\u00e0 l\u2019in\u00e9narrable tribun Marc Knobel qui, s\u2019adonnant au plus pur terrorisme intellectuel orwellien, fait de la seule d\u00e9mocratie vibrante du Moyen-Orient une <em><strong>\u00ab dictature \u00bb :<\/strong><\/em><\/p>\n<p class=\\\"episode-excerpt\\\"><a href=\\\"https:\/\/www.radioj.fr\/podcast\/le-billet-dhumeur-de-marc-knobel-24\/\\\">\u00ab\u00a0Isra\u00ebl va t-il devenir une dictature?\u00a0\u00bb<\/a><\/p>\n<p>Par manque de culture en science politique locale, il ne sait pas lire la carte du vote \u00e0 la proportionnelle. Si deux ministres de partis, r\u00e9put\u00e9s \u00ab sulfureux \u00bb ou protestataires, comme on dit pudiquement \u00e0 Paris, dot\u00e9 d\\&rsquo;un parlement domin\u00e9 par les extr\u00eames -, partagent le pouvoir, c\u2019est parce qu\u2019ils repr\u00e9sentent une forte minorit\u00e9 d\u2019\u00e9lecteurs, exc\u00e9d\u00e9s par le terrorisme palestinien et la paralysie du pr\u00e9c\u00e9dent gouvernement Bennett-Lapid \u00e0 r\u00e9soudre des probl\u00e8mes de fond et \u00e0 mener des r\u00e9formes. Mais personne ne leur a donn\u00e9 les pleins-pouvoirs, comme en Allemagne en 1933, ou sous le parti sovi\u00e9tique unique stalinien, ou au Parlement fran\u00e7ais sous P\u00e9tain. Ils n\u2019en sont pas moins \u00e9lus d\u00e9mocratiquement, et, notablement, par une partie de l\u2019\u00e9lectorat juif de France de fra\u00eeche immigration, qui a v\u00e9cu la terreur antis\u00e9mite, assortie de la stagnation \u00e9conomique et du manque total de perspective pour l\u2019avenir des enfants juifs dans les \u00e9coles de la R\u00e9publique, livr\u00e9es par l\u00e2chet\u00e9 aux ex\u00e9cuteurs de Samuel Paty.<\/p>\n<h2>Qui pr\u00e9tendrait que la France serait devenue une \\\u00a0\u00bbdictature\\\u00a0\u00bb, une \\\u00a0\u00bbr\u00e9publique islamo-gauchiste\\\u00a0\u00bb ou banani\u00e8re -quand elle passe ses r\u00e9formes au 49-3, par situation d\\&rsquo;\u00e9chec du d\u00e9bat public, au rythme des chantages de l\\&rsquo;extr\u00eame-gauche client\u00e9liste ?<\/h2>\n<p>Il y a une s\u00e9rieuse \u00ab makhloket \u00bb en Isra\u00ebl, autour du projet de r\u00e9forme, certains disent, r\u00e9volution, judiciaire. Et alors ? En quoi les commentaires \u00e0 vide ou les incantations d\u2019idiots utiles, convertis au shamanisme politique, comme Marc Knobel, font-ils progresser la \u00ab d\u00e9mocratie \u00bb ? Des agitateurs refusent la n\u00e9gociation et veulent l\u2019arr\u00eat de la l\u00e9gislation, alors que les d\u00e9put\u00e9s font leur m\u00e9tier \u00e0 la Knesset. Est-ce bien \u00ab d\u00e9mocratique \u00bb ?<\/p>\n<h2>J\u00e9nine, Naplouse, J\u00e9richo, ou l\\&rsquo;impasse de la solution \u00e0 deux \u00c9tats<\/h2>\n<p>Il est aussi partisan &#8211; \u00e0 la place de ceux qui vivent et votent en Isra\u00ebl- de l\u2019imposition d\u2019un \u00c9tat terroriste aux c\u00f4t\u00e9s d\u2019Isra\u00ebl, comme c\u2019est actuellement le cas \u00e0 cause du d\u00e9litement s\u00e9curitaire, avec la perte des villes strat\u00e9giques de J\u00e9nine, Naplouse, J\u00e9richo, par une Autorit\u00e9 Palestinienne qui n\u2019en a que le nom\u2026 Marc Knobel est un \\&rsquo;id\u00e9aliste\\&rsquo; parisien qui refait le monde \u00e0 son image en se mirant dans son t\u00e9l\u00e9viseur. Son influence s\u2019exercera aupr\u00e8s de ses amis du CRIF et de quelques rares initi\u00e9s, sur des ondes radios parisiennes. Mais personne ne conna\u00eet Marc Knobel en Isra\u00ebl, si on conna\u00eet bien BHL, Finkielkraut, et d\u2019autres, qui ont gagn\u00e9 un auditoire en commentant L\u00e9vinas -c\\&rsquo;est-\u00e0-dire, le souci de l\\&rsquo;Autre semblable &#8211; \u00e0 J\u00e9rusalem.<\/p>\n<h2>La r\u00e9forme, vivier de contre-propositions<\/h2>\n<p>Les Isra\u00e9liens veulent une \u00e9quit\u00e9 entre les repr\u00e9sentants \u00e9lus du peuple \u00e0 la Knesset et le \u00ab\u00a0pouvoir des Juges\u00a0\u00bb, d\u00e9cr\u00e9t\u00e9 en catimini par le juge Aharon Barak. Le pr\u00e9sident vient de proposer un compromis qui n\u2019est pas abouti, d\u2019autres experts juridiques Friedmann-Abashan proposent des versions alternatives, elles aussi en ballotage. Mais cette r\u00e9volution est un v\u00e9ritable vivier de propositions\/contre-propositions et ne pas y reconna\u00eetre le terreau de la d\u00e9mocratie en plein remue-m\u00e9ninges fait preuve d\u2019un manque de perspicacit\u00e9 propre aux boutefeux des salons parisiens.<\/p>\n<p>Que veulent ces beaux messieurs de la gauche caviar parisienne, au fond\u00a0? Si la venue du ministre des Finances Smotrich \u00e0 Paris leur sert de chiffon rouge, celui qu\u2019ils visent en priorit\u00e9, c\u2019est Binyamin Netanyahou. Au-del\u00e0 des proc\u00e8s dont la majorit\u00e9 tombe en d\u00e9su\u00e9tude, \u00e0 cause des m\u00e9thodes dignes du KGB appliqu\u00e9es pour extorquer des aveux \u00e0 d\u2019anciens conseillers, il a su franchir le cap et rassembler d\u2019autres partis de droite derri\u00e8re un Likoud \u00e0 plus de 33-35 si\u00e8ges en moyenne \u00e9lective.<\/p>\n<h2>Le Likoud domine le jeu politique<\/h2>\n<p>Qu\u2019on soit d\u2019accord ou pas avec le syst\u00e8me proportionnel, le Likoud l\u2019emporte largement sur des partis comme Yamina, qui n\u2019en avait que 6. Il dispose du double des voix de Yesh Atid. Netanyahou est rest\u00e9 le chef incontest\u00e9 de la droite, m\u00eame dans la temp\u00eate.<\/p>\n<p>Qu\u2019on l\u2019aime ou pas, Betzalel Smotrich repr\u00e9sente le gouvernement actuel, en tant que ministre des Finances, lorsqu\u2019il se d\u00e9place \u00e0 l\u2019\u00e9tranger. Il a cherch\u00e9 \u00e0 refermer les fractures ouvertes, notamment aux yeux des militaires, par son discours inconsid\u00e9r\u00e9, dict\u00e9 par la col\u00e8re, sur Huwara. <em><strong>Il faut reconna\u00eetre une faute politique<\/strong><\/em>, lorsqu\u2019elle surgit. Un gouvernant doit veiller \u00e0 l\u2019application d\u2019une politique r\u00e9galienne. Il ne peut pas se faire l\u2019\u00e9cho d\u2019un appel au d\u00e9sordre. C\u2019\u00e9tait doublement une faute, puisque les militaires sont tenus aux r\u00e8gles de la<strong><em> \u00ab puret\u00e9 des armes \u00bb, issues de l\u2019\u00e9thique de Tsahal<\/em><\/strong>, et qu\u2019ils peuvent d\u00e9sob\u00e9ir \u00e0 un ordre qui outrepasserait ces normes. C\u2019est un gage de <strong><em>professionnalisme<\/em><\/strong> qui fait de Tsahal une des meilleures arm\u00e9es du monde.<\/p>\n<p>Cet \u00e9pisode pass\u00e9 et, dit-il, amplement regrett\u00e9, il reste ministre d\u2019Isra\u00ebl en exercice, jusqu\u2019au prochain remaniement ou scrutin. Ce n\u2019est donc pas au bureau parisien du CRIF de dicter ces lois ou de dire qui est fr\u00e9quentable et qui ne l\u2019est pas.<\/p>\n<h2>Ils n\\&rsquo;ont pas la dignit\u00e9 d\\&rsquo;un hommage \u00e0 un \u00e9minent Sioniste disparu<\/h2>\n<p>Smotrich vient, dimanche 19 mars, \u00e0 l\u2019invitation des amis de Jacques Kupfer z\u2019l, pour un \u00e9v\u00e9nement sioniste, pro-isra\u00e9lien\u00a0\u00e0 l\u2019\u00e9tranger. Jacques Kupfer dirigeait le Betar, le Likoud mondial. Il n\u2019est, en aucun cas, un mouvement issu de \u00ab l\u2019extr\u00eame-droite \u00bb, m\u00eame si certains d\u00e9non\u00e7aient la n\u00e9cessit\u00e9 de ses m\u00e9thodes auto-d\u00e9fensives. En t\u00e9moignent les <em><strong>meurtres gratuits de plus d\\&rsquo;une quinzaine de Juifs,<\/strong><\/em> dans Paris, Lyon ou ailleurs, depuis S\u00e9bastien Selam, dit Lam C, en novembre 2003.<\/p>\n<p>Mais de quel droit des Juifs \\\u00a0\u00bbaux mains propres\\\u00a0\u00bb vont-ils lui interdire (moralement ou physiquement) de mettre un pied sur le territoire fran\u00e7ais, dans une salle privatis\u00e9e, l\u00e0 o\u00f9 il n\u2019a commis aucun tort ?<\/p>\n<p>Le minist\u00e8re fran\u00e7ais des Affaires \u00e9trang\u00e8res le boycotte, quand bien m\u00eame la crise des banques qui s\u00e9vit m\u00e9riterait qu\u2019on y consacre un coin de table. Il relaie 54 associations d\u2019extr\u00eame-gauche, toutes favorables au terrorisme, qui ont pouss\u00e9 le Pavillon des Princes \u00e0 d\u00e9programmer l\u2019\u00e9v\u00e9nement, par crainte de troubles \u00e0 l\u2019ordre public.<\/p>\n<h2>Ministres jug\u00e9s sur qui ils sont, pas ce qu\\&rsquo;ils font<\/h2>\n<p>Le nouveau pr\u00e9sident du CRIF, Yonathan Arfi y est all\u00e9 de son petit couplet, en d\u00e9non\u00e7ant, \u00e0 contretemps, les \u00ab <em>discours<\/em><em> populistes, stigmatisants et haineux dans le d\u00e9bat public isra\u00e9lien, et ce, jusque dans les propos de certains ministres en poste\u00a0\u00bb<\/em>.<\/p>\n<p>Cela traduit que le CRIF refuse de prendre acte des propos d\u2019apaisement prononc\u00e9s par Smotrich \u00e0 l\u2019\u00e9gard des pilotes isra\u00e9liens, sur Huwara. De m\u00eame qu\u2019il nie ses efforts engag\u00e9s, aux \u00c9tats-Unis, pour garantir l\u2019avanc\u00e9e pacifi\u00e9e de la r\u00e9forme judiciaire, de fa\u00e7on \u00e0 contrebalancer les risques pour l\u2019\u00e9conomie isra\u00e9lienne et mondiale. En somme, le CRIF actuel ne juge pas les ministres en exercice sur leurs actes visant \u00e0 contenir ou \u00e0 corriger les\u00a0 crises, mais sur leur origine politique, provenant d\u2019un <strong><em>camp diabolis\u00e9<\/em><\/strong> : le mouvement \u00e9clectique des Sionistes-religieux (aux composantes vari\u00e9es), assimil\u00e9s \u00e0 \u00ab l\u2019extr\u00eame-droite \u00bb.<\/p>\n<h2>R\u00e9tifs \u00e0 la complexit\u00e9<\/h2>\n<p>Au lieu de d\u00e9crire calmement la r\u00e9alit\u00e9 isra\u00e9lienne dans sa complexit\u00e9, son foisonnement et sa diversit\u00e9, aux yeux de ses d\u00e9tracteurs d\u00e9j\u00e0 trop nombreux, le CRIF de Marc Knobel et Yonathan Arfi participe de la caricature qui s\u2019ach\u00e8ve toujours en antisionisme.<\/p>\n<h2>L\\&rsquo;affaire Dieudonn\u00e9 \u00e0 montre deux choses :<\/h2>\n<ul>\n<li>1- que la communaut\u00e9 juive de France ne se reconna\u00eet pas du tout dans ses pseudo-\u00e9lites et<\/li>\n<li>2- que ces repr\u00e9sentants communautaires n\\&rsquo;ont pas le monopole de la lutte contre l\\&rsquo;antis\u00e9mitisme.<\/li>\n<li>3- D\\&rsquo;autant que sortiront bient\u00f4t <em><strong>des r\u00e9v\u00e9lations sur cette \\\u00a0\u00bbrepr\u00e9sentation\\\u00a0\u00bb, qui d\u00e9fendait le pouvoir et la police,<\/strong><\/em> sans examiner leur r\u00f4le, par abstention, dans la mort de <strong><em>Sarah Halimi : peut-on assister au supplice durant un temps consid\u00e9rable, sans agir, <\/em><\/strong>sans \u00eatre qualifiable, p\u00e9nalement ?<\/li>\n<\/ul>\n<p>On conseillera aux Juifs de France de prendre appui aupr\u00e8s d\u2019organismes dont le lien visc\u00e9ral avec le seul \u00e9tat juif au monde et sa d\u00e9fense sans compter des Juifs du monde entier sont r\u00e9ellement affirm\u00e9s et confirm\u00e9s.<\/p>\n<p><strong>La suite de l\u2019article se trouve dans le prochain num\u00e9ro d\u2019Isra\u00ebl Magazine<\/strong><\/p>\n<p><strong>D\u00e9couvrez un exemplaire du magazine gratuitement et cliquez ensuite sur le rebord droit<\/strong><\/p>\n<p><a href=\\\"https:\/\/online.fliphtml5.com\/rjspi\/ypmm\/#p=1\\\"><strong>https:\/\/online.fliphtml5.com\/rjspi\/ypmm\/#p=1<\/strong><\/a><\/p>\n<p><strong>Votre magazine est livr\u00e9 chez vous en toute confidentialit\u00e9<br \/>\nS\u2019abonner au magazine par t\u00e9l\u00e9phone ou par whats app 00972 (0) 54 254 45 20 ou au 01 86 98 27 27<\/strong><\/p>\n<p><strong>Par email\u00a0\u00a0<\/strong><a href=\\\"mailto:Andredarmon21@gmail.com\\\"><strong>Andredarmon21@gmail.com<\/strong><\/a><strong>\u00a0 pay pal<\/strong><\/p>\n<p><strong>Ou directement sur le site<\/strong><\/p>\n<p><a href=\\\"https:\/\/israelmagazine.co.il\/sabonner-au-magazine\/\\\"><strong>https:\/\/israelmagazine.co.il\/sabonner-au-magazine\/<\/strong><\/a><\/p>\n<p><strong>Loi du Retour ou qui est Juif ?Ou encore S\u2019abonner au magazine livr\u00e9 chez vous en toute confidentialit\u00e9. Remplir le formulaire<\/strong><\/p>\n<p><a href=\\\"https:\/\/docs.google.com\/forms\/d\/e\/1FAIpQLSfPYJfb8KjEya-X17w0DGPAuBlCGvqVUdh_Is8EL810Lxw82A\/viewform?entry.1189475001=Recipient_Email\\\"><strong>https:\/\/docs.google.com\/forms\/d\/e\/1FAIpQLSfPYJfb8KjEya-X17w0DGPAuBlCGvqVUdh_Is8EL810Lxw82A\/viewform?entry.1189475001=Recipient_Email<\/strong><\/a><\/p>\n<p><strong><u>\u00a0<\/u><\/strong><\/p>\n<p><strong><u>\u00a0<\/u><\/strong><\/p>\n","protected":false},"excerpt":{"rendered":"<p>Le\u00a0\u00a0CRIF \u00e0 l\u2019unisson du boycott et de la d\u00e9l\u00e9gitimation d\u2019Isra\u00ebl\u00a0? Le prix Knobel de la b\u00eatise Ces messieurs du CRIF se font les relais d\u2019une propagande anti-isra\u00e9lienne qui, pourtant, se d\u00e9brouille tr\u00e8s bien sans eux. Ils veulent \u00eatre bien not\u00e9s par leurs hi\u00e9rarques du Quai d\u2019Orsay, et pouvoir compter sur eux au prochain d\u00eener. Apr\u00e8s &hellip;<\/p>\n<p class=\"read-more\"> <a class=\"\" href=\"https:\/\/israelmagazine.net\/?p=61215\"> <span class=\"screen-reader-text\">Le\u00a0\u00a0CRIF \u00e0 l\u2019unisson du boycott et de la d\u00e9l\u00e9gitimation d\u2019Isra\u00ebl\u00a0?<\/span> Lire la suite \u00bb<\/a><\/p>\n","protected":false},"author":4,"featured_media":61216,"comment_status":"open","ping_status":"open","sticky":false,"template":"","format":"standard","meta":{"site-sidebar-layout":"default","site-content-layout":"default","ast-global-header-display":"","ast-main-header-display":"","ast-hfb-above-header-display":"","ast-hfb-below-header-display":"","ast-hfb-mobile-header-display":"","site-post-title":"","ast-breadcrumbs-content":"","ast-featured-img":"","footer-sml-layout":"","theme-transparent-header-meta":"","adv-header-id-meta":"","stick-header-meta":"","header-above-stick-meta":"","header-main-stick-meta":"","header-below-stick-meta":""},"categories":[84,1621,814,1612,1611,1674,1623,1191],"tags":[1628,877,821],"sujet":[],"_links":{"self":[{"href":"https:\/\/israelmagazine.net\/index.php?rest_route=\/wp\/v2\/posts\/61215"}],"collection":[{"href":"https:\/\/israelmagazine.net\/index.php?rest_route=\/wp\/v2\/posts"}],"about":[{"href":"https:\/\/israelmagazine.net\/index.php?rest_route=\/wp\/v2\/types\/post"}],"author":[{"embeddable":true,"href":"https:\/\/israelmagazine.net\/index.php?rest_route=\/wp\/v2\/users\/4"}],"replies":[{"embeddable":true,"href":"https:\/\/israelmagazine.net\/index.php?rest_route=%2Fwp%2Fv2%2Fcomments&post=61215"}],"version-history":[{"count":0,"href":"https:\/\/israelmagazine.net\/index.php?rest_route=\/wp\/v2\/posts\/61215\/revisions"}],"wp:featuredmedia":[{"embeddable":true,"href":"https:\/\/israelmagazine.net\/index.php?rest_route=\/"}],"wp:attachment":[{"href":"https:\/\/israelmagazine.net\/index.php?rest_route=%2Fwp%2Fv2%2Fmedia&parent=61215"}],"wp:term":[{"taxonomy":"category","embeddable":true,"href":"https:\/\/israelmagazine.net\/index.php?rest_route=%2Fwp%2Fv2%2Fcategories&post=61215"},{"taxonomy":"post_tag","embeddable":true,"href":"https:\/\/israelmagazine.net\/index.php?rest_route=%2Fwp%2Fv2%2Ftags&post=61215"},{"taxonomy":"sujet","embeddable":true,"href":"https:\/\/israelmagazine.net\/index.php?rest_route=%2Fwp%2Fv2%2Fsujet&post=61215"}],"curies":[{"name":"wp","href":"https:\/\/api.w.org\/{rel}","templated":true}]}}