{"id":61306,"date":"2023-03-22T10:14:05","date_gmt":"2023-03-22T08:14:05","guid":{"rendered":"https:\/\/israelmagazine.net\/?p=61306"},"modified":"2023-03-22T10:14:05","modified_gmt":"2023-03-22T08:14:05","slug":"a-quand-un-systeme-judiciaire-democratique-et-juif","status":"publish","type":"post","link":"https:\/\/israelmagazine.net\/?p=61306","title":{"rendered":"A Quand un Syst\u00e8me judiciaire D\u00e9mocratique et Juif ?"},"content":{"rendered":"<h1 style=\\\"font-weight: 400;\\\"><strong>A Quand un Syst\u00e8me judiciaire D\u00e9mocratique et Juif ?<\/strong><\/h1>\n<h2 style=\\\"font-weight: 400;\\\">Ha\u00efm Ouizemann<\/h2>\n<p style=\\\"font-weight: 400;\\\">L\\&rsquo;article pr\u00e9sent fait r\u00e9f\u00e9rence \u00e0 la grande interview de Roni Koban interrogeant dans le cadre de son \u00e9mission \\&rsquo;Mifgash\\&rsquo; (\\&rsquo;Rencontre\\&rsquo;) l\\&rsquo;ex-pr\u00e9sident de la Cour Supr\u00eame, Aharon Barak. Il tente de d\u00e9crypter les contradictions et les erreurs de ce dernier. Rappelons qu\\&rsquo;Aaron Barak, consid\u00e9r\u00e9 comme l\\&rsquo;un des plus grands juristes isra\u00e9liens \u2013 Il a obtenu le prestigieux Prix Isra\u00ebl en 1975, \u00e0 l\\&rsquo;\u00e2ge de 39 ans-, est aussi l\\&rsquo;un des juges les plus controvers\u00e9s de l\\&rsquo;Etat d\\&rsquo;Isra\u00ebl en raison de son \\&rsquo;activisme juridique\\&rsquo; s\\&rsquo;opposant violemment \u00e0 de nombreuses lois de la Knesset.<\/p>\n<h2 style=\\\"font-weight: 400;\\\"><strong>Une question de rh\u00e9torique<\/strong><\/h2>\n<p style=\\\"font-weight: 400;\\\">L\\&rsquo;ex-pr\u00e9sident de la Cour Supr\u00eame Aharon Barak d\u00e9bute l\\&rsquo;interview en s\\&rsquo;excusant sur ses erreurs pass\u00e9es relatives \u00e0 sa rh\u00e9torique, plus particuli\u00e8rement par l\\&#8217;emploi de l\\&rsquo;expression \\&rsquo;Mahapekha \\&rsquo;Houkatit\/R\u00e9volution juridique\\&rsquo;, \\&rsquo;HaTsibour HaNaor\/le public \u00e9clair\u00e9\\&rsquo; tout en se d\u00e9fendant et en pr\u00e9cisant que ces m\u00eames expressions ne sont pas de son fait. Le journaliste Roni Koban rappelle \u00e0 Aharon Barak l\\&#8217;emploi d\\&rsquo;autres expressions comme \\&rsquo;activisme\\&rsquo; (juridique) ; \\&rsquo;la terre est pleine de la justice\\&rsquo;, paraphrasant le verset biblique des Psaumes :\u00a0\u00ab toute la terre est remplie de Sa majest\u00e9. \u00bb (Psaume 72 : 19) ; \u00ab il faut tuer ce cafard tant qu\\&rsquo;il est petit \u00bb (2001) en r\u00e9f\u00e9rence \u00e0 l\\&rsquo;intention de cr\u00e9er en 1994 et en 2000 un Conseil constitutionnel (Beit Mishpat Le\\&rsquo;Houka).<\/p>\n<h2>Le rejet d\\&rsquo;un Conseil Constitutionnel<\/h2>\n<p style=\\\"font-weight: 400;\\\">Ces propos tenus par Aharon Barak expriment une claire et nette intention de ne laisser aucune forme d\\&rsquo;expression libre, que ce soit au pouvoir ex\u00e9cutif ou au l\u00e9gislatif. Aharon Barak, en r\u00e9ussissant \u00e0 faire tomber les propositions de loi sur la possibilit\u00e9 d\\&rsquo;un Conseil constitutionnel, alors jug\u00e9es n\u00e9cessaires afin de surmonter le fait que la Cour supr\u00eame n\\&rsquo;est point habilit\u00e9e \u00e0 interpr\u00e9ter et\/ou \u00e0 annuler des lois de la Knesset, r\u00e9v\u00e8le clairement et explicitement ses intentions d\\&rsquo;h\u00e9g\u00e9monie absolue quasiment divine sur le l\u00e9gislatif.<\/p>\n<h2>Main basse sur la \\\u00a0\u00bbJustice\\\u00a0\u00bb<\/h2>\n<p style=\\\"font-weight: 400;\\\">En 2001, Aaron Barak, alors pr\u00e9sident de la Cour Supr\u00eame de l\\&rsquo;Etat d\\&rsquo;Isra\u00ebl (Beit HaMishpat HaGavoah LeTsedek, \\&rsquo;BaGaTs\\&rsquo;) d\u00e9fend avec v\u00e9h\u00e9mence, face \u00e0 la commission de la Knesset responsable de la constitutionnalit\u00e9 des lois (Va\\&rsquo;adat Ha\\&rsquo;Houka, Hoq OuMishpat) sa th\u00e8se visant \u00e0 donner le monopole ultime \u00e0 la Cour Supr\u00eame en r\u00e9futant toute l\u00e9gitimit\u00e9 juridique \u00e0 un possible Conseil constitutionnel inspir\u00e9 de l\\&rsquo;Europe : \u00ab l\\&rsquo;instauration d\\&rsquo;une telle Cour constitutionnelle constituera un danger direct et concret pour la d\u00e9mocratie \u00bb (mai 2001).<\/p>\n<p style=\\\"font-weight: 400;\\\">Aaron Barak pr\u00e9f\u00e9ra, comme il le d\u00e9finit explicitement devant la Commission de la Knesset, se tourner vers l\\&rsquo;exemple des Etats-Unis plut\u00f4t que vers l\\&rsquo;Europe. Cela s\\&rsquo;explique par le fait que la justice am\u00e9ricaine privil\u00e9gie l\\&rsquo;interpr\u00e9tation personnelle des lois au nom de la Libert\u00e9, contrairement \u00e0 la France par exemple o\u00f9 le g\u00e9n\u00e9ral de Gaulle, en fondant le Conseil constitutionnel, rejeta avec force l\\&rsquo;id\u00e9e de \\&rsquo;gouvernement des juges\\&rsquo;.<\/p>\n<p style=\\\"font-weight: 400;\\\">Rappelons que le d\u00e9put\u00e9 Igal Bibi du Mafdal (Parti religieux nationaliste) affirma \u00e0 l\\&rsquo;encontre d\\&rsquo;Aaron Barak : \u00ab Elle [la Cour supr\u00eame) s\\&rsquo;est accapar\u00e9 des droits qui ne lui appartiennent pas, certains appellent cela une dictature\u2026 Nous avons \u00e9t\u00e9 \u00e9lus afin de l\u00e9gif\u00e9rer, nous et non le juge Barak. \u00ab\u00a0Ses actions ne sont en rien acceptables dans un r\u00e9gime d\u00e9mocratique \u00bb.<br \/>\nLa r\u00e9forme visant \u00e0 instaurer un Conseil constitutionnel tombe finalement en raison du ministre de la Justice, Me\u00efr Shitrit, qui se range aux th\u00e8ses d\\&rsquo;Aaron Barak.<\/p>\n<h2 style=\\\"font-weight: 400;\\\"><strong>Sinc\u00e9rit\u00e9 des propos d\\&rsquo;Aaron Barak ?<\/strong><\/h2>\n<p style=\\\"font-weight: 400;\\\">Les excuses d\\&rsquo;Aaron Barak peuvent-elles \u00eatre consid\u00e9r\u00e9es comme sinc\u00e8res? L\\&rsquo;on peut fortement en douter si l\\&rsquo;on s\\&rsquo;en tient \u00e0 la suite de l\\&rsquo;interview.<\/p>\n<p style=\\\"font-weight: 400;\\\">Lorsque le journaliste lui pose la question de savoir si les manifestations \u00e0 son encontre devant sa maison repr\u00e9sentent une menace pour sa vie,<\/p>\n<p>&nbsp;<\/p>\n<p><strong>La suite de l\u2019article se trouve dans le prochain num\u00e9ro d\u2019Isra\u00ebl Magazine<\/strong><\/p>\n<p><strong>D\u00e9couvrez un exemplaire du magazine gratuitement et cliquez ensuite sur le rebord droit<\/strong><\/p>\n<p><a href=\\\"https:\/\/online.fliphtml5.com\/rjspi\/ypmm\/#p=1\\\"><strong>https:\/\/online.fliphtml5.com\/rjspi\/ypmm\/#p=1<\/strong><\/a><\/p>\n<p><strong>Votre magazine est livr\u00e9 chez vous en toute confidentialit\u00e9<br \/>\nS\u2019abonner au magazine par t\u00e9l\u00e9phone ou par whats app 00972 (0) 54 254 45 20 ou au 01 86 98 27 27<\/strong><\/p>\n<p><strong>Par email\u00a0\u00a0<\/strong><a href=\\\"mailto:Andredarmon21@gmail.com\\\"><strong>Andredarmon21@gmail.com<\/strong><\/a><strong>\u00a0 pay pal<\/strong><\/p>\n<p><strong>Ou directement sur le site<\/strong><\/p>\n<p><a href=\\\"https:\/\/israelmagazine.co.il\/sabonner-au-magazine\/\\\"><strong>https:\/\/israelmagazine.co.il\/sabonner-au-magazine\/<\/strong><\/a><\/p>\n<p><strong>Loi du Retour ou qui est Juif ?Ou encore S\u2019abonner au magazine livr\u00e9 chez vous en toute confidentialit\u00e9. Remplir le formulaire<\/strong><\/p>\n<p><a href=\\\"https:\/\/docs.google.com\/forms\/d\/e\/1FAIpQLSfPYJfb8KjEya-X17w0DGPAuBlCGvqVUdh_Is8EL810Lxw82A\/viewform?entry.1189475001=Recipient_Email\\\"><strong>https:\/\/docs.google.com\/forms\/d\/e\/1FAIpQLSfPYJfb8KjEya-X17w0DGPAuBlCGvqVUdh_Is8EL810Lxw82A\/viewform?entry.1189475001=Recipient_Email<\/strong><\/a><\/p>\n","protected":false},"excerpt":{"rendered":"<p>A Quand un Syst\u00e8me judiciaire D\u00e9mocratique et Juif ? Ha\u00efm Ouizemann L\\&rsquo;article pr\u00e9sent fait r\u00e9f\u00e9rence \u00e0 la grande interview de Roni Koban interrogeant dans le cadre de son \u00e9mission \\&rsquo;Mifgash\\&rsquo; (\\&rsquo;Rencontre\\&rsquo;) l\\&rsquo;ex-pr\u00e9sident de la Cour Supr\u00eame, Aharon Barak. Il tente de d\u00e9crypter les contradictions et les erreurs de ce dernier. Rappelons qu\\&rsquo;Aaron Barak, consid\u00e9r\u00e9 comme &hellip;<\/p>\n<p class=\"read-more\"> <a class=\"\" href=\"https:\/\/israelmagazine.net\/?p=61306\"> <span class=\"screen-reader-text\">A Quand un Syst\u00e8me judiciaire D\u00e9mocratique et Juif ?<\/span> Lire la suite \u00bb<\/a><\/p>\n","protected":false},"author":4,"featured_media":61308,"comment_status":"open","ping_status":"open","sticky":false,"template":"","format":"standard","meta":{"site-sidebar-layout":"default","site-content-layout":"default","ast-global-header-display":"","ast-main-header-display":"","ast-hfb-above-header-display":"","ast-hfb-below-header-display":"","ast-hfb-mobile-header-display":"","site-post-title":"","ast-breadcrumbs-content":"","ast-featured-img":"","footer-sml-layout":"","theme-transparent-header-meta":"","adv-header-id-meta":"","stick-header-meta":"","header-above-stick-meta":"","header-main-stick-meta":"","header-below-stick-meta":""},"categories":[84,1621,1674,1191,3191,1615],"tags":[1739,1474,1989],"sujet":[],"_links":{"self":[{"href":"https:\/\/israelmagazine.net\/index.php?rest_route=\/wp\/v2\/posts\/61306"}],"collection":[{"href":"https:\/\/israelmagazine.net\/index.php?rest_route=\/wp\/v2\/posts"}],"about":[{"href":"https:\/\/israelmagazine.net\/index.php?rest_route=\/wp\/v2\/types\/post"}],"author":[{"embeddable":true,"href":"https:\/\/israelmagazine.net\/index.php?rest_route=\/wp\/v2\/users\/4"}],"replies":[{"embeddable":true,"href":"https:\/\/israelmagazine.net\/index.php?rest_route=%2Fwp%2Fv2%2Fcomments&post=61306"}],"version-history":[{"count":0,"href":"https:\/\/israelmagazine.net\/index.php?rest_route=\/wp\/v2\/posts\/61306\/revisions"}],"wp:featuredmedia":[{"embeddable":true,"href":"https:\/\/israelmagazine.net\/index.php?rest_route=\/"}],"wp:attachment":[{"href":"https:\/\/israelmagazine.net\/index.php?rest_route=%2Fwp%2Fv2%2Fmedia&parent=61306"}],"wp:term":[{"taxonomy":"category","embeddable":true,"href":"https:\/\/israelmagazine.net\/index.php?rest_route=%2Fwp%2Fv2%2Fcategories&post=61306"},{"taxonomy":"post_tag","embeddable":true,"href":"https:\/\/israelmagazine.net\/index.php?rest_route=%2Fwp%2Fv2%2Ftags&post=61306"},{"taxonomy":"sujet","embeddable":true,"href":"https:\/\/israelmagazine.net\/index.php?rest_route=%2Fwp%2Fv2%2Fsujet&post=61306"}],"curies":[{"name":"wp","href":"https:\/\/api.w.org\/{rel}","templated":true}]}}