{"id":61316,"date":"2023-03-22T11:30:48","date_gmt":"2023-03-22T09:30:48","guid":{"rendered":"https:\/\/israelmagazine.net\/?p=61316"},"modified":"2023-03-22T11:30:48","modified_gmt":"2023-03-22T09:30:48","slug":"la-reforme-naura-pas-dimpact-sur-leconomie-israelienne","status":"publish","type":"post","link":"https:\/\/israelmagazine.net\/?p=61316","title":{"rendered":"La r\u00e9forme\u00a0n\\&rsquo;aura pas d\\&rsquo;impact sur l\\&rsquo;\u00e9conomie\u00a0isra\u00e9lienne"},"content":{"rendered":"<h1 style=\\\"font-weight: 400;\\\"><strong><em>La r\u00e9forme\u00a0n\\&rsquo;aura pas d\\&rsquo;impact sur l\\&rsquo;\u00e9conomie\u00a0isra\u00e9lienne<\/em><\/strong><\/h1>\n<p style=\\\"font-weight: 400;\\\"><strong>Isra\u00ebl, le Retour de la Main invisible\u00a0!<\/strong><\/p>\n<p style=\\\"font-weight: 400;\\\"><strong>Ou Comment saper une \u00e9conomie en affirmant qu\u2019elle va s\u2019effondrer<\/strong><\/p>\n<p style=\\\"font-weight: 400;\\\"><strong><em>Par Frank Khalifa<\/em><\/strong><\/p>\n<p style=\\\"font-weight: 400;\\\"><strong>Dans son ouvrage \u00ab\u00a0<em>Enqu\u00eate sur la nature et les causes de la richesse des nations<\/em>\u00a0\u00bb, Adam Smith, consid\u00e9r\u00e9 par la pens\u00e9e \u00e9conomique comme le p\u00e8re du capitalisme, c\u2019est-\u00e0-dire du \u00ab\u00a0laissez-faire\u00a0\u00bb, d\u00e9crivait en 1776, le c\u0153ur de sa pens\u00e9e (philosophique\u00a0!) par la formule suivante\u00a0: \u00ab\u00a0Ce n\u2019est que dans la vue d\u2019un profit qu\u2019un homme emploie son capital\u2026 en cela, il est conduit par une main invisible, \u00e0 remplir une fin qui n\u2019entre nullement dans ses intentions\u2026<\/strong><\/p>\n<p style=\\\"font-weight: 400;\\\"><strong>\u00a0<\/strong><\/p>\n<p style=\\\"font-weight: 400;\\\">Tout en ne cherchant que son int\u00e9r\u00eat personnel, il travaille souvent d\u2019une mani\u00e8re bien plus efficace pour l\u2019int\u00e9r\u00eat de la soci\u00e9t\u00e9, que s\u2019il avait r\u00e9ellement pour but d\u2019y travailler \u00bb. Il saute imm\u00e9diatement aux yeux que le capitalisme aveugle et sp\u00e9culatif d\u2019aujourd\u2019hui est bien \u00e9loign\u00e9 d\u2019une pens\u00e9e originelle morale et collective, car, d\u2019essence protestante et biblique pour faire un raccourci intellectuel. Quel peut-\u00eatre le lien entre ce concept de la \u00ab Main invisible \u00bb et le spectacle horrible que livre la gauche isra\u00e9lienne dans ses manifestations haineuses contre la R\u00e9forme judiciaire en Isra\u00ebl et, plus particuli\u00e8rement, contre le gouvernement l\u00e9gitime de Benjamin Netanyahou ? De fa\u00e7on plus actuelle, quel est le lien entre le retour de la \u00ab Main invisible \u00bb et la faillite de la Banque de la\u00a0<em>Silicon Valley<\/em>\u00a0(SVB)\u00a0?<\/p>\n<p style=\\\"font-weight: 400;\\\">Tout d\u2019abord, pour savoir de quoi l\\&rsquo;on parle et sans entrer dans le d\u00e9tail de la R\u00e9forme judiciaire, il est n\u00e9cessaire d\u2019en rappeler ici les grands axes propos\u00e9s par le ministre de la Justice, Yariv Levin, et actuellement discut\u00e9s par la Commission \u00ab\u00a0Constitution, loi et justice\u00a0\u00bb de la Knesset. Ces grands axes sont (1) l\u2019ouverture de la nomination des juges \u00e0 des repr\u00e9sentants publics nomm\u00e9s par le gouvernement, (2) la fin du monopole d\u2019invalidation des projets de loi par la Cour supr\u00eame, jug\u00e9e trop politis\u00e9e gr\u00e2ce \u00e0 la possibilit\u00e9 pour une majorit\u00e9 de d\u00e9put\u00e9s d\u2019annuler des d\u00e9cisions de ladite Cour, (3) la fin de la subordination du Procureur de la R\u00e9publique et du Minist\u00e8re public au Procureur g\u00e9n\u00e9ral, (4) la capacit\u00e9 des tribunaux \u00e0 examiner si les d\u00e9cisions de l\\&rsquo;ex\u00e9cutif sont \u00ab\u00a0raisonnables\u00a0\u00bb car, dans de nombreux cas, la Cour supr\u00eame, agissant en tant que Haute Cour de justice, a invalid\u00e9, sans fondement juridique clair, des activit\u00e9s gouvernementales planifi\u00e9es.<\/p>\n<p style=\\\"font-weight: 400;\\\"><strong>Barak, Olmert et Livni (Tous de gauche !) veulent susciter dans la population, sur l\u2019opinion internationale et sur les march\u00e9s, un sentiment de peur \u00e0 grande \u00e9chelle.<\/strong><\/p>\n<p><strong>La suite de l\u2019article se trouve dans le prochain num\u00e9ro d\u2019Isra\u00ebl Magazine<\/strong><\/p>\n<p><strong>D\u00e9couvrez un exemplaire du magazine gratuitement et cliquez ensuite sur le rebord droit<\/strong><\/p>\n<p><a href=\\\"https:\/\/online.fliphtml5.com\/rjspi\/ypmm\/#p=1\\\"><strong>https:\/\/online.fliphtml5.com\/rjspi\/ypmm\/#p=1<\/strong><\/a><\/p>\n<p><strong>Votre magazine est livr\u00e9 chez vous en toute confidentialit\u00e9<br \/>\nS\u2019abonner au magazine par t\u00e9l\u00e9phone ou par whats app 00972 (0) 54 254 45 20 ou au 01 86 98 27 27<\/strong><\/p>\n<p><strong>Par email\u00a0\u00a0<\/strong><a href=\\\"mailto:Andredarmon21@gmail.com\\\"><strong>Andredarmon21@gmail.com<\/strong><\/a><strong>\u00a0 pay pal<\/strong><\/p>\n<p><strong>Ou directement sur le site<\/strong><\/p>\n<p><a href=\\\"https:\/\/israelmagazine.co.il\/sabonner-au-magazine\/\\\"><strong>https:\/\/israelmagazine.co.il\/sabonner-au-magazine\/<\/strong><\/a><\/p>\n<p><strong>Loi du Retour ou qui est Juif ?Ou encore S\u2019abonner au magazine livr\u00e9 chez vous en toute confidentialit\u00e9. Remplir le formulaire<\/strong><\/p>\n<p><a href=\\\"https:\/\/docs.google.com\/forms\/d\/e\/1FAIpQLSfPYJfb8KjEya-X17w0DGPAuBlCGvqVUdh_Is8EL810Lxw82A\/viewform?entry.1189475001=Recipient_Email\\\"><strong>https:\/\/docs.google.com\/forms\/d\/e\/1FAIpQLSfPYJfb8KjEya-X17w0DGPAuBlCGvqVUdh_Is8EL810Lxw82A\/viewform?entry.1189475001=Recipient_Email<\/strong><\/a><\/p>\n<p style=\\\"font-weight: 400;\\\">\n","protected":false},"excerpt":{"rendered":"<p>La r\u00e9forme\u00a0n\\&rsquo;aura pas d\\&rsquo;impact sur l\\&rsquo;\u00e9conomie\u00a0isra\u00e9lienne Isra\u00ebl, le Retour de la Main invisible\u00a0! Ou Comment saper une \u00e9conomie en affirmant qu\u2019elle va s\u2019effondrer Par Frank Khalifa Dans son ouvrage \u00ab\u00a0Enqu\u00eate sur la nature et les causes de la richesse des nations\u00a0\u00bb, Adam Smith, consid\u00e9r\u00e9 par la pens\u00e9e \u00e9conomique comme le p\u00e8re du capitalisme, c\u2019est-\u00e0-dire du &hellip;<\/p>\n<p class=\"read-more\"> <a class=\"\" href=\"https:\/\/israelmagazine.net\/?p=61316\"> <span class=\"screen-reader-text\">La r\u00e9forme\u00a0n\\&rsquo;aura pas d\\&rsquo;impact sur l\\&rsquo;\u00e9conomie\u00a0isra\u00e9lienne<\/span> Lire la suite \u00bb<\/a><\/p>\n","protected":false},"author":4,"featured_media":61318,"comment_status":"open","ping_status":"open","sticky":false,"template":"","format":"standard","meta":{"site-sidebar-layout":"default","site-content-layout":"default","ast-global-header-display":"","ast-main-header-display":"","ast-hfb-above-header-display":"","ast-hfb-below-header-display":"","ast-hfb-mobile-header-display":"","site-post-title":"","ast-breadcrumbs-content":"","ast-featured-img":"","footer-sml-layout":"","theme-transparent-header-meta":"","adv-header-id-meta":"","stick-header-meta":"","header-above-stick-meta":"","header-main-stick-meta":"","header-below-stick-meta":""},"categories":[84,1621,1617,1665,1674,1191,3191,1619,1615],"tags":[1739,810,1989],"sujet":[],"_links":{"self":[{"href":"https:\/\/israelmagazine.net\/index.php?rest_route=\/wp\/v2\/posts\/61316"}],"collection":[{"href":"https:\/\/israelmagazine.net\/index.php?rest_route=\/wp\/v2\/posts"}],"about":[{"href":"https:\/\/israelmagazine.net\/index.php?rest_route=\/wp\/v2\/types\/post"}],"author":[{"embeddable":true,"href":"https:\/\/israelmagazine.net\/index.php?rest_route=\/wp\/v2\/users\/4"}],"replies":[{"embeddable":true,"href":"https:\/\/israelmagazine.net\/index.php?rest_route=%2Fwp%2Fv2%2Fcomments&post=61316"}],"version-history":[{"count":0,"href":"https:\/\/israelmagazine.net\/index.php?rest_route=\/wp\/v2\/posts\/61316\/revisions"}],"wp:featuredmedia":[{"embeddable":true,"href":"https:\/\/israelmagazine.net\/index.php?rest_route=\/"}],"wp:attachment":[{"href":"https:\/\/israelmagazine.net\/index.php?rest_route=%2Fwp%2Fv2%2Fmedia&parent=61316"}],"wp:term":[{"taxonomy":"category","embeddable":true,"href":"https:\/\/israelmagazine.net\/index.php?rest_route=%2Fwp%2Fv2%2Fcategories&post=61316"},{"taxonomy":"post_tag","embeddable":true,"href":"https:\/\/israelmagazine.net\/index.php?rest_route=%2Fwp%2Fv2%2Ftags&post=61316"},{"taxonomy":"sujet","embeddable":true,"href":"https:\/\/israelmagazine.net\/index.php?rest_route=%2Fwp%2Fv2%2Fsujet&post=61316"}],"curies":[{"name":"wp","href":"https:\/\/api.w.org\/{rel}","templated":true}]}}