{"id":61338,"date":"2023-03-24T18:06:14","date_gmt":"2023-03-24T15:06:14","guid":{"rendered":"https:\/\/israelmagazine.net\/?p=61338"},"modified":"2023-03-24T18:06:14","modified_gmt":"2023-03-24T15:06:14","slug":"netanyahou-je-reprends-les-renes-et-la-reforme-judiciaire-a-mon-compte-malgre-les-conflits-dinterets","status":"publish","type":"post","link":"https:\/\/israelmagazine.net\/?p=61338","title":{"rendered":"Netanyahou : Je \u00ab reprends \u00bb les r\u00eanes et la r\u00e9forme judiciaire \u00e0 mon compte, malgr\u00e9 les conflits d\\&rsquo;int\u00e9r\u00eats"},"content":{"rendered":"<p dir=\\\"ltr\\\"><span style=\\\"font-size: xx-large;\\\">Netanyahou : Je \u00ab reprends \u00bb les r\u00eanes et la r\u00e9forme judiciaire \u00e0 mon compte, malgr\u00e9 les conflits d\\&rsquo;int\u00e9r\u00eats<\/span><\/p>\n<p dir=\\\"ltr\\\"><span style=\\\"font-size: large;\\\">Gallant a renonc\u00e9 \u00e0 une d\u00e9claration pr\u00e9vue, appelant \u00e0 l\\&rsquo;arr\u00eat de la r\u00e9forme judiciaire, apr\u00e8s sa convocation au bureau du Premier ministre.<\/span><\/p>\n<p dir=\\\"ltr\\\">La coalition ne g\u00e8lera pas sa proposition \\\u00a0\u00bbassouplie\\\u00a0\u00bb de restructurer le Comit\u00e9 des nominations judiciaires. Elle fera tout son possible pour parvenir \u00e0 une solution et apaiser les tensions dans les rues, a d\u00e9clar\u00e9 le Premier ministre Benjamin Netanyahou lors d\\&rsquo;une conf\u00e9rence de presse, jeudi, \u00e0 la fin d\u2019une \u00ab journ\u00e9e de paralysie \u00bb, dans une situation politique dramatique.<\/p>\n<h2 dir=\\\"ltr\\\">Incompr\u00e9hensions<\/h2>\n<p dir=\\\"ltr\\\">Le Premier ministre a expliqu\u00e9 les inqui\u00e9tudes des partisans et des d\u00e9tracteurs de la r\u00e9forme, puis a d\u00e9clar\u00e9 que son gouvernement \u00e9tait \\\u00a0\u00bbd\u00e9termin\u00e9 \u00e0 faire avancer avec responsabilit\u00e9 une r\u00e9forme qui ram\u00e8nera le juste \u00e9quilibre entre les branches [du gouvernement]\\\u00a0\u00bb. Elle apportera une solution pour toutes les parties concern\u00e9es.<\/p>\n<p dir=\\\"ltr\\\">La r\u00e9forme mettra fin \u00e0 des d\u00e9cennies de ce que le Premier ministre a qualifi\u00e9 d\u2019emprise unilat\u00e9rale de la Haute Cour de justice. Elle mettra fin au manque de repr\u00e9sentation ad\u00e9quate parmi les juges, mais elle promettra et renforcera \u00e9galement les droits de tous les citoyens et minorit\u00e9s, a d\u00e9clar\u00e9 le Premier ministre.<\/p>\n<h2 dir=\\\"ltr\\\">Trouver le juste milieu<\/h2>\n<p dir=\\\"ltr\\\">Plus pr\u00e9cis\u00e9ment, Netanyahou a d\u00e9clar\u00e9 qu\\&rsquo;il n\\&rsquo;y aurait pas de clause de d\u00e9rogation illimit\u00e9e, mais il a soulign\u00e9 que la coalition poursuivrait sa proposition de comit\u00e9 de s\u00e9lection judiciaire et l\\&rsquo;adopterait la semaine prochaine, malgr\u00e9 les affirmations de l\\&rsquo;opposition, des dirigeants des manifestations et des autorit\u00e9s judiciaires, selon lesquelles elle conduirait encore \u00e0 la politisation du syst\u00e8me judiciaire. Le projet de loi donne \u00e0 chaque coalition le pouvoir de nommer deux juges comme elle le souhaite et donnera \u00e0 la coalition actuelle le pouvoir de nommer le prochain juge en chef, qui, \u00e0 son tour, contr\u00f4le la composition d\\&rsquo;audiences sp\u00e9cifiques et dispose d\\&rsquo;autres pouvoirs tels que la nomination de hauts fonctionnaires \u00e9lectoraux.<\/p>\n<p dir=\\\"ltr\\\">Netanyahou est jug\u00e9 pour des accusations de corruption, mais a d\u00e9clar\u00e9 qu\\&rsquo;il commencerait maintenant \u00e0 entrer dans le vif du sujet apr\u00e8s avoir eu les \\\u00a0\u00bbmains li\u00e9es\\\u00a0\u00bb. Il est sous le coup d\\&rsquo;une menace du procureur g\u00e9n\u00e9ral le jugeant inapte au service en raison d\\&rsquo;une violation d\\&rsquo;un accord sur le conflit d\\&rsquo;int\u00e9r\u00eat, qui l\\&#8217;emp\u00eache de s\\&rsquo;engager dans des questions qui pourraient affecter son proc\u00e8s.<\/p>\n<p dir=\\\"ltr\\\">Netanyahu est toujours li\u00e9 par l\\&rsquo;accord, mais la coalition a adopt\u00e9 jeudi matin le projet de loi sur l\\&rsquo;incapacit\u00e9, qui emp\u00eache le procureur g\u00e9n\u00e9ral de le destituer.<\/p>\n<h2 dir=\\\"ltr\\\"><span style=\\\"font-size: large;\\\">Gallant annule l\\&rsquo;attaque pr\u00e9vue contre la r\u00e9forme apr\u00e8s avoir rencontr\u00e9 Netanyahou<\/span><\/h2>\n<p dir=\\\"ltr\\\">La d\u00e9claration est intervenue apr\u00e8s que Gallant et Netanyahou ont tenu une r\u00e9union, convoqu\u00e9e \u00e0 la demande du Premier ministre. Channel 12 News a rapport\u00e9 vers 17h00, que Gallant devait faire une rencontre plus tard dans la soir\u00e9e et appeler \u00e0 un arr\u00eat imm\u00e9diat de la r\u00e9forme, en raison de ses dommages potentiels \u00e0 Tsahal.<\/p>\n<h2 dir=\\\"ltr\\\">Gallant a finalement annul\u00e9 sa d\u00e9claration \u00e0 la demande de Netanyahou.<\/h2>\n<p dir=\\\"ltr\\\">Lors de la rencontre avec Netanyahou, Gallant a press\u00e9 le Premier ministre de suspendre la refonte judiciaire pour tenter de parvenir \u00e0 un compromis.<\/p>\n<p dir=\\\"ltr\\\">Contrairement aux derni\u00e8res semaines, lorsque divers anciens responsables ont mis en garde contre les menaces pesant sur l\\&rsquo;\u00e9tat de pr\u00e9paration de Tsahal.<\/p>\n<h2 dir=\\\"ltr\\\">L\\&rsquo;\u00e9tat de mobilisation de Tsahal<\/h2>\n<p dir=\\\"ltr\\\">Diverses lettres ouvertes ont \u00e9t\u00e9 publi\u00e9es sur l\u2019\u00e9ventualit\u00e9 que des milouim ne se pr\u00e9sentent pas \u00e0 l\\&rsquo;entra\u00eenement de la r\u00e9serve. Gallant a \u00e9voqu\u00e9 avec Netanyahu une menace actuelle et concr\u00e8te sans \u00e9quivoque pour la poursuite du fonctionnement de Tsahal.<\/p>\n<p dir=\\\"ltr\\\">En d\\&rsquo;autres termes, Gallant a clairement indiqu\u00e9 \u00e0 Netanyahou que le fait de ne pas suspendre la l\u00e9gislation entra\u00eenerait probablement des dommages importants pour Tsahal avec des cons\u00e9quences imm\u00e9diates pour la pr\u00e9paration de la s\u00e9curit\u00e9 nationale, tout comme il existe des preuves actualis\u00e9es de l\\&rsquo;escalade des menaces \u00e0 la s\u00e9curit\u00e9 au cours du mois de Ramadan.<\/p>\n<p dir=\\\"ltr\\\">En outre, le ministre de la D\u00e9fense a soulign\u00e9 les torts que la l\u00e9gislation dans sa forme actuelle pourrait causer sur les relations de s\u00e9curit\u00e9 avec les \u00c9tats-Unis &#8211; ce qui a \u00e9galement des cons\u00e9quences imminentes potentielles plus \u00e9videntes pour Tsahal.<\/p>\n<h2 dir=\\\"ltr\\\">Avertissements en cha\u00eene sur la situation critique<\/h2>\n<p dir=\\\"ltr\\\">La Douzi\u00e8me cha\u00eene a rapport\u00e9 jeudi soir que le directeur du Shin Bet, Ronen Bar, avait \u00e9galement averti Netanyahou des risques \u00e9vidents pour la s\u00e9curit\u00e9 nationale que\u00a0 comporte la\u00a0poursuite de la refonte judiciaire.<\/p>\n<p dir=\\\"ltr\\\">Cela va au-del\u00e0 de la r\u00e9cente attaque contre la refonte judiciaire de Netanyahou men\u00e9e par le plus r\u00e9cent ancien chef du Shin Bet, Nadav Argaman dans une interview sur l\u2019\u00e9mission Uvda de la Douzi\u00e8me cha\u00eene, la semaine derni\u00e8re.<\/p>\n<p dir=\\\"ltr\\\">Au lieu d\\&rsquo;objections de s\u00e9curit\u00e9 g\u00e9n\u00e9rales, li\u00e9es \u00e0 la poursuite de la l\u00e9gislation, Bar a parl\u00e9 \u00e0 Netanyahou de menaces plus actuelles.<\/p>\n<h2 dir=\\\"ltr\\\">Des objections nombreuses \u00e0 la poursuite du processus l\u00e9gislatif<\/h2>\n<p dir=\\\"ltr\\\">Publiquement, le Shin Bet a refus\u00e9 de confirmer le rapport et on ne sait pas si le rapport pouvait provenir du cercle de Netanyahou pour lui fournir une base plus solide, d\u00e9bouchant sur la suspension de la l\u00e9gislation.<\/p>\n<p dir=\\\"ltr\\\">Le Premier ministre, qui devait s\\&rsquo;envoler pour une visite d\\&rsquo;un week-end au Royaume-Uni, a retard\u00e9 son vol \u00e0 4 heures du matin t\u00f4t vendredi matin.<\/p>\n<p dir=\\\"ltr\\\">Netanyahou et Gallant, au cours des deux derni\u00e8res semaines, ont eu un certain nombre de conversations difficiles, car Gallant a fait valoir que les tensions entre Tsahal et le gouvernement, caus\u00e9es par la controverse sur la r\u00e9forme judiciaire, devenaient trop fortes.<\/p>\n<p dir=\\\"ltr\\\">Selon des informations non confirm\u00e9es, cette semaine, Gallant a averti qu\\&rsquo;il d\u00e9missionnerait de son poste de ministre de la D\u00e9fense si aucun compromis n\\&rsquo;\u00e9tait trouv\u00e9 concernant la r\u00e9forme judiciaire propos\u00e9e.<\/p>\n<p><strong>La suite de l\u2019article se trouve dans le prochain num\u00e9ro d\u2019Isra\u00ebl Magazine<\/strong><\/p>\n<p><strong>D\u00e9couvrez un exemplaire du magazine gratuitement et cliquez ensuite sur le rebord droit<\/strong><\/p>\n<p><a href=\\\"https:\/\/online.fliphtml5.com\/rjspi\/ypmm\/#p=1\\\"><strong>https:\/\/online.fliphtml5.com\/rjspi\/ypmm\/#p=1<\/strong><\/a><\/p>\n<p><strong>Votre magazine est livr\u00e9 chez vous en toute confidentialit\u00e9<br \/>\nS\u2019abonner au magazine par t\u00e9l\u00e9phone ou par whats app 00972 (0) 54 254 45 20 ou au 01 86 98 27 27<\/strong><\/p>\n<p><strong>Par email\u00a0\u00a0<\/strong><a href=\\\"mailto:Andredarmon21@gmail.com\\\"><strong>Andredarmon21@gmail.com<\/strong><\/a><strong>\u00a0 pay pal<\/strong><\/p>\n<p><strong>Ou directement sur le site<\/strong><\/p>\n<p><a href=\\\"https:\/\/israelmagazine.co.il\/sabonner-au-magazine\/\\\"><strong>https:\/\/israelmagazine.co.il\/sabonner-au-magazine\/<\/strong><\/a><\/p>\n<p><strong>Loi du Retour ou qui est Juif ?Ou encore S\u2019abonner au magazine livr\u00e9 chez vous en toute confidentialit\u00e9. Remplir le formulaire<\/strong><\/p>\n<p><a href=\\\"https:\/\/docs.google.com\/forms\/d\/e\/1FAIpQLSfPYJfb8KjEya-X17w0DGPAuBlCGvqVUdh_Is8EL810Lxw82A\/viewform?entry.1189475001=Recipient_Email\\\"><strong>https:\/\/docs.google.com\/forms\/d\/e\/1FAIpQLSfPYJfb8KjEya-X17w0DGPAuBlCGvqVUdh_Is8EL810Lxw82A\/viewform?entry.1189475001=Recipient_Email<\/strong><\/a><\/p>\n<p><strong><u>\u00a0<\/u><\/strong><\/p>\n","protected":false},"excerpt":{"rendered":"<p>Netanyahou : Je \u00ab reprends \u00bb les r\u00eanes et la r\u00e9forme judiciaire \u00e0 mon compte, malgr\u00e9 les conflits d\\&rsquo;int\u00e9r\u00eats Gallant a renonc\u00e9 \u00e0 une d\u00e9claration pr\u00e9vue, appelant \u00e0 l\\&rsquo;arr\u00eat de la r\u00e9forme judiciaire, apr\u00e8s sa convocation au bureau du Premier ministre. La coalition ne g\u00e8lera pas sa proposition \\\u00a0\u00bbassouplie\\\u00a0\u00bb de restructurer le Comit\u00e9 des nominations &hellip;<\/p>\n<p class=\"read-more\"> <a class=\"\" href=\"https:\/\/israelmagazine.net\/?p=61338\"> <span class=\"screen-reader-text\">Netanyahou : Je \u00ab reprends \u00bb les r\u00eanes et la r\u00e9forme judiciaire \u00e0 mon compte, malgr\u00e9 les conflits d\\&rsquo;int\u00e9r\u00eats<\/span> Lire la suite \u00bb<\/a><\/p>\n","protected":false},"author":4,"featured_media":61341,"comment_status":"open","ping_status":"open","sticky":false,"template":"","format":"standard","meta":{"site-sidebar-layout":"default","site-content-layout":"default","ast-global-header-display":"","ast-main-header-display":"","ast-hfb-above-header-display":"","ast-hfb-below-header-display":"","ast-hfb-mobile-header-display":"","site-post-title":"","ast-breadcrumbs-content":"","ast-featured-img":"","footer-sml-layout":"","theme-transparent-header-meta":"","adv-header-id-meta":"","stick-header-meta":"","header-above-stick-meta":"","header-main-stick-meta":"","header-below-stick-meta":""},"categories":[84,1621,1612,1617,1674,3191],"tags":[1739,810,845,1474,1628],"sujet":[],"_links":{"self":[{"href":"https:\/\/israelmagazine.net\/index.php?rest_route=\/wp\/v2\/posts\/61338"}],"collection":[{"href":"https:\/\/israelmagazine.net\/index.php?rest_route=\/wp\/v2\/posts"}],"about":[{"href":"https:\/\/israelmagazine.net\/index.php?rest_route=\/wp\/v2\/types\/post"}],"author":[{"embeddable":true,"href":"https:\/\/israelmagazine.net\/index.php?rest_route=\/wp\/v2\/users\/4"}],"replies":[{"embeddable":true,"href":"https:\/\/israelmagazine.net\/index.php?rest_route=%2Fwp%2Fv2%2Fcomments&post=61338"}],"version-history":[{"count":0,"href":"https:\/\/israelmagazine.net\/index.php?rest_route=\/wp\/v2\/posts\/61338\/revisions"}],"wp:featuredmedia":[{"embeddable":true,"href":"https:\/\/israelmagazine.net\/index.php?rest_route=\/"}],"wp:attachment":[{"href":"https:\/\/israelmagazine.net\/index.php?rest_route=%2Fwp%2Fv2%2Fmedia&parent=61338"}],"wp:term":[{"taxonomy":"category","embeddable":true,"href":"https:\/\/israelmagazine.net\/index.php?rest_route=%2Fwp%2Fv2%2Fcategories&post=61338"},{"taxonomy":"post_tag","embeddable":true,"href":"https:\/\/israelmagazine.net\/index.php?rest_route=%2Fwp%2Fv2%2Ftags&post=61338"},{"taxonomy":"sujet","embeddable":true,"href":"https:\/\/israelmagazine.net\/index.php?rest_route=%2Fwp%2Fv2%2Fsujet&post=61338"}],"curies":[{"name":"wp","href":"https:\/\/api.w.org\/{rel}","templated":true}]}}