{"id":61346,"date":"2023-03-26T08:02:11","date_gmt":"2023-03-26T05:02:11","guid":{"rendered":"https:\/\/israelmagazine.net\/?p=61346"},"modified":"2023-03-26T08:02:11","modified_gmt":"2023-03-26T05:02:11","slug":"la-droite-conservatrice-israelienne-a-la-recherche-de-lequilibre-perdu","status":"publish","type":"post","link":"https:\/\/israelmagazine.net\/?p=61346","title":{"rendered":"La droite conservatrice isra\u00e9lienne \u00e0 la recherche de l\u2019\u00e9quilibre perdu"},"content":{"rendered":"<h1><img class=\\\"alignnone size-medium wp-image-61348\\\" src=\\\"https:\/\/israelmagazine.co.il\/wp-content\/uploads\/2023\/03\/Mon-projet-2023-03-26T075812.648-240x300.jpg\\\" alt=\\\"\\\" width=\\\"240\\\" height=\\\"300\\\" \/><\/h1>\n<h1 style=\\\"font-weight: 400;\\\"><strong>La droite conservatrice isra\u00e9lienne \u00e0 la recherche de l\u2019\u00e9quilibre perdu<\/strong><\/h1>\n<p style=\\\"font-weight: 400;\\\"><strong><em>Pour accomplir sa reprise en main du pays fractur\u00e9, Binyamin Netanyahou fait appel \u00e0 deux conseillers :<\/em><\/strong><\/p>\n<p style=\\\"font-weight: 400;\\\">&#8211;\u00a0\u00a0\u00a0\u00a0\u00a0\u00a0<strong><em>Rotem Sela, \u00e9diteur des grands ouvrages de la pens\u00e9e de droite, \u00e0 l\u2019origine de la r\u00e9forme.<\/em><\/strong><\/p>\n<p style=\\\"font-weight: 400;\\\">&#8211;\u00a0\u00a0\u00a0\u00a0\u00a0\u00a0<strong><em>Aviad Friedman, vice-pr\u00e9sident de la Conf\u00e9d\u00e9ration des Centres Communautaires Juifs, un lien pr\u00e9cieux entre Isra\u00ebl et Diaspora. \u00a0<\/em><\/strong><\/p>\n<p style=\\\"font-weight: 400;\\\"><strong><em>L\u2019enjeu d\u00e9passe l\u2019affirmation triomphaliste des valeurs conservatrices :<\/em><\/strong><\/p>\n<p style=\\\"font-weight: 400;\\\"><strong><em>Le d\u00e9fi consiste \u00e0 retrouver un point de consensus qui apaise les col\u00e8res sectaires et r\u00e9apprenne aux camps retranch\u00e9s \u00e0 d\u00e9passer les clivages. L\u2019id\u00e9al commun\u00a0est la p\u00e9rennit\u00e9 du projet sioniste.<\/em><\/strong><\/p>\n<h2 style=\\\"font-weight: 400;\\\"><strong>Un Premier ministre lib\u00e9r\u00e9 des entraves judiciaires\u00a0?<\/strong><\/h2>\n<p style=\\\"font-weight: 400;\\\">Au point le plus aigu de la crise judiciaire, Binyamin Netanyahou a prononc\u00e9 le discours annon\u00e7ant son retour au gouvernail\u00a0: qu\u2019importent les avertissements de la conseill\u00e8re juridique du gouvernement,\u00a0Gali Baharav-Miara, puisque la clause est vot\u00e9e sur sa destitution. Il doit, \u00e0 pr\u00e9sent, r\u00e9tablir l\u2019unit\u00e9 et l\u2019\u00e9quit\u00e9 au sein du peuple.<\/p>\n<p style=\\\"font-weight: 400;\\\">Le 23 mars, Bibi a expliqu\u00e9 les positions des deux camps, favorable ou hostile \u00e0 la r\u00e9forme judiciaire, en les pr\u00e9sentant comme \u00e9galement honorables et dignes d\u2019int\u00e9r\u00eat. Il sous-entend par l\u00e0 qu\u2019il a un plan pour que personne ne se sente l\u00e9s\u00e9 et garantir l\u2019\u00e9quilibre des pouvoirs entre les trois branches de l\u2019\u00c9tat\u00a0: le l\u00e9gislatif, l\u2019ex\u00e9cutif et l\u2019administratif. Cette r\u00e9forme judiciaire ne doit pas \u00eatre le grand moment de prise de contr\u00f4le de la coalition sur la nomination des juges, d\u00e9bouchant sur un tribunal monolithique, qu\u2019on puisse perp\u00e9tuer \u00e0 jamais. Chacun des camps doit pouvoir acc\u00e9der au Graal. En revanche, la Cour Supr\u00eame ne doit plus \u00eatre le lieu de d\u00e9l\u00e9gitimation des d\u00e9cisions parlementaires et gouvernementales.<\/p>\n<p style=\\\"font-weight: 400;\\\">D\u2019autre part, \u00eatre pour ou contre cette r\u00e9forme, qui cristallise tant les tensions, n\u2019est que l\u2019arbre qui cache la for\u00eat des enjeux soci\u00e9taux pour l\u2019\u00c9tat juif et d\u00e9mocratique. Ces facteurs de division sont solubles par les lois fondamentales sur l\u2019\u00e9galit\u00e9 des citoyens et le caract\u00e8re juif de l\u2019\u00c9tat (Loi sur l\u2019\u00c9tat-Nation). Mais la qu\u00eate n\u2019a pas encore abouti.<\/p>\n<h2 style=\\\"font-weight: 400;\\\"><strong>La Souverainet\u00e9 sur le territoire et dans l\u2019arm\u00e9e<\/strong><\/h2>\n<p><strong>La suite de l\u2019article se trouve dans le prochain num\u00e9ro d\u2019Isra\u00ebl Magazine<\/strong><\/p>\n<p><strong>D\u00e9couvrez un exemplaire du magazine gratuitement et cliquez ensuite sur le rebord droit<\/strong><\/p>\n<p><a href=\\\"https:\/\/online.fliphtml5.com\/rjspi\/ypmm\/#p=1\\\"><strong>https:\/\/online.fliphtml5.com\/rjspi\/ypmm\/#p=1<\/strong><\/a><\/p>\n<p><strong>Votre magazine est livr\u00e9 chez vous en toute confidentialit\u00e9<br \/>\nS\u2019abonner au magazine par t\u00e9l\u00e9phone ou par whats app 00972 (0) 54 254 45 20 ou au 01 86 98 27 27<\/strong><\/p>\n<p><strong>Par email\u00a0\u00a0<\/strong><a href=\\\"mailto:Andredarmon21@gmail.com\\\"><strong>Andredarmon21@gmail.com<\/strong><\/a><strong>\u00a0 pay pal<\/strong><\/p>\n<p><strong>Ou directement sur le site<\/strong><\/p>\n<p><a href=\\\"https:\/\/israelmagazine.co.il\/sabonner-au-magazine\/\\\"><strong>https:\/\/israelmagazine.co.il\/sabonner-au-magazine\/<\/strong><\/a><\/p>\n<p><strong>Loi du Retour ou qui est Juif ?Ou encore S\u2019abonner au magazine livr\u00e9 chez vous en toute confidentialit\u00e9. Remplir le formulaire<\/strong><\/p>\n<p><a href=\\\"https:\/\/docs.google.com\/forms\/d\/e\/1FAIpQLSfPYJfb8KjEya-X17w0DGPAuBlCGvqVUdh_Is8EL810Lxw82A\/viewform?entry.1189475001=Recipient_Email\\\"><strong>https:\/\/docs.google.com\/forms\/d\/e\/1FAIpQLSfPYJfb8KjEya-X17w0DGPAuBlCGvqVUdh_Is8EL810Lxw82A\/viewform?entry.1189475001=Recipient_Email<\/strong><\/a><\/p>\n<p><strong><u>\u00a0<\/u><\/strong><\/p>\n","protected":false},"excerpt":{"rendered":"<p>La droite conservatrice isra\u00e9lienne \u00e0 la recherche de l\u2019\u00e9quilibre perdu Pour accomplir sa reprise en main du pays fractur\u00e9, Binyamin Netanyahou fait appel \u00e0 deux conseillers : &#8211;\u00a0\u00a0\u00a0\u00a0\u00a0\u00a0Rotem Sela, \u00e9diteur des grands ouvrages de la pens\u00e9e de droite, \u00e0 l\u2019origine de la r\u00e9forme. &#8211;\u00a0\u00a0\u00a0\u00a0\u00a0\u00a0Aviad Friedman, vice-pr\u00e9sident de la Conf\u00e9d\u00e9ration des Centres Communautaires Juifs, un lien &hellip;<\/p>\n<p class=\"read-more\"> <a class=\"\" href=\"https:\/\/israelmagazine.net\/?p=61346\"> <span class=\"screen-reader-text\">La droite conservatrice isra\u00e9lienne \u00e0 la recherche de l\u2019\u00e9quilibre perdu<\/span> Lire la suite \u00bb<\/a><\/p>\n","protected":false},"author":4,"featured_media":61351,"comment_status":"open","ping_status":"open","sticky":false,"template":"","format":"standard","meta":{"site-sidebar-layout":"default","site-content-layout":"default","ast-global-header-display":"","ast-main-header-display":"","ast-hfb-above-header-display":"","ast-hfb-below-header-display":"","ast-hfb-mobile-header-display":"","site-post-title":"","ast-breadcrumbs-content":"","ast-featured-img":"","footer-sml-layout":"","theme-transparent-header-meta":"","adv-header-id-meta":"","stick-header-meta":"","header-above-stick-meta":"","header-main-stick-meta":"","header-below-stick-meta":""},"categories":[84,1621,1612,1617,3191],"tags":[1739,1635,1474,1628,1700,1989,1839,1964],"sujet":[],"_links":{"self":[{"href":"https:\/\/israelmagazine.net\/index.php?rest_route=\/wp\/v2\/posts\/61346"}],"collection":[{"href":"https:\/\/israelmagazine.net\/index.php?rest_route=\/wp\/v2\/posts"}],"about":[{"href":"https:\/\/israelmagazine.net\/index.php?rest_route=\/wp\/v2\/types\/post"}],"author":[{"embeddable":true,"href":"https:\/\/israelmagazine.net\/index.php?rest_route=\/wp\/v2\/users\/4"}],"replies":[{"embeddable":true,"href":"https:\/\/israelmagazine.net\/index.php?rest_route=%2Fwp%2Fv2%2Fcomments&post=61346"}],"version-history":[{"count":0,"href":"https:\/\/israelmagazine.net\/index.php?rest_route=\/wp\/v2\/posts\/61346\/revisions"}],"wp:featuredmedia":[{"embeddable":true,"href":"https:\/\/israelmagazine.net\/index.php?rest_route=\/"}],"wp:attachment":[{"href":"https:\/\/israelmagazine.net\/index.php?rest_route=%2Fwp%2Fv2%2Fmedia&parent=61346"}],"wp:term":[{"taxonomy":"category","embeddable":true,"href":"https:\/\/israelmagazine.net\/index.php?rest_route=%2Fwp%2Fv2%2Fcategories&post=61346"},{"taxonomy":"post_tag","embeddable":true,"href":"https:\/\/israelmagazine.net\/index.php?rest_route=%2Fwp%2Fv2%2Ftags&post=61346"},{"taxonomy":"sujet","embeddable":true,"href":"https:\/\/israelmagazine.net\/index.php?rest_route=%2Fwp%2Fv2%2Fsujet&post=61346"}],"curies":[{"name":"wp","href":"https:\/\/api.w.org\/{rel}","templated":true}]}}