{"id":61353,"date":"2023-03-26T08:44:56","date_gmt":"2023-03-26T05:44:56","guid":{"rendered":"https:\/\/israelmagazine.net\/?p=61353"},"modified":"2023-03-26T08:44:56","modified_gmt":"2023-03-26T05:44:56","slug":"hezbollah-unifier-les-fronts-pour-lintifada-du-ramadan-2023","status":"publish","type":"post","link":"https:\/\/israelmagazine.net\/?p=61353","title":{"rendered":"Hezbollah: unifier les fronts pour l\u2019Intifada du Ramadan 2023"},"content":{"rendered":"<p dir=\\\"ltr\\\"><span style=\\\"font-size: xx-large;\\\">Hezbollah: unifier les fronts pour l\u2019Intifada du Ramadan 2023<\/span><\/p>\n<p dir=\\\"ltr\\\">Le mouvement chiite compte sur l\u2019affaiblissement int\u00e9rieur li\u00e9 \u00e0 la crise judiciaire et sur les groupes terroristes de Jud\u00e9e-Samarie, en vue d\u2019un embrasement g\u00e9n\u00e9ralis\u00e9 : \\\u00a0\u00bbl\\&rsquo;unit\u00e9 des ar\u00e8nes\\\u00a0\u00bb avec les Palestiniens contre Isra\u00ebl.<\/p>\n<p>Des tireurs ont \u00e9limin\u00e9 Ali Ramzi al-Aswad, un haut responsable des Brigades Al-Qods, la branche arm\u00e9e du Jihad islamique palestinien, dimanche 19 mars dans le quartier de Qudsaya \u00e0 Damas. Selon un rapport du journal al-Akhbar, des assaillants non identifi\u00e9s ont tir\u00e9 plus de 30 coups d\\&rsquo;armes automatiques sur al-Aswad, alors que l\\&rsquo;agent du Jihad islamique se rendait de chez lui \u00e0 sa voiture. Al-Akhbar et d\\&rsquo;autres m\u00e9dias r\u00e9gionaux ont imm\u00e9diatement suppos\u00e9 qu\\&rsquo;Isra\u00ebl \u00e9tait responsable de cette liquidation en plein jour.<\/p>\n<h2>Choisir la bonne cible au bon endroit<\/h2>\n<p dir=\\\"ltr\\\"><b>Un \u00e9ditorial du m\u00eame al-Akhbar, publi\u00e9 le 20 mars, cherchait \u00e0 situer l\u2019\u00e9limination cibl\u00e9e d\\&rsquo;al-Aswad dans le contexte plus large de l\\&rsquo;escalade actuelle des tensions entre Isra\u00ebl et le Hezbollah.<\/b><\/p>\n<p dir=\\\"ltr\\\">Cette escalade d\u00e9coule de la forte augmentation de la violence dans le nord de la Jud\u00e9e-Samarie. On a des indications croissantes que le Hezbollah libanais, avec ses patrons iraniens, cherche \u00e0 aider, \u00e0 capitaliser et \u00e0 \u00e9tendre la port\u00e9e de cette violence. Le r\u00e9cent incident de Megiddo, au cours duquel un agent est entr\u00e9 en Isra\u00ebl depuis le Liban, \u00e9quip\u00e9 d\\&rsquo;armes, dont une mine Claymore anti-personnelle sophistiqu\u00e9e, repr\u00e9sente la preuve pratique la plus claire de cette tentative de rapprochement. Doit-on prendre ces efforts au s\u00e9rieux ?<\/p>\n<h2 dir=\\\"ltr\\\">Un patronage du Hezbollah sur les territoires disput\u00e9s ?<\/h2>\n<p dir=\\\"ltr\\\">Le r\u00e9dacteur en chef du journal, Ibrahim Amin a r\u00e9dig\u00e9 l\u2019\u00e9ditorial. C\\&rsquo;est un proche de la direction du Hezbollah et d\\&rsquo;Hassan Nasrallah.\u00a0 Ses \u00e9crits refl\u00e8tent souvent la pens\u00e9e des courants sup\u00e9rieurs de l\\&rsquo;axe pro-Iran au Liban.<\/p>\n<p dir=\\\"ltr\\\">Amin situe cet acte peu de temps avant le mois du Ramadan, qui a d\u00e9but\u00e9 le jeudi 23 mars. Il affirme que \\\u00a0\u00bbdes \u00e9v\u00e9nements, des consultations et des contacts publics et invisibles\\\u00a0\u00bb sugg\u00e8rent que \\\u00a0\u00bble mois de Ramadan sera l\\&rsquo;occasion d\\&rsquo;annoncer un nouveau niveau de coordination plus efficace entre les forces de la r\u00e9sistance dans toute la r\u00e9gion\\\u00a0\u00bb. Amin poursuit en notant cette action \\\u00a0\u00bb lanc\u00e9e pour provoquer l\\&rsquo;unit\u00e9 des ar\u00e8nes&#8230; dont le but est d\\&rsquo;\u00e9lever l\\&rsquo;activit\u00e9 (terroriste) \u00e0 l\\&rsquo;int\u00e9rieur de la Palestine \u00e0 un niveau qui ouvre la porte \u00e0 un soul\u00e8vement global\\\u00a0\u00bb.<\/p>\n<h2 dir=\\\"ltr\\\">L\\&rsquo;\u00e9tincelle introuvable qui embraserait tous les fronts<\/h2>\n<p dir=\\\"ltr\\\">\u00ab\u00a0<b><i>Une action directe et qualitative sur l\\&rsquo;ensemble de la Palestine historique repr\u00e9sente le point de d\u00e9part d\\&rsquo;un projet de lib\u00e9ration complet\u00a0<\/i><\/b>\u00bb.<\/p>\n<p dir=\\\"ltr\\\">Amin soutient que l\u2019\u00e9limination d\\&rsquo;al-Aswad refl\u00e9tait un d\u00e9sir isra\u00e9lien de r\u00e9pondre \u00e0 \\\u00a0\u00bbl\\&rsquo;op\u00e9ration\\\u00a0\u00bb Megiddo. Le but d\\&rsquo;Isra\u00ebl, sugg\u00e8re Amin, \u00e9tait de renforcer la dissuasion. Tsahal aurait choisi la cible \u2013 un Palestinien d\\&rsquo;une organisation soutenue par l\\&rsquo;Iran et le Hezbollah \u2013 et le lieu \u2013 la Syrie afin d\\&rsquo;obtenir cet effet pr\u00e9cis, selon l\\&rsquo;\u00e9diteur d\\&rsquo;al- Akhbar. L\\&rsquo;approche du Ramadan cette ann\u00e9e, poursuit Amin, s\\&rsquo;est distingu\u00e9e par la pr\u00e9sence de ce qu\\&rsquo;il appelle un \u00ab gouvernement fou \u00bb en Isra\u00ebl, et par une \u00ab crise interne sans pr\u00e9c\u00e9dent, dans l\\&rsquo;entit\u00e9 occupante, en pleine escalade des conflits r\u00e9gionaux \u00bb. Elle comporte des dangers pour Isra\u00ebl, en particulier de l\\&rsquo;Iran et du front nord.<\/p>\n<div class=\\\"adL\\\">\n<div class=\\\"im\\\">\n<p dir=\\\"ltr\\\">\\\u00a0\u00bbTout le monde\\\u00a0\u00bb, conclut Amin, \\\u00a0\u00bb<strong><em>attend des jours sanglants au cours\u00a0du Ramadan\\\u00a0\u00bb.<\/em><\/strong><\/p>\n<p><strong>La suite de l\u2019article se trouve dans le prochain num\u00e9ro d\u2019Isra\u00ebl Magazine<\/strong><\/p>\n<p><strong>D\u00e9couvrez un exemplaire du magazine gratuitement et cliquez ensuite sur le rebord droit<\/strong><\/p>\n<p><a href=\\\"https:\/\/online.fliphtml5.com\/rjspi\/ypmm\/#p=1\\\"><strong>https:\/\/online.fliphtml5.com\/rjspi\/ypmm\/#p=1<\/strong><\/a><\/p>\n<p><strong>Votre magazine est livr\u00e9 chez vous en toute confidentialit\u00e9<br \/>\nS\u2019abonner au magazine par t\u00e9l\u00e9phone ou par whats app 00972 (0) 54 254 45 20 ou au 01 86 98 27 27<\/strong><\/p>\n<p><strong>Par email\u00a0\u00a0<\/strong><a href=\\\"mailto:Andredarmon21@gmail.com\\\"><strong>Andredarmon21@gmail.com<\/strong><\/a><strong>\u00a0 pay pal<\/strong><\/p>\n<p><strong>Ou directement sur le site<\/strong><\/p>\n<p><a href=\\\"https:\/\/israelmagazine.co.il\/sabonner-au-magazine\/\\\"><strong>https:\/\/israelmagazine.co.il\/sabonner-au-magazine\/<\/strong><\/a><\/p>\n<p><strong>Loi du Retour ou qui est Juif ?Ou encore S\u2019abonner au magazine livr\u00e9 chez vous en toute confidentialit\u00e9. Remplir le formulaire<\/strong><\/p>\n<p><a href=\\\"https:\/\/docs.google.com\/forms\/d\/e\/1FAIpQLSfPYJfb8KjEya-X17w0DGPAuBlCGvqVUdh_Is8EL810Lxw82A\/viewform?entry.1189475001=Recipient_Email\\\"><strong>https:\/\/docs.google.com\/forms\/d\/e\/1FAIpQLSfPYJfb8KjEya-X17w0DGPAuBlCGvqVUdh_Is8EL810Lxw82A\/viewform?entry.1189475001=Recipient_Email<\/strong><\/a><\/p>\n<\/div>\n<\/div>\n","protected":false},"excerpt":{"rendered":"<p>Hezbollah: unifier les fronts pour l\u2019Intifada du Ramadan 2023 Le mouvement chiite compte sur l\u2019affaiblissement int\u00e9rieur li\u00e9 \u00e0 la crise judiciaire et sur les groupes terroristes de Jud\u00e9e-Samarie, en vue d\u2019un embrasement g\u00e9n\u00e9ralis\u00e9 : \\\u00a0\u00bbl\\&rsquo;unit\u00e9 des ar\u00e8nes\\\u00a0\u00bb avec les Palestiniens contre Isra\u00ebl. Des tireurs ont \u00e9limin\u00e9 Ali Ramzi al-Aswad, un haut responsable des Brigades Al-Qods, &hellip;<\/p>\n<p class=\"read-more\"> <a class=\"\" href=\"https:\/\/israelmagazine.net\/?p=61353\"> <span class=\"screen-reader-text\">Hezbollah: unifier les fronts pour l\u2019Intifada du Ramadan 2023<\/span> Lire la suite \u00bb<\/a><\/p>\n","protected":false},"author":4,"featured_media":61354,"comment_status":"open","ping_status":"open","sticky":false,"template":"","format":"standard","meta":{"site-sidebar-layout":"default","site-content-layout":"default","ast-global-header-display":"","ast-main-header-display":"","ast-hfb-above-header-display":"","ast-hfb-below-header-display":"","ast-hfb-mobile-header-display":"","site-post-title":"","ast-breadcrumbs-content":"","ast-featured-img":"","footer-sml-layout":"","theme-transparent-header-meta":"","adv-header-id-meta":"","stick-header-meta":"","header-above-stick-meta":"","header-main-stick-meta":"","header-below-stick-meta":""},"categories":[84,1621,1387,1612,841,1624,1616],"tags":[955,931,383,742],"sujet":[],"_links":{"self":[{"href":"https:\/\/israelmagazine.net\/index.php?rest_route=\/wp\/v2\/posts\/61353"}],"collection":[{"href":"https:\/\/israelmagazine.net\/index.php?rest_route=\/wp\/v2\/posts"}],"about":[{"href":"https:\/\/israelmagazine.net\/index.php?rest_route=\/wp\/v2\/types\/post"}],"author":[{"embeddable":true,"href":"https:\/\/israelmagazine.net\/index.php?rest_route=\/wp\/v2\/users\/4"}],"replies":[{"embeddable":true,"href":"https:\/\/israelmagazine.net\/index.php?rest_route=%2Fwp%2Fv2%2Fcomments&post=61353"}],"version-history":[{"count":0,"href":"https:\/\/israelmagazine.net\/index.php?rest_route=\/wp\/v2\/posts\/61353\/revisions"}],"wp:featuredmedia":[{"embeddable":true,"href":"https:\/\/israelmagazine.net\/index.php?rest_route=\/"}],"wp:attachment":[{"href":"https:\/\/israelmagazine.net\/index.php?rest_route=%2Fwp%2Fv2%2Fmedia&parent=61353"}],"wp:term":[{"taxonomy":"category","embeddable":true,"href":"https:\/\/israelmagazine.net\/index.php?rest_route=%2Fwp%2Fv2%2Fcategories&post=61353"},{"taxonomy":"post_tag","embeddable":true,"href":"https:\/\/israelmagazine.net\/index.php?rest_route=%2Fwp%2Fv2%2Ftags&post=61353"},{"taxonomy":"sujet","embeddable":true,"href":"https:\/\/israelmagazine.net\/index.php?rest_route=%2Fwp%2Fv2%2Fsujet&post=61353"}],"curies":[{"name":"wp","href":"https:\/\/api.w.org\/{rel}","templated":true}]}}