{"id":61375,"date":"2023-03-29T10:46:04","date_gmt":"2023-03-29T07:46:04","guid":{"rendered":"https:\/\/israelmagazine.net\/?p=61375"},"modified":"2023-03-29T10:46:04","modified_gmt":"2023-03-29T07:46:04","slug":"les-negociations-commencent-avec-le-president","status":"publish","type":"post","link":"https:\/\/israelmagazine.net\/?p=61375","title":{"rendered":"Les n\u00e9gociations commencent avec le pr\u00e9sident"},"content":{"rendered":"<h1><img class=\\\"alignnone size-medium wp-image-61379\\\" src=\\\"https:\/\/israelmagazine.co.il\/wp-content\/uploads\/2023\/03\/Mon-projet-2023-03-29T104530.255-300x157.jpg\\\" alt=\\\"\\\" width=\\\"300\\\" height=\\\"157\\\" \/><\/h1>\n<h1 style=\\\"font-weight: 400;\\\">Les n\u00e9gociations commencent avec le pr\u00e9sident.<\/h1>\n<h2>D\u00e9saccord entre les organisateurs de la manifestation : \\\u00a0\u00bbpression croissante ou r\u00e9duction \u00e0 feu doux ?\\\u00a0\u00bb<\/h2>\n<h3 style=\\\"font-weight: 400;\\\">Les \u00e9quipes des partis de l\\&rsquo;opposition ont remerci\u00e9 Herzog \u00e0 l\\&rsquo;issue de la premi\u00e8re r\u00e9union de dialogue sur la r\u00e9forme judiciaire.\u00a0 Elles ont pr\u00e9cis\u00e9 qu\\&rsquo;elles \u00e9taient int\u00e9ress\u00e9es par une \\\u00a0\u00bb<strong><em>constitution \u00e0 large consensus<\/em><\/strong>\\\u00a0\u00bb. Le pr\u00e9sident tranchera \u00e0 l\\&rsquo;issue des pourparlers sur la forme que prendra le m\u00e9canisme de n\u00e9gociation, et, en attendant, il y a des divergences de vues entre les diff\u00e9rentes organisations contestataires.<\/h3>\n<h2>Pr\u00e9paration du format des d\u00e9bats<\/h2>\n<p style=\\\"font-weight: 400;\\\">Hier soir (mardi), la premi\u00e8re r\u00e9union de n\u00e9gociation sur la r\u00e9volution l\u00e9gale entre le pr\u00e9sident Yitzhak Herzog et les \u00e9quipes de travail de la coalition, Le parti Yesh Atid et le Camp de l\u2019\u00c9tat, a eu lieu \u00e0 la R\u00e9sidence du pr\u00e9sident &#8211; qui s\\&rsquo;est d\u00e9roul\u00e9e \u00e0 huis clos, en pr\u00e9paration de la poursuite des pourparlers avec d\\&rsquo;autres partis. Dans le m\u00eame temps, les leaders de la contestation ne s\\&rsquo;entendent pas sur la mani\u00e8re d\\&rsquo;agir apr\u00e8s l\\&rsquo;annonce du Premier ministre Benyamin Netanyahou concernant l\\&rsquo;arr\u00eat de la l\u00e9gislation, alors que la coalition a d\u00e9pos\u00e9, hier matin, sur la table de la Knesset, le projet de loi visant \u00e0 modifier la composition de la commission de s\u00e9lection des juges.<\/p>\n<h2>L\\&rsquo;aboutissement d\\&rsquo;un mois et demi d\\&rsquo;efforts pr\u00e9sidentiels<\/h2>\n<p style=\\\"font-weight: 400;\\\">Il y a un mois et demi, dans son premier discours \u00e0 la nation, le pr\u00e9sident Herzog a appel\u00e9 \u00e0 l\\&rsquo;arr\u00eat de la l\u00e9gislation et au dialogue. Hier, cette initiative s\\&rsquo;est concr\u00e9tis\u00e9e, lorsque des repr\u00e9sentants de la coalition, Yesh Atid et Le Camp \u00c9tatique sont se sont r\u00e9unis. Le pr\u00e9sident n\\&rsquo;a pas l\\&rsquo;intention de remplacer la Knesset et veut parvenir \u00e0 un large consensus.<\/p>\n<p style=\\\"font-weight: 400;\\\">Pour lui, les partis peuvent parler o\u00f9 bon leur semble et selon les contours qu\\&rsquo;ils veulent. Les partis ont choisi de se r\u00e9unir \u00e0 la r\u00e9sidence du pr\u00e9sident, car le <strong><em>pr\u00e9sident reste le facteur le plus rassembleur et le plus acceptable pour toutes les parties<\/em><\/strong>. Ce n\\&rsquo;est qu\\&rsquo;apr\u00e8s que le pr\u00e9sident en aura termin\u00e9 avec les partis qui participeront aux pourparlers qu\\&rsquo;il d\u00e9cidera \u00e0 quoi ressemblera le m\u00e9canisme de n\u00e9gociation et s\\&rsquo;il y participera lui-m\u00eame ou si les partis parleront sans son entremise.<\/p>\n<h2>Les \u00e9quipes en pr\u00e9sence<\/h2>\n<p style=\\\"font-weight: 400;\\\">L\\&rsquo;\u00e9quipe de Yesh Atid, qui comprenait les membres de la Knesset Orna Barbivai et Karin Elharar, l\\&rsquo;ancienne PDG du bureau du Premier ministre Naama Shoultz et l\\&rsquo;avocat Oded Gazit, a remerci\u00e9 le pr\u00e9sident \u00e0 la fin de la r\u00e9union, \u00ab pour avoir ouvert sa maison \u00e0 un processus de dialogue au profit des citoyens d\\&rsquo;Isra\u00ebl en ce moment important.\u00a0 Nous sommes l\u00e0 au nom d\\&rsquo;un large public qui a compris \u00e0 quel point notre d\u00e9mocratie est fragile et vuln\u00e9rable. Nous avons dit au pr\u00e9sident qu\\&rsquo;au cours de cette 75e ann\u00e9e de l\\&rsquo;\u00c9tat d\\&rsquo;Isra\u00ebl, nous pouvons <strong><em>apporter un v\u00e9ritable changement<\/em><\/strong>\u00a0&#8211; pas seulement des correctifs cosm\u00e9tiques, mais une\u00a0<strong><em>constitution largement accept\u00e9e<\/em><\/strong>\u00a0bas\u00e9e sur les valeurs de la d\u00e9claration d\\&rsquo;Ind\u00e9pendance.<\/p>\n<h2>Le parti de Gantz se veut celui de l\\&rsquo;unit\u00e9<\/h2>\n<p style=\\\"font-weight: 400;\\\">Nous pr\u00e9voyons d\\&rsquo;abandonner la l\u00e9gislation qui a \u00e9t\u00e9 pr\u00e9sent\u00e9e hier soir \u00e0 la Knesset, afin de commencer une discussion sur une <strong><em>page blanche, fluide<\/em><\/strong>. Nous voyons de l\\&rsquo;importance dans le fait que tous les principes sur lesquels nous sommes d\\&rsquo;accord ici seront largement accept\u00e9s par les repr\u00e9sentants publics, ce qui refl\u00e9tera\u00a0<strong><em>l\\&rsquo;accord national des citoyens d\\&rsquo;Isra\u00ebl<\/em><\/strong>.\\\u00a0\u00bb<\/p>\n<p style=\\\"font-weight: 400;\\\">Le Camp d\\&rsquo;\u00c9tat, qui comprenait Gideon Sa\\&rsquo;ar, Hili Trooper, Orit Farkash HaCohen, et l\\&rsquo;avocat Ronan Aviani, a annonc\u00e9 \u00e0 la fin de la r\u00e9union : \u00ab Nous arrivons \u00e0 la discussion avec un c\u0153ur ouvert et un esprit bien dispos\u00e9, et nous ferons tout pour contribuer au succ\u00e8s de la mission nationale qui nous attend. Une t\u00e2che qui a deux fondements supr\u00eames &#8211; <strong><em>pr\u00e9server la d\u00e9mocratie isra\u00e9lienne\u00a0<\/em><\/strong>et pr\u00e9server\u00a0<strong><em>l\\&rsquo;unit\u00e9 du peuple<\/em><\/strong>. Dans les prochains jours, nous allons <strong><em>consolider<\/em><\/strong> les processus de travail sous l\\&rsquo;\u00e9gide du Pr\u00e9sident.<\/p>\n<h2>Pr\u00e9sence des plus r\u00e9fractaires, au nom de la d\u00e9fiance<\/h2>\n<p style=\\\"font-weight: 400;\\\">Le Parti travailliste enverra \u00e9galement une \u00e9quipe : \\&rsquo;\\\u00a0\u00bbApr\u00e8s de longues d\u00e9lib\u00e9rations, nous avons d\u00e9cid\u00e9 au sein du Parti travailliste d\\&rsquo;envoyer une \u00e9quipe et un m\u00e9diateur \u00e0 la maison du pr\u00e9sident &#8211; pr\u00e9cis\u00e9ment parce que nous ne faisons pas confiance \u00e0 Netanyahou. Nous serons l\u00e0 pour nous assurer que les lois ne soient pas renvoy\u00e9s \u00e0 la Knesset pour un vote d\u00e9tourn\u00e9, et pour nous assurer que la position du camp d\u00e9mocrate sera aussi entendue, pour renforcer la position de la Knesset et garantir l\\&rsquo;ind\u00e9pendance du syst\u00e8me judiciaire. Nous avons envisag\u00e9 de continuer \u00e0 crier de l\\&rsquo;ext\u00e9rieur, mais l\\&rsquo;id\u00e9e que les repr\u00e9sentants publics pourraient y concocter une combinaison aux d\u00e9pens de la d\u00e9mocratie isra\u00e9lienne ne nous permet pas de rester sur le bord de la route \u00bb.<\/p>\n<h2>Lieberman ne renonce pas \u00e0 faire tomber Netanyahou<\/h2>\n<p style=\\\"font-weight: 400;\\\">Le pr\u00e9sident du parti Israel Beitenou, le d\u00e9put\u00e9 Avigdor Lieberman, a d\\&rsquo;abord annonc\u00e9 qu\\&rsquo;il n\\&rsquo;assisterait pas aux pourparlers \u00e0 la r\u00e9sidence du pr\u00e9sident. Cependant, son parti a publi\u00e9 une d\u00e9claration selon laquelle Yisrael Beitenou a mis en place une \u00e9quipe de n\u00e9gociation. L\\&rsquo;\u00e9quipe d\\&rsquo;Isra\u00ebl Beitenou est dirig\u00e9e par le pr\u00e9sident de parti, Oded Porer, mais l\\&rsquo;\u00e9quipe ne travaillera pas \u00ab tant que l\\&rsquo;introduction de la loi \u00e0 la Knesset <strong><em>ne sera pas abrog\u00e9e<\/em><\/strong>\u00a0\u00bb. Cependant, nous avons fait savoir au pr\u00e9sident que pour nous, un vrai dialogue doit se faire les mains propres, sans artifices. \u00bb<\/p>\n<p><strong>La suite de l\u2019article se trouve dans le prochain num\u00e9ro d\u2019Isra\u00ebl Magazine<\/strong><\/p>\n<p><strong>D\u00e9couvrez un exemplaire du magazine gratuitement et cliquez ensuite sur le rebord droit<\/strong><\/p>\n<p><a href=\\\"https:\/\/online.fliphtml5.com\/rjspi\/ypmm\/#p=1\\\"><strong>https:\/\/online.fliphtml5.com\/rjspi\/ypmm\/#p=1<\/strong><\/a><\/p>\n<p><strong>Votre magazine est livr\u00e9 chez vous en toute confidentialit\u00e9<br \/>\nS\u2019abonner au magazine par t\u00e9l\u00e9phone ou par whats app 00972 (0) 54 254 45 20 ou au 01 86 98 27 27<\/strong><\/p>\n<p><strong>Par email\u00a0\u00a0<\/strong><a href=\\\"mailto:Andredarmon21@gmail.com\\\"><strong>Andredarmon21@gmail.com<\/strong><\/a><strong>\u00a0 pay pal<\/strong><\/p>\n<p><strong>Ou directement sur le site<\/strong><\/p>\n<p><a href=\\\"https:\/\/israelmagazine.co.il\/sabonner-au-magazine\/\\\"><strong>https:\/\/israelmagazine.co.il\/sabonner-au-magazine\/<\/strong><\/a><\/p>\n<p><strong>Loi du Retour ou qui est Juif ?Ou encore S\u2019abonner au magazine livr\u00e9 chez vous en toute confidentialit\u00e9. Remplir le formulaire<\/strong><\/p>\n<p><a href=\\\"https:\/\/docs.google.com\/forms\/d\/e\/1FAIpQLSfPYJfb8KjEya-X17w0DGPAuBlCGvqVUdh_Is8EL810Lxw82A\/viewform?entry.1189475001=Recipient_Email\\\"><strong>https:\/\/docs.google.com\/forms\/d\/e\/1FAIpQLSfPYJfb8KjEya-X17w0DGPAuBlCGvqVUdh_Is8EL810Lxw82A\/viewform?entry.1189475001=Recipient_Email<\/strong><\/a><\/p>\n","protected":false},"excerpt":{"rendered":"<p>Les n\u00e9gociations commencent avec le pr\u00e9sident. D\u00e9saccord entre les organisateurs de la manifestation : \\\u00a0\u00bbpression croissante ou r\u00e9duction \u00e0 feu doux ?\\\u00a0\u00bb Les \u00e9quipes des partis de l\\&rsquo;opposition ont remerci\u00e9 Herzog \u00e0 l\\&rsquo;issue de la premi\u00e8re r\u00e9union de dialogue sur la r\u00e9forme judiciaire.\u00a0 Elles ont pr\u00e9cis\u00e9 qu\\&rsquo;elles \u00e9taient int\u00e9ress\u00e9es par une \\\u00a0\u00bbconstitution \u00e0 large consensus\\\u00a0\u00bb. &hellip;<\/p>\n<p class=\"read-more\"> <a class=\"\" href=\"https:\/\/israelmagazine.net\/?p=61375\"> <span class=\"screen-reader-text\">Les n\u00e9gociations commencent avec le pr\u00e9sident<\/span> Lire la suite \u00bb<\/a><\/p>\n","protected":false},"author":4,"featured_media":61376,"comment_status":"open","ping_status":"open","sticky":false,"template":"","format":"standard","meta":{"site-sidebar-layout":"default","site-content-layout":"default","ast-global-header-display":"","ast-main-header-display":"","ast-hfb-above-header-display":"","ast-hfb-below-header-display":"","ast-hfb-mobile-header-display":"","site-post-title":"","ast-breadcrumbs-content":"","ast-featured-img":"","footer-sml-layout":"","theme-transparent-header-meta":"","adv-header-id-meta":"","stick-header-meta":"","header-above-stick-meta":"","header-main-stick-meta":"","header-below-stick-meta":""},"categories":[84,1621,1191,3191],"tags":[1739,1628,1761],"sujet":[],"_links":{"self":[{"href":"https:\/\/israelmagazine.net\/index.php?rest_route=\/wp\/v2\/posts\/61375"}],"collection":[{"href":"https:\/\/israelmagazine.net\/index.php?rest_route=\/wp\/v2\/posts"}],"about":[{"href":"https:\/\/israelmagazine.net\/index.php?rest_route=\/wp\/v2\/types\/post"}],"author":[{"embeddable":true,"href":"https:\/\/israelmagazine.net\/index.php?rest_route=\/wp\/v2\/users\/4"}],"replies":[{"embeddable":true,"href":"https:\/\/israelmagazine.net\/index.php?rest_route=%2Fwp%2Fv2%2Fcomments&post=61375"}],"version-history":[{"count":0,"href":"https:\/\/israelmagazine.net\/index.php?rest_route=\/wp\/v2\/posts\/61375\/revisions"}],"wp:featuredmedia":[{"embeddable":true,"href":"https:\/\/israelmagazine.net\/index.php?rest_route=\/"}],"wp:attachment":[{"href":"https:\/\/israelmagazine.net\/index.php?rest_route=%2Fwp%2Fv2%2Fmedia&parent=61375"}],"wp:term":[{"taxonomy":"category","embeddable":true,"href":"https:\/\/israelmagazine.net\/index.php?rest_route=%2Fwp%2Fv2%2Fcategories&post=61375"},{"taxonomy":"post_tag","embeddable":true,"href":"https:\/\/israelmagazine.net\/index.php?rest_route=%2Fwp%2Fv2%2Ftags&post=61375"},{"taxonomy":"sujet","embeddable":true,"href":"https:\/\/israelmagazine.net\/index.php?rest_route=%2Fwp%2Fv2%2Fsujet&post=61375"}],"curies":[{"name":"wp","href":"https:\/\/api.w.org\/{rel}","templated":true}]}}