{"id":61383,"date":"2023-03-30T08:12:00","date_gmt":"2023-03-30T05:12:00","guid":{"rendered":"https:\/\/israelmagazine.net\/?p=61383"},"modified":"2023-03-30T08:12:00","modified_gmt":"2023-03-30T05:12:00","slug":"les-voix-que-loccident-nentend-pas-michele-mazel","status":"publish","type":"post","link":"https:\/\/israelmagazine.net\/?p=61383","title":{"rendered":"Les Voix que l\u2019Occident n\u2019entend pas Mich\u00e8le Mazel"},"content":{"rendered":"<h1><img class=\\\"alignnone size-medium wp-image-61387\\\" src=\\\"https:\/\/israelmagazine.co.il\/wp-content\/uploads\/2023\/03\/Mon-projet-2023-03-30T081122.493-300x157.jpg\\\" alt=\\\"\\\" width=\\\"300\\\" height=\\\"157\\\" \/><\/h1>\n<h1>Les Voix que l\u2019Occident n\u2019entend pas<\/h1>\n<h2>Mich\u00e8le Mazel<\/h2>\n<p>La \u00ab\u00a0r\u00e9forme judiciaire\u00a0\u00bb amorc\u00e9e par la coalition a d\u00e9clench\u00e9 une temp\u00eate sans pr\u00e9c\u00e9dent en Isra\u00ebl, mais les \u00e9chos en d\u00e9passent largement les fronti\u00e8res.<\/p>\n<p>En Europe : les gouvernements sont unis dans leurs condamnations de la r\u00e9forme et le caract\u00e8re pacifique des manifestations de droite ne semble pas m\u00e9riter une mention favorable. La presse est unanimement hostile.<\/p>\n<p>De l\u2019autre c\u00f4t\u00e9 de l\u2019Atlantique, le locataire de la Maison Blanche tance vertement le Premier ministre isra\u00e9lien et se permet de l\u2019enjoindre d\u2019\u0153uvrer \u00e0 un compromis.<\/p>\n<h2>La joie mauvaise des ennemis d\\&rsquo;Isra\u00ebl<\/h2>\n<p>Les uns et les autres ne semblent pas avoir compris l\u2019impact des \u00e9v\u00e9nements sur un Moyen-Orient instable.\u00a0 La crise domine les nouvelles, la joie explose sur les r\u00e9seaux sociaux qui n\u2019en finissent pas d\u2019exulter \u00e0 l\u2019id\u00e9e que l\u2019arm\u00e9e isra\u00e9lienne se d\u00e9sint\u00e8gre et que la guerre civile est en marche.<\/p>\n<p>Sur la cha\u00eene qatarie Al Jazeera les images des manifestations tournent en boucle et les commentateurs rivalisent de descriptions apocalyptiques de l\u2019implosion attendue de l\u2019\u00c9tat juif.<\/p>\n<h2><strong>Il r\u00e8gne une v\u00e9ritable euphorie chez les ennemis de cet \u00c9tat.\u00a0<\/strong><\/h2>\n<p>L\u2019Iran voit d\u00e9j\u00e0 le pays sombrant dans le chaos et se pr\u00e9tend convaincu que sa fin est proche\u00a0; au Liban, le Hezbollah se r\u00e9jouit de ce qu\u2019il per\u00e7oit comme la paralysie totale de son voisin et s\u2019imagine d\u00e9j\u00e0 victorieux dans une prochaine confrontation. Un sentiment partag\u00e9 par le Hamas de Gaza, qui travaille plus que jamais \u00e0 renforcer son arsenal militaire.<\/p>\n<p>Dans les territoires de l\u2019Autorit\u00e9 palestinienne, les factions se r\u00e9jouissent de la disparition prochaine de \u00ab\u00a0l\u2019entit\u00e9 sioniste.\u00a0\u00bb Les nouveaux alli\u00e9s d\u2019Isra\u00ebl dans le Golfe suivent la situation avec inqui\u00e9tude, mais\u00a0sans porter de jugement.<\/p>\n<h2>Respect envers celui qui a rendu possibles les Accords d\\&rsquo;Abraham<\/h2>\n<p>Ils font encore confiance \u00e0 celui qui a eu la vision et la d\u00e9termination qui ont abouti aux Accords d\u2019Abraham. D\u2019autant que Netanyahou s\u2019est d\u00e9solidaris\u00e9 publiquement des propos inflammatoires de son ministre des Finances, sans aller, toutefois, jusqu\u2019\u00e0 le d\u00e9mettre de ses fonctions.<\/p>\n<p>Seulement, ils amorcent les pr\u00e9mices d\u2019un rapprochement avec l\u2019Iran. Le gouvernement jordanien fait de son mieux pour calmer son opinion publique qui r\u00e9clame le renvoi de l\u2019ambassadeur d\u2019Isra\u00ebl. Il ne sait que trop que sa survie d\u00e9pend d\u2019Isra\u00ebl. En \u00c9gypte aussi, le gouvernement se montre prudent. Parce qu\u2019il entend ceux qui chez lui parlent \u00e0 mi-voix d\u2019\u00a0\u00ab\u00a0un printemps juif sinon isra\u00e9lien\u00a0\u00bb. Qui voient qu\u2019un gouvernement peut faire face \u00e0 la contestation, affronter des centaines de milliers de manifestants sans faire intervenir l\u2019arm\u00e9e. Qu\u2019il n\u2019y a pas eu un seul mort en trois mois de crise.<\/p>\n<h2>Mahmoud Abbas aux abonn\u00e9s absents<\/h2>\n<p>Quant au vieux Ra\u00efs de Ramallah, il se tait. Certains le lui reprochent. Il sait qu\u2019on ne l\u2019\u00e9coute plus beaucoup. Il sait que lui aussi a besoin du soutien d\u2019Isra\u00ebl pour se maintenir en place. Il sait que, gouvernant en autocrate, son mandat expir\u00e9 depuis longtemps, il est mal plac\u00e9 pour critiquer la r\u00e9forme judiciaire de son voisin. L\u2019Occident ne voit rien de tout cela. Et tandis que le Moyen-Orient retient son souffle, attendant de voir si l\u2019\u00c9tat juif saura se ressaisir \u00e0 temps et retrouver son \u00e9quilibre, le Figaro consacre un article au fait que le ministre des Finances isra\u00e9lien vient de supprimer la taxe sur les boissons sucr\u00e9es qu\u2019avait fait voter son pr\u00e9d\u00e9cesseur !<\/p>\n<p>&nbsp;<\/p>\n<p><strong>D\u00e9couvrez un exemplaire du magazine gratuitement et cliquez ensuite sur le rebord droit<\/strong><\/p>\n<p><a href=\\\"https:\/\/online.fliphtml5.com\/rjspi\/ypmm\/#p=1\\\"><strong>https:\/\/online.fliphtml5.com\/rjspi\/ypmm\/#p=1<\/strong><\/a><\/p>\n<p><strong>Votre magazine est livr\u00e9 chez vous en toute confidentialit\u00e9<br \/>\nS\u2019abonner au magazine par t\u00e9l\u00e9phone ou par whats app 00972 (0) 54 254 45 20 ou au 01 86 98 27 27<\/strong><\/p>\n<p><strong>Par email\u00a0\u00a0<\/strong><a href=\\\"mailto:Andredarmon21@gmail.com\\\"><strong>Andredarmon21@gmail.com<\/strong><\/a><strong>\u00a0 pay pal<\/strong><\/p>\n<p><strong>Ou directement sur le site<\/strong><\/p>\n<p><a href=\\\"https:\/\/israelmagazine.co.il\/sabonner-au-magazine\/\\\"><strong>https:\/\/israelmagazine.co.il\/sabonner-au-magazine\/<\/strong><\/a><\/p>\n<p><strong>Loi du Retour ou qui est Juif ?Ou encore S\u2019abonner au magazine livr\u00e9 chez vous en toute confidentialit\u00e9. Remplir le formulaire<\/strong><\/p>\n<p><a href=\\\"https:\/\/docs.google.com\/forms\/d\/e\/1FAIpQLSfPYJfb8KjEya-X17w0DGPAuBlCGvqVUdh_Is8EL810Lxw82A\/viewform?entry.1189475001=Recipient_Email\\\"><strong>https:\/\/docs.google.com\/forms\/d\/e\/1FAIpQLSfPYJfb8KjEya-X17w0DGPAuBlCGvqVUdh_Is8EL810Lxw82A\/viewform?entry.1189475001=Recipient_Email<\/strong><\/a><\/p>\n<p><strong><u>\u00a0<\/u><\/strong><\/p>\n<p>&nbsp;<\/p>\n<p>&nbsp;<\/p>\n","protected":false},"excerpt":{"rendered":"<p>Les Voix que l\u2019Occident n\u2019entend pas Mich\u00e8le Mazel La \u00ab\u00a0r\u00e9forme judiciaire\u00a0\u00bb amorc\u00e9e par la coalition a d\u00e9clench\u00e9 une temp\u00eate sans pr\u00e9c\u00e9dent en Isra\u00ebl, mais les \u00e9chos en d\u00e9passent largement les fronti\u00e8res. En Europe : les gouvernements sont unis dans leurs condamnations de la r\u00e9forme et le caract\u00e8re pacifique des manifestations de droite ne semble pas &hellip;<\/p>\n<p class=\"read-more\"> <a class=\"\" href=\"https:\/\/israelmagazine.net\/?p=61383\"> <span class=\"screen-reader-text\">Les Voix que l\u2019Occident n\u2019entend pas Mich\u00e8le Mazel<\/span> Lire la suite \u00bb<\/a><\/p>\n","protected":false},"author":4,"featured_media":61386,"comment_status":"open","ping_status":"open","sticky":false,"template":"","format":"standard","meta":{"site-sidebar-layout":"default","site-content-layout":"default","ast-global-header-display":"","ast-main-header-display":"","ast-hfb-above-header-display":"","ast-hfb-below-header-display":"","ast-hfb-mobile-header-display":"","site-post-title":"","ast-breadcrumbs-content":"","ast-featured-img":"","footer-sml-layout":"","theme-transparent-header-meta":"","adv-header-id-meta":"","stick-header-meta":"","header-above-stick-meta":"","header-main-stick-meta":"","header-below-stick-meta":""},"categories":[84,1621,1612,1617,3191],"tags":[1739,881,955,1700],"sujet":[],"_links":{"self":[{"href":"https:\/\/israelmagazine.net\/index.php?rest_route=\/wp\/v2\/posts\/61383"}],"collection":[{"href":"https:\/\/israelmagazine.net\/index.php?rest_route=\/wp\/v2\/posts"}],"about":[{"href":"https:\/\/israelmagazine.net\/index.php?rest_route=\/wp\/v2\/types\/post"}],"author":[{"embeddable":true,"href":"https:\/\/israelmagazine.net\/index.php?rest_route=\/wp\/v2\/users\/4"}],"replies":[{"embeddable":true,"href":"https:\/\/israelmagazine.net\/index.php?rest_route=%2Fwp%2Fv2%2Fcomments&post=61383"}],"version-history":[{"count":0,"href":"https:\/\/israelmagazine.net\/index.php?rest_route=\/wp\/v2\/posts\/61383\/revisions"}],"wp:featuredmedia":[{"embeddable":true,"href":"https:\/\/israelmagazine.net\/index.php?rest_route=\/"}],"wp:attachment":[{"href":"https:\/\/israelmagazine.net\/index.php?rest_route=%2Fwp%2Fv2%2Fmedia&parent=61383"}],"wp:term":[{"taxonomy":"category","embeddable":true,"href":"https:\/\/israelmagazine.net\/index.php?rest_route=%2Fwp%2Fv2%2Fcategories&post=61383"},{"taxonomy":"post_tag","embeddable":true,"href":"https:\/\/israelmagazine.net\/index.php?rest_route=%2Fwp%2Fv2%2Ftags&post=61383"},{"taxonomy":"sujet","embeddable":true,"href":"https:\/\/israelmagazine.net\/index.php?rest_route=%2Fwp%2Fv2%2Fsujet&post=61383"}],"curies":[{"name":"wp","href":"https:\/\/api.w.org\/{rel}","templated":true}]}}