{"id":61389,"date":"2023-03-30T08:38:34","date_gmt":"2023-03-30T05:38:34","guid":{"rendered":"https:\/\/israelmagazine.net\/?p=61389"},"modified":"2023-03-30T08:38:34","modified_gmt":"2023-03-30T05:38:34","slug":"la-syrie-accuse-tsahal-de-frappes-a-damas-2-blesses","status":"publish","type":"post","link":"https:\/\/israelmagazine.net\/?p=61389","title":{"rendered":"La Syrie accuse Tsahal de frappes \u00e0 Damas : 2 bless\u00e9s"},"content":{"rendered":"<div class=\\\"adn ads\\\" data-message-id=\\\"#msg-f:1761765486585143448\\\" data-legacy-message-id=\\\"18730c6035736098\\\">\n<div class=\\\"gs\\\">\n<div class=\\\"\\\">\n<div id=\\\":nv\\\" class=\\\"ii gt\\\">\n<div id=\\\":nw\\\" class=\\\"a3s aiL \\\">\n<div dir=\\\"ltr\\\">\n<div class=\\\"gmail_quote\\\">\n<div class=\\\"adL\\\">\n<div class=\\\"im\\\">\n<div dir=\\\"ltr\\\">\n<div><img src=\\\"https:\/\/images.jpost.com\/image\/upload\/f_auto,fl_lossy\/t_JD_ArticleMainImageFaceDetect\/507321\\\" \/><\/div>\n<div><\/div>\n<div>\n<p dir=\\\"ltr\\\"><span style=\\\"font-size: xx-large;\\\">La Syrie accuse Tsahal de frappes \u00e0 Damas : 2 bless\u00e9s<\/span><\/p>\n<blockquote class=\"twitter-tweet\" data-width=\"500\" data-dnt=\"true\">\n<p lang=\"ar\" dir=\"rtl\"><a href=\"https:\/\/twitter.com\/hashtag\/%D8%B3%D9%88%D8%B1%D9%8A%D8%A7?src=hash&amp;ref_src=twsrc%5Etfw\">#\u0633\u0648\u0631\u064a\u0627<\/a> | \u062a\u0635\u0627\u0639\u062f \u0644\u0644\u062f\u062e\u0627\u0646 \u0648\u062d\u0631\u064a\u0642 \u0641\u064a \u0645\u062d\u064a\u0637 \u062d\u064a \u0627\u0644\u0645\u064a\u062f\u0627\u0646 \u0641\u064a \u0627\u0644\u0639\u0627\u0635\u0645\u0629 \u062f\u0645\u0634\u0642 \u0646\u062a\u064a\u062c\u0629 &quot;\u0627\u0644\u0639\u062f\u0648\u0627\u0646 \u0627\u0644\u0625\u0633\u0631\u0627\u0626\u064a\u0644\u064a&quot;\u060c \u0648\u062a\u0648\u062c\u0647 \u0633\u064a\u0627\u0631\u0627\u062a \u0627\u0644\u0625\u0633\u0639\u0627\u0641 \u0625\u0644\u0649 \u0627\u0644\u0645\u0646\u0637\u0642\u0629. <a href=\"https:\/\/t.co\/qww7elCccy\">pic.twitter.com\/qww7elCccy<\/a><\/p>\n<p>&mdash; \u063a\u0631\u0628 \u0622\u0633\u064a\u0627 &#8211; \u0639\u0627\u062c\u0644 (@WANbreaking) <a href=\"https:\/\/twitter.com\/WANbreaking\/status\/1641212779351646227?ref_src=twsrc%5Etfw\">March 29, 2023<\/a><\/p><\/blockquote>\n<p><script async src=\"https:\/\/platform.twitter.com\/widgets.js\" charset=\"utf-8\"><\/script><\/p>\n<p dir=\\\"ltr\\\"><span style=\\\"font-size: large;\\\">Des frappes a\u00e9riennes isra\u00e9liennes pr\u00e9sum\u00e9es visant Damas depuis les hauteurs du Golan ont bless\u00e9 deux soldats syriens.\u00a0<\/span>\u00a0<em><strong><span style=\\\"font-size: large;\\\">Preuve suppl\u00e9mentaire que Tsahal<\/span>\u00a0continue d\\&rsquo;agir avec d\u00e9termination<\/strong><\/em>, m<span style=\\\"font-size: large;\\\">algr\u00e9 l\\&rsquo;absence de clart\u00e9 (pas de courrier de limogeage) sur l\\&rsquo;avenir de Yoav Gallant\u00a0\u00e0 la D\u00e9fense.<\/span><\/p>\n<p>&nbsp;<\/p>\n<p dir=\\\"ltr\\\">Une frappe a\u00e9rienne a cibl\u00e9 Damas en Syrie mercredi soir, menant des attaques contre plusieurs positions de l\\&rsquo;arm\u00e9e syrienne, collaborant avec l\u2019Iran, dans le quartier d\\&rsquo;Al-Midan \u00e0 Damas. Elle a bless\u00e9 deux soldats syriens et caus\u00e9 \\\u00a0\u00bbquelques d\u00e9g\u00e2ts mat\u00e9riels\\\u00a0\u00bb, ont rapport\u00e9 les m\u00e9dias officiels, citant une source militaire.<\/p>\n<p dir=\\\"ltr\\\">L\u2019arm\u00e9e syrienne a d\u00e9clench\u00e9 les syst\u00e8mes de d\u00e9fense a\u00e9rienne syriens, abattant plusieurs missiles, les m\u00e9dias syriens affirmant qu\\&rsquo;Isra\u00ebl \u00e9tait responsable de l\\&rsquo;attaque. Les avions de guerre isra\u00e9liens pr\u00e9sum\u00e9s ont men\u00e9 l\\&rsquo;attaque depuis les hauteurs du Golan, selon les rapports. Cela a conduit plusieurs sources r\u00e9gionales \u00e0 signaler avoir entendu diverses explosions bruyantes dans la r\u00e9gion.\u00a0Selon le R\u00e9seau syrien pour les droits de l\\&rsquo;homme, il y a eu plusieurs victimes \u00e0 la suite de la pr\u00e9tendue frappe a\u00e9rienne isra\u00e9lienne.<\/p>\n<h2 dir=\\\"ltr\\\"><b>Les r\u00e9centes frappes a\u00e9riennes surviennent au milieu des tensions au Moyen-Orient<\/b><\/h2>\n<p dir=\\\"ltr\\\">De nombreuses attaques ont eu lieu dans toute la Syrie ces derniers mois et les sources m\u00e9diatiques syriennes et de la r\u00e9gion ont attribu\u00e9 \u00e0 Isra\u00ebl. Les forces am\u00e9ricaines ont \u00e9limin\u00e9 19 miliciens pro-iraniennes par une s\u00e9rie de frappes de r\u00e9torsions contre l\u2019Iran.<\/p>\n<p dir=\\\"ltr\\\">Un rapport de renseignement de la soci\u00e9t\u00e9 de solutions satellitaires et de renseignement ImageSat International (ISI) a pu d\u00e9terminer qu\\&rsquo;une attaque en Syrie le 12 mars comprenait des attaques contre les entr\u00e9es de tunnels souterrains.\u00a0Selon les estimations du renseignement, ces tunnels contenaient les moyens de production de missiles sol-sol. \u00c0 peine une semaine auparavant, le minist\u00e8re syrien des Transports avait annonc\u00e9 qu\\&rsquo;il redirigerait les vols transportant l\\&rsquo;aide au tremblement de terre \u00e0 la suite d\\&rsquo;une attaque a\u00e9rienne nocturne qui a mis hors service l\\&rsquo;a\u00e9roport international d\\&rsquo;Alep.<\/p>\n<p dir=\\\"ltr\\\">Cela faisait suite \u00e0 des informations des m\u00e9dias syriens faisant \u00e9tat d\\&rsquo;une s\u00e9rie d\\&rsquo;explosions dans le nord. On pense actuellement que les explosions sont une attaque contre des cibles de la milice iranienne dans un a\u00e9roport d\\&rsquo;Alep.<\/p>\n<\/div>\n<\/div>\n<\/div>\n<\/div>\n<\/div>\n<\/div>\n<div class=\\\"adL\\\">\n<p><strong>La suite de l\u2019article se trouve dans le prochain num\u00e9ro d\u2019Isra\u00ebl Magazine<\/strong><\/p>\n<p><strong>D\u00e9couvrez un exemplaire du magazine gratuitement et cliquez ensuite sur le rebord droit<\/strong><\/p>\n<p><a href=\\\"https:\/\/online.fliphtml5.com\/rjspi\/ypmm\/#p=1\\\"><strong>https:\/\/online.fliphtml5.com\/rjspi\/ypmm\/#p=1<\/strong><\/a><\/p>\n<p><strong>Votre magazine est livr\u00e9 chez vous en toute confidentialit\u00e9<br \/>\nS\u2019abonner au magazine par t\u00e9l\u00e9phone ou par whats app 00972 (0) 54 254 45 20 ou au 01 86 98 27 27<\/strong><\/p>\n<p><strong>Par email\u00a0\u00a0<\/strong><a href=\\\"mailto:Andredarmon21@gmail.com\\\"><strong>Andredarmon21@gmail.com<\/strong><\/a><strong>\u00a0 pay pal<\/strong><\/p>\n<p><strong>Ou directement sur le site<\/strong><\/p>\n<p><a href=\\\"https:\/\/israelmagazine.co.il\/sabonner-au-magazine\/\\\"><strong>https:\/\/israelmagazine.co.il\/sabonner-au-magazine\/<\/strong><\/a><\/p>\n<p><strong>Loi du Retour ou qui est Juif ?Ou encore S\u2019abonner au magazine livr\u00e9 chez vous en toute confidentialit\u00e9. Remplir le formulaire<\/strong><\/p>\n<p><a href=\\\"https:\/\/docs.google.com\/forms\/d\/e\/1FAIpQLSfPYJfb8KjEya-X17w0DGPAuBlCGvqVUdh_Is8EL810Lxw82A\/viewform?entry.1189475001=Recipient_Email\\\"><strong>https:\/\/docs.google.com\/forms\/d\/e\/1FAIpQLSfPYJfb8KjEya-X17w0DGPAuBlCGvqVUdh_Is8EL810Lxw82A\/viewform?entry.1189475001=Recipient_Email<\/strong><\/a><\/p>\n<p><strong><u>\u00a0<\/u><\/strong><\/p>\n<\/div>\n<\/div>\n<\/div>\n<div class=\\\"hi\\\"><\/div>\n<\/div>\n<\/div>\n<div class=\\\"ajx\\\"><\/div>\n<\/div>\n<div class=\\\"gA gt acV\\\">\n<div class=\\\"gB xu\\\">\n<div class=\\\"ip iq\\\">\n<div id=\\\":nu\\\"><\/div>\n<\/div>\n<\/div>\n<\/div>\n","protected":false},"excerpt":{"rendered":"<p>La Syrie accuse Tsahal de frappes \u00e0 Damas : 2 bless\u00e9s Des frappes a\u00e9riennes isra\u00e9liennes pr\u00e9sum\u00e9es visant Damas depuis les hauteurs du Golan ont bless\u00e9 deux soldats syriens.\u00a0\u00a0Preuve suppl\u00e9mentaire que Tsahal\u00a0continue d\\&rsquo;agir avec d\u00e9termination, malgr\u00e9 l\\&rsquo;absence de clart\u00e9 (pas de courrier de limogeage) sur l\\&rsquo;avenir de Yoav Gallant\u00a0\u00e0 la D\u00e9fense. &nbsp; Une frappe a\u00e9rienne a &hellip;<\/p>\n<p class=\"read-more\"> <a class=\"\" href=\"https:\/\/israelmagazine.net\/?p=61389\"> <span class=\"screen-reader-text\">La Syrie accuse Tsahal de frappes \u00e0 Damas : 2 bless\u00e9s<\/span> Lire la suite \u00bb<\/a><\/p>\n","protected":false},"author":4,"featured_media":61395,"comment_status":"open","ping_status":"open","sticky":false,"template":"","format":"standard","meta":{"site-sidebar-layout":"default","site-content-layout":"default","ast-global-header-display":"","ast-main-header-display":"","ast-hfb-above-header-display":"","ast-hfb-below-header-display":"","ast-hfb-mobile-header-display":"","site-post-title":"","ast-breadcrumbs-content":"","ast-featured-img":"","footer-sml-layout":"","theme-transparent-header-meta":"","adv-header-id-meta":"","stick-header-meta":"","header-above-stick-meta":"","header-main-stick-meta":"","header-below-stick-meta":""},"categories":[84,1621,1387,1612,841,822,1614,1674,1623,1191,1616,1624],"tags":[955,931,1628,742],"sujet":[],"_links":{"self":[{"href":"https:\/\/israelmagazine.net\/index.php?rest_route=\/wp\/v2\/posts\/61389"}],"collection":[{"href":"https:\/\/israelmagazine.net\/index.php?rest_route=\/wp\/v2\/posts"}],"about":[{"href":"https:\/\/israelmagazine.net\/index.php?rest_route=\/wp\/v2\/types\/post"}],"author":[{"embeddable":true,"href":"https:\/\/israelmagazine.net\/index.php?rest_route=\/wp\/v2\/users\/4"}],"replies":[{"embeddable":true,"href":"https:\/\/israelmagazine.net\/index.php?rest_route=%2Fwp%2Fv2%2Fcomments&post=61389"}],"version-history":[{"count":0,"href":"https:\/\/israelmagazine.net\/index.php?rest_route=\/wp\/v2\/posts\/61389\/revisions"}],"wp:featuredmedia":[{"embeddable":true,"href":"https:\/\/israelmagazine.net\/index.php?rest_route=\/"}],"wp:attachment":[{"href":"https:\/\/israelmagazine.net\/index.php?rest_route=%2Fwp%2Fv2%2Fmedia&parent=61389"}],"wp:term":[{"taxonomy":"category","embeddable":true,"href":"https:\/\/israelmagazine.net\/index.php?rest_route=%2Fwp%2Fv2%2Fcategories&post=61389"},{"taxonomy":"post_tag","embeddable":true,"href":"https:\/\/israelmagazine.net\/index.php?rest_route=%2Fwp%2Fv2%2Ftags&post=61389"},{"taxonomy":"sujet","embeddable":true,"href":"https:\/\/israelmagazine.net\/index.php?rest_route=%2Fwp%2Fv2%2Fsujet&post=61389"}],"curies":[{"name":"wp","href":"https:\/\/api.w.org\/{rel}","templated":true}]}}