{"id":61409,"date":"2023-03-31T13:35:44","date_gmt":"2023-03-31T10:35:44","guid":{"rendered":"https:\/\/israelmagazine.net\/?p=61409"},"modified":"2023-03-31T13:35:44","modified_gmt":"2023-03-31T10:35:44","slug":"la-marche-de-la-liberte-de-la-droite-rassemble-les-partisans-de-la-reforme","status":"publish","type":"post","link":"https:\/\/israelmagazine.net\/?p=61409","title":{"rendered":"La \u00ab Marche de la Libert\u00e9 \u00bb de la droite rassemble les partisans de la r\u00e9forme"},"content":{"rendered":"<p dir=\\\"ltr\\\"><span style=\\\"font-size: xx-large;\\\">La \u00ab Marche de la Libert\u00e9 \u00bb de la droite rassemble les partisans de la r\u00e9forme<\/span><\/p>\n<p dir=\\\"ltr\\\"><span style=\\\"font-size: large;\\\">Les militants du Likoud et l\\&rsquo;organisation Im\u00a0<span id=\\\"m_826896809805970062:y7.3\\\" role=\\\"menuitem\\\" aria-haspopup=\\\"true\\\">Tirzou<\/span>\u00a0(\u00ab Si vous le voulez vraiment \u00bb ! ), ont organis\u00e9 la \\\u00a0\u00bbMarche de la libert\u00e9\\\u00a0\u00bb, rassemblant environ 25.000 sur le\u00a0<span id=\\\"m_826896809805970062:y7.4\\\" role=\\\"menuitem\\\" aria-haspopup=\\\"true\\\">boulvard<\/span>\u00a0Ayalon \u00e0 Tel Aviv durant une heure et demie et malgr\u00e9 le froid intense.<\/span><\/p>\n<p>&nbsp;<\/p>\n<p dir=\\\"ltr\\\">Des centaines d\\&rsquo;organisations de droite ont organis\u00e9 des manifestations favorables \u00e0 la r\u00e9forme judiciaire jeudi soir \u00e0 Tel-Aviv.<\/p>\n<p dir=\\\"ltr\\\">La police isra\u00e9lienne a arr\u00eat\u00e9 deux manifestants sur la route de la Colline des munitions \u00e0 Tel-Aviv pendant les manifestations.<\/p>\n<p dir=\\\"ltr\\\">La police isra\u00e9lienne a signal\u00e9 vers 20h30 que l\\&rsquo;autoroute Ayalon en direction nord de l\\&rsquo;\u00e9changeur \\&rsquo;kibboutz\u00a0<span id=\\\"m_826896809805970062:y7.6\\\" role=\\\"menuitem\\\" aria-haspopup=\\\"true\\\">Galuiot\\&rsquo;<\/span> \u00e0 l\\&rsquo;\u00e9changeur HaShalom \u00e9tait bloqu\u00e9e \u00e0 la circulation. Environ 90 minutes plus tard, ils ont signal\u00e9 que l\\&rsquo;autoroute \u00e9tait r\u00e9ouverte \u00e0 la circulation.<\/p>\n<h2 dir=\\\"ltr\\\">Des rassemblements dans tout le pays<\/h2>\n<p dir=\\\"ltr\\\">Les participants et organisateurs ont appel\u00e9 ces manifestations : la \\\u00a0\u00bbMarche de la libert\u00e9\\\u00a0\u00bb, organis\u00e9e par des militants du Likoud et l\\&rsquo;organisation Im\u00a0<span id=\\\"m_826896809805970062:y7.7\\\" role=\\\"menuitem\\\" aria-haspopup=\\\"true\\\">Tirzou<\/span>. Les manifestants ont fait la navette \u00e0 travers le pays et organiser un certain nombre de rassemblements \u00e0 diff\u00e9rents endroits tout au long de la soir\u00e9e. La police isra\u00e9lienne a d\u00e9clar\u00e9 jeudi matin, avant les manifestations, que les barrages routiers seront indiqu\u00e9s sur l\\&rsquo;application de navigation Waze et que les citoyens doivent s\\&rsquo;attendre \u00e0 une circulation dense dans le centre de Tel-Aviv.<\/p>\n<p dir=\\\"ltr\\\">Le ministre de la Justice Yariv Levine a \u00e9crit sur les r\u00e9seaux sociaux au d\u00e9but des manifestations. \\\u00a0\u00bbLes images de masses de citoyens sortant et manifestant en faveur de la r\u00e9forme judiciaire me donnent de la force et me r\u00e9chauffent le c\u0153ur. Faites entendre votre voix lors de la\u00a0<span id=\\\"m_826896809805970062:y7.8\\\" role=\\\"menuitem\\\" aria-haspopup=\\\"true\\\">marche<\/span>\u00a0pour la libert\u00e9 aujourd\\&rsquo;hui \u00e0 19 heures au Mus\u00e9e de Tel-Aviv. Ne vous laissez pas entra\u00eener dans des provocations et \u00e9vitez la violence. Notre justice et notre v\u00e9rit\u00e9 sont plus fortes que tout !\\\u00a0\u00bb<\/p>\n<h2 dir=\\\"ltr\\\">R\u00e9centes manifestations en faveur de la r\u00e9forme<\/h2>\n<p dir=\\\"ltr\\\">Ces manifestations font suite \u00e0 une manifestation de droite \u00e0 grande \u00e9chelle organis\u00e9e lundi \u00e0 J\u00e9rusalem devant la Knesset.\u00a0Des groupes de droite, dont Regavim, Im\u00a0<span id=\\\"m_826896809805970062:y7.9\\\" role=\\\"menuitem\\\" aria-haspopup=\\\"true\\\">Tirzou<\/span>, Ad Kan, Bezalmo et Torat\u00a0<span id=\\\"m_826896809805970062:y7.10\\\" role=\\\"menuitem\\\" aria-haspopup=\\\"true\\\">Lehima<\/span>, ont organis\u00e9 la manifestation de lundi en r\u00e9ponse \u00e0 la manifestation contre la r\u00e9forme judiciaire et la coalition, qui\u00a0<span id=\\\"m_826896809805970062:y7.11\\\" role=\\\"menuitem\\\" aria-haspopup=\\\"true\\\">s\u2019est<\/span>\u00a0tenue devant la Knesset plus t\u00f4t dans la journ\u00e9e. Le groupe extr\u00e9miste La Familia (hooligans du Beitar J\u00e9rusalem) a \u00e9galement pris part \u00e0 la manifestation. Des publicit\u00e9s pour la manifestation publi\u00e9es en ligne ont d\u00e9clar\u00e9 que la droite est dans une \\\u00a0\u00bbsituation d\\&rsquo;urgence\\\u00a0\u00bb, avertissant qu\\&rsquo;\\\u00a0\u00bbils ne nous voleront pas les \u00e9lections\\\u00a0\u00bb.<\/p>\n<p dir=\\\"ltr\\\">Le ministre de la S\u00e9curit\u00e9 nationale, Itamar Ben-Gvir, a partag\u00e9 l\\&rsquo;annonce sur Twitter en \u00e9crivant \\\u00a0\u00bbAujourd\\&rsquo;hui, nous cessons de nous taire. Aujourd\\&rsquo;hui est le jour o\u00f9 la droite se r\u00e9veille. Partagez-la\\\u00a0\u00bb.<\/p>\n<p dir=\\\"ltr\\\"><i><b>Pendant ce temps, le Pr\u00e9sident r\u00e9publicain de la Chambre des repr\u00e9sentants des\u00a0<\/b><span id=\\\"m_826896809805970062:y7.12\\\" role=\\\"menuitem\\\" aria-haspopup=\\\"true\\\">Etats<\/span><b>&#8211; Unis, Kevin Mac Carthy, a apport\u00e9 son soutien sans conditions au Premier ministre Benyamin\u00a0Netanyahou\u00a0 \u00a0pendant que le Wall Street Journal s\\&rsquo;en prenait de fa\u00e7on virulente \u00e0 l\\&rsquo;ing\u00e9rence de Biden dans les affaires internes isra\u00e9liennes : du jamais\u00a0vu chez un alli\u00e9.\u00a0<\/b><\/i><\/p>\n<p><strong>La suite de l\u2019article se trouve dans le prochain num\u00e9ro d\u2019Isra\u00ebl Magazine<\/strong><\/p>\n<p><strong>D\u00e9couvrez un exemplaire du magazine gratuitement et cliquez ensuite sur le rebord droit<\/strong><\/p>\n<p><a href=\\\"https:\/\/online.fliphtml5.com\/rjspi\/ypmm\/#p=1\\\"><strong>https:\/\/online.fliphtml5.com\/rjspi\/ypmm\/#p=1<\/strong><\/a><\/p>\n<p><strong>Votre magazine est livr\u00e9 chez vous en toute confidentialit\u00e9<br \/>\nS\u2019abonner au magazine par t\u00e9l\u00e9phone ou par whats app 00972 (0) 54 254 45 20 ou au 01 86 98 27 27<\/strong><\/p>\n<p><strong>Par email\u00a0\u00a0<\/strong><a href=\\\"mailto:Andredarmon21@gmail.com\\\"><strong>Andredarmon21@gmail.com<\/strong><\/a><strong>\u00a0 pay pal<\/strong><\/p>\n<p><strong>Ou directement sur le site<\/strong><\/p>\n<p><a href=\\\"https:\/\/israelmagazine.co.il\/sabonner-au-magazine\/\\\"><strong>https:\/\/israelmagazine.co.il\/sabonner-au-magazine\/<\/strong><\/a><\/p>\n<p><strong>Loi du Retour ou qui est Juif ?Ou encore S\u2019abonner au magazine livr\u00e9 chez vous en toute confidentialit\u00e9. Remplir le formulaire<\/strong><\/p>\n<p dir=\\\"ltr\\\"><a href=\\\"https:\/\/docs.google.com\/forms\/d\/e\/1FAIpQLSfPYJfb8KjEya-X17w0DGPAuBlCGvqVUdh_Is8EL810Lxw82A\/viewform?entry.1189475001=Recipient_Email\\\"><strong>https:\/\/docs.google.com\/forms\/d\/e\/1FAIpQLSfPYJfb8KjEya-X17w0DGPAuBlCGvqVUdh_Is8EL810Lxw82A\/viewform?entry.1189475001=Recipient_Email<\/strong><\/a><\/p>\n","protected":false},"excerpt":{"rendered":"<p>La \u00ab Marche de la Libert\u00e9 \u00bb de la droite rassemble les partisans de la r\u00e9forme Les militants du Likoud et l\\&rsquo;organisation Im\u00a0Tirzou\u00a0(\u00ab Si vous le voulez vraiment \u00bb ! ), ont organis\u00e9 la \\\u00a0\u00bbMarche de la libert\u00e9\\\u00a0\u00bb, rassemblant environ 25.000 sur le\u00a0boulvard\u00a0Ayalon \u00e0 Tel Aviv durant une heure et demie et malgr\u00e9 le froid &hellip;<\/p>\n<p class=\"read-more\"> <a class=\"\" href=\"https:\/\/israelmagazine.net\/?p=61409\"> <span class=\"screen-reader-text\">La \u00ab Marche de la Libert\u00e9 \u00bb de la droite rassemble les partisans de la r\u00e9forme<\/span> Lire la suite \u00bb<\/a><\/p>\n","protected":false},"author":4,"featured_media":61411,"comment_status":"open","ping_status":"open","sticky":false,"template":"","format":"standard","meta":{"site-sidebar-layout":"default","site-content-layout":"default","ast-global-header-display":"","ast-main-header-display":"","ast-hfb-above-header-display":"","ast-hfb-below-header-display":"","ast-hfb-mobile-header-display":"","site-post-title":"","ast-breadcrumbs-content":"","ast-featured-img":"","footer-sml-layout":"","theme-transparent-header-meta":"","adv-header-id-meta":"","stick-header-meta":"","header-above-stick-meta":"","header-main-stick-meta":"","header-below-stick-meta":""},"categories":[1617,1611,1674,1623,1191,1615],"tags":[1739,1628,1636],"sujet":[],"_links":{"self":[{"href":"https:\/\/israelmagazine.net\/index.php?rest_route=\/wp\/v2\/posts\/61409"}],"collection":[{"href":"https:\/\/israelmagazine.net\/index.php?rest_route=\/wp\/v2\/posts"}],"about":[{"href":"https:\/\/israelmagazine.net\/index.php?rest_route=\/wp\/v2\/types\/post"}],"author":[{"embeddable":true,"href":"https:\/\/israelmagazine.net\/index.php?rest_route=\/wp\/v2\/users\/4"}],"replies":[{"embeddable":true,"href":"https:\/\/israelmagazine.net\/index.php?rest_route=%2Fwp%2Fv2%2Fcomments&post=61409"}],"version-history":[{"count":0,"href":"https:\/\/israelmagazine.net\/index.php?rest_route=\/wp\/v2\/posts\/61409\/revisions"}],"wp:featuredmedia":[{"embeddable":true,"href":"https:\/\/israelmagazine.net\/index.php?rest_route=\/"}],"wp:attachment":[{"href":"https:\/\/israelmagazine.net\/index.php?rest_route=%2Fwp%2Fv2%2Fmedia&parent=61409"}],"wp:term":[{"taxonomy":"category","embeddable":true,"href":"https:\/\/israelmagazine.net\/index.php?rest_route=%2Fwp%2Fv2%2Fcategories&post=61409"},{"taxonomy":"post_tag","embeddable":true,"href":"https:\/\/israelmagazine.net\/index.php?rest_route=%2Fwp%2Fv2%2Ftags&post=61409"},{"taxonomy":"sujet","embeddable":true,"href":"https:\/\/israelmagazine.net\/index.php?rest_route=%2Fwp%2Fv2%2Fsujet&post=61409"}],"curies":[{"name":"wp","href":"https:\/\/api.w.org\/{rel}","templated":true}]}}