{"id":61440,"date":"2023-04-02T22:09:20","date_gmt":"2023-04-02T19:09:20","guid":{"rendered":"https:\/\/israelmagazine.net\/?p=61440"},"modified":"2023-04-02T22:09:20","modified_gmt":"2023-04-02T19:09:20","slug":"sharm-el-sheikh-contredit-la-declaration-dalger-de-janvier-2023","status":"publish","type":"post","link":"https:\/\/israelmagazine.net\/?p=61440","title":{"rendered":"Sharm El Sheikh contredit la d\u00e9claration d\u2019Alger de janvier 2023"},"content":{"rendered":"<h1 align=\\\"center\\\"><b>Sharm El Sheikh contredit la d\u00e9claration d\u2019Alger de janvier 2023<\/b><\/h1>\n<h2>Bertrand Ramas-Muhlbach<\/h2>\n<p>Le 19 mars 2023, des repr\u00e9sentants isra\u00e9liens, palestiniens de l\u2019AP, des \u00c9tats-Unis, d\u2019\u00c9gypte et de Jordanie se sont retrouv\u00e9s \u00e0 Sharm El Sheikh, en vue de mettre un terme \u00e0 la violence palestinienne et d\u2019apaiser les tensions entre Isra\u00e9liens et Palestiniens. Bien que l\u2019initiative soit de nature \u00e0 profiter aux deux parties, les Palestiniens en ont imm\u00e9diatement rejet\u00e9 le principe, pour une raison bien simple : le sommet de Sharm El Sheikh contredit les d\u00e9cisions adopt\u00e9es, lors de la conf\u00e9rence d\u2019unification des diverses mouvances palestiniennes, tenue \u00e0 Alger (les 29 et 30 janvier 2023). \u00c0 cette occasion, les factions terroristes palestiniennes ont (\u00e0 l\u2019unanimit\u00e9) d\u00e9cid\u00e9 d\u2019une \u00ab <strong><em>intensification de la lutte arm\u00e9e contre l\u2019occupant sioniste<\/em><\/strong> \u00bb.<\/p>\n<h2>L\\&rsquo;absence de ma\u00eetrise des factions<\/h2>\n<p>Ce rejet palestinien est d\u2019autant plus regrettable que, lors de la r\u00e9union de Sharm El Sheikh (qui fait suite au sommet tenu le 26 f\u00e9vrier 2023 dans la ville jordanienne d\u2019Aqaba), les responsables de la s\u00e9curit\u00e9, tant isra\u00e9liens que palestiniens, se sont mis d\\&rsquo;accord sur des principes tout \u00e0 fait louables :<\/p>\n<p>&#8211;\u00a0\u00a0\u00a0\u00a0\u00a0\u00a0R\u00e9solution des probl\u00e8mes en suspens<\/p>\n<p>&#8211;\u00a0\u00a0\u00a0\u00a0\u00a0\u00a0Suspension des mesures unilat\u00e9rales pendant une p\u00e9riode de 3 \u00e0 6 mois<\/p>\n<p>&#8211;\u00a0\u00a0\u00a0\u00a0\u00a0\u00a0Gestion par l\u2019AP de la s\u00e9curit\u00e9 dans la zone A de Jud\u00e9e Samarie<\/p>\n<p>&#8211;\u00a0\u00a0\u00a0\u00a0\u00a0\u00a0Frein aux violences avant la prochaine rencontre pr\u00e9vue en avril 2023<\/p>\n<p>&#8211;\u00a0\u00a0\u00a0\u00a0\u00a0\u00a0Am\u00e9lioration des conditions \u00e9conomiques du peuple palestinien<\/p>\n<p>&#8211;\u00a0\u00a0\u00a0\u00a0\u00a0\u00a0Respect du statu quo sur les lieux Saints de J\u00e9rusalem<\/p>\n<h2>Multiplication des attentats meurtriers<\/h2>\n<p>Manifestement, les Palestiniens ne sont pas du tout int\u00e9ress\u00e9s par une r\u00e9solution pacifique du diff\u00e9rend avec les Juifs. Ils ont d\u2019ailleurs imm\u00e9diatement signifi\u00e9 cette d\u00e9sapprobation au moment o\u00f9 se tenait la r\u00e9union \u00e0 Aqaba (le 26 f\u00e9vrier 2023) : des Palestiniens ont assassin\u00e9 deux jeunes Isra\u00e9liens dans la ville d\u2019Huwara. De m\u00eame, le 19 mars 2023 (jour de la r\u00e9union de Sharm El Sheikh), un terroriste palestinien a ouvert le feu sur un v\u00e9hicule isra\u00e9lien (toujours dans la\u00a0\u00a0ville d\u2019Huwara). Par chance, il a \u00e9t\u00e9 neutralis\u00e9 avant de faire des victimes, mais les Brigades des Martyrs d\u2019Al-Aqsa se sont f\u00e9licit\u00e9es de l\u2019attentat en ces termes : \u00ab nous b\u00e9nissons cette op\u00e9ration h\u00e9ro\u00efque qui est une r\u00e9ponse coh\u00e9rente aux crimes commis contre le peuple palestinien par l\u2019occupation sioniste \u00bb.<\/p>\n<h2>Abbas confirm\u00e9 dans le r\u00f4le du tra\u00eetre<\/h2>\n<p>Bien \u00e9videmment, l\u2019\u00e9tat d\u2019esprit des Palestiniens (qui n\u2019a pas \u00e9volu\u00e9 au cours de ces derni\u00e8res d\u00e9cennies) s\u2019inscrit dans le prolongement de la D\u00e9claration d\u2019Alger du 30 janvier 2023, qui a consacr\u00e9 \u00ab\u00a0 le r\u00e9tablissement de l\u2019unit\u00e9 nationale et la r\u00e9habilitation de la cause palestinienne en tant que cause centrale \u00bb et qui a fix\u00e9 l\u2019objectif pour la p\u00e9riode \u00e0 venir, en l\u2019occurrence : \u00ab l\u2019intensification de la lutte arm\u00e9e contre l\u2019occupant sioniste \u00bb.<\/p>\n<p>Dans ces conditions, la d\u00e9cision de l\u2019Autorit\u00e9 Palestinienne de renouer le dialogue s\u00e9curitaire avec Isra\u00ebl contredit radicalement les buts que se sont fix\u00e9s les factions terroristes palestiniennes. Pire, il s\u2019agit d\u2019un acte de traitrise dans la mesure o\u00f9 la D\u00e9claration d\u2019Alger a pr\u00e9cis\u00e9ment pr\u00e9vu \u00ab\u00a0 une concertation, une coll\u00e9gialit\u00e9 et un consensus national palestinien dans les prises de d\u00e9cision\u00a0\u00bb.<\/p>\n<h2>Le but est toujours d\\&rsquo;\u00e9radiquer Isra\u00ebl<\/h2>\n<p>Plus pr\u00e9cis\u00e9ment, le D\u00e9claration d\u2019Alger a r\u00e9it\u00e9r\u00e9 \u00ab\u00a0l\u2019attachement du peuple palestinien au choix de la r\u00e9sistance et de l\u2019intifada et \u00e0 l\u2019application des d\u00e9cisions du Conseil national palestinien\u00a0\u00bb, \u00e9tant entendu que la d\u00e9claration constitue \u00ab\u00a0la base de la strat\u00e9gie palestinienne\u00a0unifi\u00e9e face \u00e0 l\u2019occupations sioniste\u00a0\u00bb.<\/p>\n<p>Pour ce qu\u2019il en est de l\u2019assiette territoriale du futur \u00c9tat palestinien, la D\u00e9claration d\u2019Alger a repris les principes figurant dans les Chartes de l\u2019Olp (de 1968) et du Hamas (de 1988) \u00e0 savoir : \u00ab l\u2019\u00e9tablissement d\u2019un \u00c9tat palestinien ind\u00e9pendant sur l\u2019ensemble des territoires occup\u00e9s avec Al Qods (J\u00e9rusalem) comme capitale outre le retour de tous ses r\u00e9fugi\u00e9s, conform\u00e9ment \u00e0 la r\u00e9solution onusienne 194 (du 11 d\u00e9cembre 1948) \u00bb.<\/p>\n<h2>Plus loin que jamais d\\&rsquo;une r\u00e9solution<\/h2>\n<p>Ainsi, et pendant que le monde s\u2019attend (na\u00efvement) \u00e0 une r\u00e9solution pacifique du diff\u00e9rend entre Palestiniens et Isra\u00e9liens, les terroristes palestiniens multiplient les condamnations de l\u2019initiative \u00e0 laquelle Mahmoud Abbas a pris part.<\/p>\n<p>D\u00e8s avant la tenue de la r\u00e9union, le Front Populaire de Lib\u00e9ration de la Palestine et le Jihad Islamique Palestinien avaient condamn\u00e9 la pr\u00e9sence de l\u2019Autorit\u00e9 palestinienne au sommet de Sharm El Sheikh, estimant que la r\u00e9union \u00e9tait \u00ab un plan dangereux pour nuire \u00e0 l\u2019unit\u00e9 nationale de notre peuple et \u00e0 la confrontation avec l\u2019ennemi sioniste \u00bb.<\/p>\n<h2>Jeux de r\u00f4les avec l\\&rsquo;AP<\/h2>\n<p>De m\u00eame, \u00e0 Gaza, les factions terroristes ont appel\u00e9 \u00e0 manifester le 19 mars 2023 contre la r\u00e9union, tout comme le Front D\u00e9mocratique \u00e0 Jabaliya, mais aussi la Brigade de J\u00e9nine ou encore la Fosse aux lions de Naplouse. Bien \u00e9videmment, le Hamas et le Jihad Islamique palestinien se sont \u00e9galement joints \u00e0 l\u2019appel pour rejeter la conf\u00e9rence dans son int\u00e9gralit\u00e9.<\/p>\n<p>Pour leur part, le Front D\u00e9mocratique de Lib\u00e9ration de la Palestine, le Parti du peuple Palestinien et l\u2019Union D\u00e9mocratique Palestinienne ont, dans une d\u00e9claration conjointe, fait d\u00e9fense au Pr\u00e9sident Mahmoud Abbas de participer \u00e0 la r\u00e9union pr\u00e9vue, et appel\u00e9 l\u2019\u00c9gypte et la Jordanie \u00e0 l\u2019annuler. Ils ont alors rappel\u00e9 que la \u00ab <strong><em>voie \u00e9tait extr\u00eamement dangereuse<\/em><\/strong> pour le peuple palestinien et pour ses droits \u00bb.<\/p>\n<h2>La compromission de fa\u00e7ade de l\\&rsquo;Autorit\u00e9 Palestinienne<\/h2>\n<p>C\u2019est dans ce contexte que le 19 mars 2023, le Hamas a condamn\u00e9 la participation de l\u2019AP \u00e0 la r\u00e9union de Sharm El Sheikh en ces termes : \u00ab\u00a0 cette rencontre avec les sionistes est une rupture avec le consensus national palestinien,<strong><em> un m\u00e9pris pour le sang des martyrs<\/em><\/strong>, une tentative ouverte de dissimuler les crimes de l\u2019occupation et un feu vert pour commettre d\u2019autres violations contre notre peuple, notre terre et nos lieux saints\\\u00a0\u00bb.<\/p>\n<p>De m\u00eame, d\u2019autres factions terroristes palestiniennes ind\u00e9pendantes comme Al Mubadara (Initiative Nationale palestinienne), mais <em><strong>aussi des membres du Fatah<\/strong><\/em>, ont condamn\u00e9 la participation de Mahmoud Abbas \u00e0 la conf\u00e9rence, tout en d\u00e9plorant la r\u00e9pression (fictive) des terroristes palestiniens par les forces de s\u00e9curit\u00e9 de l\u2019Autorit\u00e9 palestinienne.<\/p>\n<div><span style=\\\"color: #26282a;\\\">Rappelons, en effet, qu\\&rsquo;il arrive \u00e0 l\u2019Autorit\u00e9 Palestinienne d\\&rsquo;arr\u00eater des terroristes palestiniens dans le cadre de l\u2019accord s\u00e9curitaire pass\u00e9 avec Isra\u00ebl (tels les membres de la Fosse aux Lions en septembre 2022). De m\u00eame, l\u2019Autorit\u00e9 Palestinienne offre des <strong><em>incitations financi\u00e8res<\/em><\/strong> aux terroristes pour qu\u2019ils renoncent \u00e0 la lutte arm\u00e9e contre l\u2019\u00c9tat juif et qu\u2019ils rejoignent <strong><em>les forces de s\u00e9curit\u00e9<\/em> <\/strong>(les responsables terroristes consid\u00e8rent qu\u2019il s\u2019agit d\u2019une forme de corruption des combattants). D\u00e9sormais, les terroristes palestiniens redoutent d\u2019\u00eatre arr\u00eat\u00e9s et retorun\u00e9s par la police palestinienne s\u2019ils participent \u00e0 des op\u00e9rations terroristes (cela vaut tant pour les membres du Hamas que pour ceux du Fatah de Mahmoud Abbas). <\/span><\/div>\n<p>En septembre 2022, le ministre de la D\u00e9fense Benny Gantz avait d\u00e9clar\u00e9 que \u00ab sans l\u2019AP, la situation ne ferait qu\u2019empirer et se radicaliser \u00bb. Mais, c\u2019est exactement ce qui est en train de se produire, puisque Mahmoud Abbas a perdu toute l\u00e9gitimit\u00e9.<\/p>\n<p><strong>La suite de l\u2019article se trouve dans le prochain num\u00e9ro d\u2019Isra\u00ebl Magazine<\/strong><\/p>\n<p><strong>D\u00e9couvrez un exemplaire du magazine gratuitement et cliquez ensuite sur le rebord droit<\/strong><\/p>\n<p><a href=\\\"https:\/\/online.fliphtml5.com\/rjspi\/ypmm\/#p=1\\\"><strong>https:\/\/online.fliphtml5.com\/rjspi\/ypmm\/#p=1<\/strong><\/a><\/p>\n<p><strong>Votre magazine est livr\u00e9 chez vous en toute confidentialit\u00e9<br \/>\nS\u2019abonner au magazine par t\u00e9l\u00e9phone ou par whats app 00972 (0) 54 254 45 20 ou au 01 86 98 27 27<\/strong><\/p>\n<p><strong>Par email\u00a0\u00a0<\/strong><a href=\\\"mailto:Andredarmon21@gmail.com\\\"><strong>Andredarmon21@gmail.com<\/strong><\/a><strong>\u00a0 pay pal<\/strong><\/p>\n<p><strong>Ou directement sur le site<\/strong><\/p>\n<p><a href=\\\"https:\/\/israelmagazine.co.il\/sabonner-au-magazine\/\\\"><strong>https:\/\/israelmagazine.co.il\/sabonner-au-magazine\/<\/strong><\/a><\/p>\n<p><strong>Loi du Retour ou qui est Juif ?Ou encore S\u2019abonner au magazine livr\u00e9 chez vous en toute confidentialit\u00e9. Remplir le formulaire<\/strong><\/p>\n<p><a href=\\\"https:\/\/docs.google.com\/forms\/d\/e\/1FAIpQLSfPYJfb8KjEya-X17w0DGPAuBlCGvqVUdh_Is8EL810Lxw82A\/viewform?entry.1189475001=Recipient_Email\\\"><strong>https:\/\/docs.google.com\/forms\/d\/e\/1FAIpQLSfPYJfb8KjEya-X17w0DGPAuBlCGvqVUdh_Is8EL810Lxw82A\/viewform?entry.1189475001=Recipient_Email<\/strong><\/a><\/p>\n","protected":false},"excerpt":{"rendered":"<p>Sharm El Sheikh contredit la d\u00e9claration d\u2019Alger de janvier 2023 Bertrand Ramas-Muhlbach Le 19 mars 2023, des repr\u00e9sentants isra\u00e9liens, palestiniens de l\u2019AP, des \u00c9tats-Unis, d\u2019\u00c9gypte et de Jordanie se sont retrouv\u00e9s \u00e0 Sharm El Sheikh, en vue de mettre un terme \u00e0 la violence palestinienne et d\u2019apaiser les tensions entre Isra\u00e9liens et Palestiniens. Bien que &hellip;<\/p>\n<p class=\"read-more\"> <a class=\"\" href=\"https:\/\/israelmagazine.net\/?p=61440\"> <span class=\"screen-reader-text\">Sharm El Sheikh contredit la d\u00e9claration d\u2019Alger de janvier 2023<\/span> Lire la suite \u00bb<\/a><\/p>\n","protected":false},"author":4,"featured_media":61441,"comment_status":"open","ping_status":"open","sticky":false,"template":"","format":"standard","meta":{"site-sidebar-layout":"default","site-content-layout":"default","ast-global-header-display":"","ast-main-header-display":"","ast-hfb-above-header-display":"","ast-hfb-below-header-display":"","ast-hfb-mobile-header-display":"","site-post-title":"","ast-breadcrumbs-content":"","ast-featured-img":"","footer-sml-layout":"","theme-transparent-header-meta":"","adv-header-id-meta":"","stick-header-meta":"","header-above-stick-meta":"","header-main-stick-meta":"","header-below-stick-meta":""},"categories":[84,1621,1387,1612,841,822,1622,1623],"tags":[823,955,1628,877,821],"sujet":[],"_links":{"self":[{"href":"https:\/\/israelmagazine.net\/index.php?rest_route=\/wp\/v2\/posts\/61440"}],"collection":[{"href":"https:\/\/israelmagazine.net\/index.php?rest_route=\/wp\/v2\/posts"}],"about":[{"href":"https:\/\/israelmagazine.net\/index.php?rest_route=\/wp\/v2\/types\/post"}],"author":[{"embeddable":true,"href":"https:\/\/israelmagazine.net\/index.php?rest_route=\/wp\/v2\/users\/4"}],"replies":[{"embeddable":true,"href":"https:\/\/israelmagazine.net\/index.php?rest_route=%2Fwp%2Fv2%2Fcomments&post=61440"}],"version-history":[{"count":0,"href":"https:\/\/israelmagazine.net\/index.php?rest_route=\/wp\/v2\/posts\/61440\/revisions"}],"wp:featuredmedia":[{"embeddable":true,"href":"https:\/\/israelmagazine.net\/index.php?rest_route=\/"}],"wp:attachment":[{"href":"https:\/\/israelmagazine.net\/index.php?rest_route=%2Fwp%2Fv2%2Fmedia&parent=61440"}],"wp:term":[{"taxonomy":"category","embeddable":true,"href":"https:\/\/israelmagazine.net\/index.php?rest_route=%2Fwp%2Fv2%2Fcategories&post=61440"},{"taxonomy":"post_tag","embeddable":true,"href":"https:\/\/israelmagazine.net\/index.php?rest_route=%2Fwp%2Fv2%2Ftags&post=61440"},{"taxonomy":"sujet","embeddable":true,"href":"https:\/\/israelmagazine.net\/index.php?rest_route=%2Fwp%2Fv2%2Fsujet&post=61440"}],"curies":[{"name":"wp","href":"https:\/\/api.w.org\/{rel}","templated":true}]}}