{"id":61474,"date":"2023-04-03T11:48:34","date_gmt":"2023-04-03T08:48:34","guid":{"rendered":"https:\/\/israelmagazine.net\/?p=61474"},"modified":"2023-04-03T11:48:34","modified_gmt":"2023-04-03T08:48:34","slug":"les-pilotes-qui-nintegrent-pas-les-rangs-seront-renvoyes-des-reserves-de-larmee","status":"publish","type":"post","link":"https:\/\/israelmagazine.net\/?p=61474","title":{"rendered":"Les Pilotes qui n\\&rsquo;int\u00e8grent pas les rangs seront renvoy\u00e9s des r\u00e9serves de l\\&rsquo;Arm\u00e9e"},"content":{"rendered":"<div class=\\\"adn ads\\\" data-message-id=\\\"#msg-f:1762135426999826680\\\" data-legacy-message-id=\\\"18745cd5ac74b8f8\\\">\n<div class=\\\"gs\\\">\n<div class=\\\"\\\">\n<div id=\\\":ng\\\" class=\\\"ii gt\\\">\n<div id=\\\":nf\\\" class=\\\"a3s aiL \\\">\n<div dir=\\\"ltr\\\">\n<div class=\\\"gmail_quote\\\">\n<div dir=\\\"ltr\\\">\n<div>\n<p dir=\\\"ltr\\\"><span style=\\\"font-size: xx-large;\\\">Les Pilotes qui n\\&rsquo;int\u00e8grent pas les rangs seront renvoy\u00e9s des r\u00e9serves de l\\&rsquo;Arm\u00e9e<\/span><\/p>\n<h2 dir=\\\"ltr\\\">La menace du commandant de l\\&rsquo;arm\u00e9e de l\\&rsquo;air<span style=\\\"font-size: large;\\\"><br \/>\n<\/span><\/h2>\n<h2 dir=\\\"ltr\\\"><span style=\\\"font-size: large;\\\">Pression du Chef d\\&rsquo;\u00e9tat-major : l\\&rsquo;arm\u00e9e de l\\&rsquo;air change d\\&rsquo;approche.<\/span><\/h2>\n<p dir=\\\"ltr\\\">Apr\u00e8s la suspension du projet de r\u00e9forme, le commandant de l\\&rsquo;arm\u00e9e de l\\&rsquo;air change de direction : lors d\\&rsquo;une conf\u00e9rence interne, le colonel Tomer Bar a menac\u00e9 les pilotes de r\u00e9serve, qui veulent s\u2019abstenir de service si la l\u00e9gislation sur la r\u00e9forme judiciaire se poursuit : selon Bar, ils pourraient \u00eatre cong\u00e9di\u00e9s des escadrons.\u00a0Le fait de ne pas arriver aux entrainements entra\u00eenera l\u2019exclusion des pilotes. Mais on ne sait toujours pas si cette menace se mat\u00e9rialisera.<\/p>\n<p dir=\\\"ltr\\\">Cette mise au point a lieu six jours apr\u00e8s que\u00a0le Premier ministre Binyamin Netanyahou a d\u00e9cid\u00e9 de suspendre la l\u00e9gislation sur la r\u00e9forme judiciaire, et dans le cadre de sa pression sur l\\&rsquo;arm\u00e9e pour qu\\&rsquo;elle adopte une ligne dure contre les officiers qui refusent de se pr\u00e9senter au service de r\u00e9serve. Le commandant g\u00e9n\u00e9ral de l\\&rsquo;arm\u00e9e de l\\&rsquo;air Tomer Bar a pr\u00e9venu les officiers sup\u00e9rieurs du corps, dimanche 2 avril, lors d\\&rsquo;une conf\u00e9rence interne, que les pilotes de r\u00e9serve qui s\u2019abstiendront de servir \u2013 risquent d\\&rsquo;\u00eatre renvoy\u00e9s des escadrons<\/p>\n<p dir=\\\"ltr\\\">Il s\\&rsquo;agit d\\&rsquo;un changement d\\&rsquo;attitude de l\\&rsquo;arm\u00e9e de l\\&rsquo;air et probablement de toute l\\&rsquo;arm\u00e9e contre les r\u00e9servistes, dont des centaines de pilotes et officiers des forces sp\u00e9ciales, qui ont annonc\u00e9 qu\\&rsquo;ils ne serviront plus dans les r\u00e9serves si la r\u00e9volution judiciaire est approuv\u00e9e.<\/p>\n<h3 dir=\\\"ltr\\\"><span style=\\\"font-size: large;\\\">Jusqu\\&rsquo;\u00e0 pr\u00e9sent, l\\&rsquo;Arm\u00e9e de l\\&rsquo;Air a adopt\u00e9 une approche contenue et a beaucoup discut\u00e9 avec les soldats de service, afin d\\&rsquo;endiguer le ph\u00e9nom\u00e8ne qui prenait progressivement de l\\&rsquo;ampleur<\/span><\/h3>\n<p dir=\\\"ltr\\\">Si les pourparlers avec l\\&rsquo;opposition \u00e9chouent et que le gouvernement r\u00e9forme la l\u00e9gislation au d\u00e9but de l\\&rsquo;\u00e9t\u00e9, l\\&rsquo;arm\u00e9e \u00ab am\u00e9liore ses positions \u00bb, esp\u00e9rant sortir l\\&rsquo;arm\u00e9e du d\u00e9bat politique<\/p>\n<p dir=\\\"ltr\\\">Dans le m\u00eame temps, l\\&rsquo;arm\u00e9e a pr\u00e9cis\u00e9 que le commandant de l\\&rsquo;arm\u00e9e de l\\&rsquo;air n\\&rsquo;avait pas utilis\u00e9 le terme \\\u00a0\u00bbr\u00e9ticence\\\u00a0\u00bb dans son discours et que le statut de tout pilote de r\u00e9serve qui cesserait de venir aux vols qualifi\u00e9s serait examin\u00e9 individuellement. Mais il n\\&rsquo;effectuerait pas de vols op\u00e9rationnels.<\/p>\n<h2 dir=\\\"ltr\\\"><span style=\\\"font-size: large;\\\">Un pilote qui ne vole pas de mani\u00e8re op\u00e9rationnelle peut se retrouver plus tard d\u00e9mis de ses fonctions<\/span><\/h2>\n<p dir=\\\"ltr\\\">En pratique, <em><strong>seules quelques dizaines de pilotes ne se sont pas pr\u00e9sent\u00e9s<\/strong> <\/em>aux sorties d\\&rsquo;entra\u00eenement ces derni\u00e8res semaines, mais d\\&rsquo;autres ont inform\u00e9 leurs commandants qu\\&rsquo;ils ne voleraient pas sous une \u00ab dictature \u00bb.\u00a0Leur position n\\&rsquo;aurait pas chang\u00e9 m\u00eame apr\u00e8s l\\&rsquo;avertissement du g\u00e9n\u00e9ral Bar.<\/p>\n<h3 dir=\\\"ltr\\\">\\\u00a0\u00bbAucun pilote de r\u00e9serve n\\&rsquo;a refus\u00e9 de se pr\u00e9senter et <a href=\\\"https:\/\/israelmagazine.co.il\/trois-attaques-en-syrie-pour-reduire-les-capacites-des-drones-de-liran\/\\\">certaines des sorties op\u00e9rationnelles attribu\u00e9es \u00e0 Isra\u00ebl en Syrie ces derniers jours<\/a> ont \u00e9t\u00e9 effectu\u00e9es par des pilotes de r\u00e9serve\\\u00a0\u00bb, ont-ils d\u00e9clar\u00e9.<\/h3>\n<p dir=\\\"ltr\\\">Il est important pour le commandant de l\\&rsquo;Air Force de d\u00e9montrer qu\\&rsquo;il reste des forces robustes pour \u00e9pauler les escadrons.\u00a0Les pilotes de r\u00e9serve ont de nouveau particip\u00e9 aux manifestations du week-end et apr\u00e8s l\\&rsquo;arr\u00eat de la l\u00e9gislation la semaine derni\u00e8re, ils sont revenus \u00e0 la routine compl\u00e8te.<\/p>\n<p dir=\\\"ltr\\\">Un jour avant d\\&rsquo;annoncer le report de la l\u00e9gislation, rappelons-le, Netanyahou avait limog\u00e9 le ministre de la D\u00e9fense Yoav Galant.\u00a0L\\&rsquo;entourage du Premier ministre a d\u00e9clar\u00e9 que \u00ab la raison principale de cette d\u00e9cision \u2013 \u00e9tait une r\u00e9ponse faible de la part de Galant face aux refus dans Tsahal, une attitude qui n\\&rsquo;a pas sa place. \u00bb Ces derni\u00e8res semaines, tous les commandants de Tsahal ont eu des entretiens avec leurs subordonn\u00e9s, r\u00e9guli\u00e8rement et dans les r\u00e9serves, dans le but de renforcer la coh\u00e9sion de Tsahal et de maintenir sa comp\u00e9tence.<\/p>\n<\/div>\n<\/div>\n<div class=\\\"adL\\\">\n<p><strong>La suite de l\u2019article se trouve dans le prochain num\u00e9ro d\u2019Isra\u00ebl Magazine<\/strong><\/p>\n<p><strong>D\u00e9couvrez un exemplaire du magazine gratuitement et cliquez ensuite sur le rebord droit<\/strong><\/p>\n<p><a href=\\\"https:\/\/online.fliphtml5.com\/rjspi\/ypmm\/#p=1\\\"><strong>https:\/\/online.fliphtml5.com\/rjspi\/ypmm\/#p=1<\/strong><\/a><\/p>\n<p><strong>Votre magazine est livr\u00e9 chez vous en toute confidentialit\u00e9<br \/>\nS\u2019abonner au magazine par t\u00e9l\u00e9phone ou par whats app 00972 (0) 54 254 45 20 ou au 01 86 98 27 27<\/strong><\/p>\n<p><strong>Par email\u00a0\u00a0<\/strong><a href=\\\"mailto:Andredarmon21@gmail.com\\\"><strong>Andredarmon21@gmail.com<\/strong><\/a><strong>\u00a0 pay pal<\/strong><\/p>\n<p><strong>Ou directement sur le site<\/strong><\/p>\n<p><a href=\\\"https:\/\/israelmagazine.co.il\/sabonner-au-magazine\/\\\"><strong>https:\/\/israelmagazine.co.il\/sabonner-au-magazine\/<\/strong><\/a><\/p>\n<p><strong>Loi du Retour ou qui est Juif ?Ou encore S\u2019abonner au magazine livr\u00e9 chez vous en toute confidentialit\u00e9. Remplir le formulaire<\/strong><\/p>\n<p><a href=\\\"https:\/\/docs.google.com\/forms\/d\/e\/1FAIpQLSfPYJfb8KjEya-X17w0DGPAuBlCGvqVUdh_Is8EL810Lxw82A\/viewform?entry.1189475001=Recipient_Email\\\"><strong>https:\/\/docs.google.com\/forms\/d\/e\/1FAIpQLSfPYJfb8KjEya-X17w0DGPAuBlCGvqVUdh_Is8EL810Lxw82A\/viewform?entry.1189475001=Recipient_Email<\/strong><\/a><\/p>\n<p><strong><u>\u00a0<\/u><\/strong><\/p>\n<\/div>\n<\/div>\n<\/div>\n<\/div>\n<\/div>\n<div class=\\\"hi\\\"><\/div>\n<\/div>\n<\/div>\n<div class=\\\"ajx\\\"><\/div>\n<\/div>\n<div class=\\\"gA gt acV\\\">\n<div class=\\\"gB xu\\\">\n<div class=\\\"ip iq\\\"><\/div>\n<\/div>\n<\/div>\n","protected":false},"excerpt":{"rendered":"<p>Les Pilotes qui n\\&rsquo;int\u00e8grent pas les rangs seront renvoy\u00e9s des r\u00e9serves de l\\&rsquo;Arm\u00e9e La menace du commandant de l\\&rsquo;arm\u00e9e de l\\&rsquo;air Pression du Chef d\\&rsquo;\u00e9tat-major : l\\&rsquo;arm\u00e9e de l\\&rsquo;air change d\\&rsquo;approche. Apr\u00e8s la suspension du projet de r\u00e9forme, le commandant de l\\&rsquo;arm\u00e9e de l\\&rsquo;air change de direction : lors d\\&rsquo;une conf\u00e9rence interne, le colonel Tomer &hellip;<\/p>\n<p class=\"read-more\"> <a class=\"\" href=\"https:\/\/israelmagazine.net\/?p=61474\"> <span class=\"screen-reader-text\">Les Pilotes qui n\\&rsquo;int\u00e8grent pas les rangs seront renvoy\u00e9s des r\u00e9serves de l\\&rsquo;Arm\u00e9e<\/span> Lire la suite \u00bb<\/a><\/p>\n","protected":false},"author":4,"featured_media":61475,"comment_status":"open","ping_status":"open","sticky":false,"template":"","format":"standard","meta":{"site-sidebar-layout":"default","site-content-layout":"default","ast-global-header-display":"","ast-main-header-display":"","ast-hfb-above-header-display":"","ast-hfb-below-header-display":"","ast-hfb-mobile-header-display":"","site-post-title":"","ast-breadcrumbs-content":"","ast-featured-img":"","footer-sml-layout":"","theme-transparent-header-meta":"","adv-header-id-meta":"","stick-header-meta":"","header-above-stick-meta":"","header-main-stick-meta":"","header-below-stick-meta":""},"categories":[84,1621,1612,3194,822,1674,1623,1191,3191,1615,1616,1624],"tags":[823,955,931,1761,742],"sujet":[],"_links":{"self":[{"href":"https:\/\/israelmagazine.net\/index.php?rest_route=\/wp\/v2\/posts\/61474"}],"collection":[{"href":"https:\/\/israelmagazine.net\/index.php?rest_route=\/wp\/v2\/posts"}],"about":[{"href":"https:\/\/israelmagazine.net\/index.php?rest_route=\/wp\/v2\/types\/post"}],"author":[{"embeddable":true,"href":"https:\/\/israelmagazine.net\/index.php?rest_route=\/wp\/v2\/users\/4"}],"replies":[{"embeddable":true,"href":"https:\/\/israelmagazine.net\/index.php?rest_route=%2Fwp%2Fv2%2Fcomments&post=61474"}],"version-history":[{"count":0,"href":"https:\/\/israelmagazine.net\/index.php?rest_route=\/wp\/v2\/posts\/61474\/revisions"}],"wp:featuredmedia":[{"embeddable":true,"href":"https:\/\/israelmagazine.net\/index.php?rest_route=\/"}],"wp:attachment":[{"href":"https:\/\/israelmagazine.net\/index.php?rest_route=%2Fwp%2Fv2%2Fmedia&parent=61474"}],"wp:term":[{"taxonomy":"category","embeddable":true,"href":"https:\/\/israelmagazine.net\/index.php?rest_route=%2Fwp%2Fv2%2Fcategories&post=61474"},{"taxonomy":"post_tag","embeddable":true,"href":"https:\/\/israelmagazine.net\/index.php?rest_route=%2Fwp%2Fv2%2Ftags&post=61474"},{"taxonomy":"sujet","embeddable":true,"href":"https:\/\/israelmagazine.net\/index.php?rest_route=%2Fwp%2Fv2%2Fsujet&post=61474"}],"curies":[{"name":"wp","href":"https:\/\/api.w.org\/{rel}","templated":true}]}}