{"id":61480,"date":"2023-04-04T08:32:08","date_gmt":"2023-04-04T05:32:08","guid":{"rendered":"https:\/\/israelmagazine.net\/?p=61480"},"modified":"2023-04-04T08:32:08","modified_gmt":"2023-04-04T05:32:08","slug":"parution-du-livre-quelle-democratie-pour-israel-pierre-lurcat","status":"publish","type":"post","link":"https:\/\/israelmagazine.net\/?p=61480","title":{"rendered":"Parution du livre \u201cQuelle D\u00e9mocratie pour Isra\u00ebl ?\u201d, Pierre Lur\u00e7at"},"content":{"rendered":"<p><img class=\\\"alignnone size-full wp-image-61481\\\" src=\\\"https:\/\/israelmagazine.co.il\/wp-content\/uploads\/2023\/04\/633460839EDA4AE3945A83C01C7D08F01.gif\\\" alt=\\\"\\\" width=\\\"95\\\" height=\\\"76\\\" \/><\/p>\n<p style=\\\"font-weight: 400;\\\"><strong>\u00c9ditions L\u2019\u00e9l\u00e9phant<\/strong><\/p>\n<p style=\\\"font-weight: 400;\\\">J\u00e9rusalem, le 3 avril 2023<\/p>\n<p style=\\\"text-align: center;\\\"><img class=\\\"alignnone wp-image-61488 size-full\\\" src=\\\"https:\/\/israelmagazine.co.il\/wp-content\/uploads\/2023\/04\/41RGlr1MxKL3.jpg\\\" alt=\\\"\\\" width=\\\"314\\\" height=\\\"500\\\" \/><\/p>\n<p style=\\\"font-weight: 400;\\\"><strong>\u00a0<\/strong><\/p>\n<table width=\\\"602\\\">\n<tbody>\n<tr>\n<td width=\\\"602\\\">\n<h1><strong>COMMUNIQU\u00c9 &#8211; Parution du livre \u201cQuelle D\u00e9mocratie pour Isra\u00ebl ?\u201d<\/strong><\/h1>\n<\/td>\n<\/tr>\n<\/tbody>\n<\/table>\n<p style=\\\"font-weight: 400;\\\">La violente pol\u00e9mique et les manifestations publiques incessantes suscit\u00e9es depuis quelques mois en Isra\u00ebl par le projet de r\u00e9forme judiciaire posent une question essentielle. Comment expliquer que des dizaines de milliers d\u2019Isra\u00e9liens manifestent en scandant \u00ab\u00a0<em>D\u00e9mocratie !<\/em>\u00a0\u00bb, alors m\u00eame que l\u2019objectif affich\u00e9 de la r\u00e9forme judiciaire est pr\u00e9cis\u00e9ment de renforcer la d\u00e9mocratie et l\u2019\u00e9quilibre des pouvoirs ? Il y a l\u00e0, de toute \u00e9vidence, deux conceptions oppos\u00e9es de la nature du r\u00e9gime d\u00e9mocratique.<\/p>\n<p style=\\\"font-weight: 400;\\\">Pour comprendre les enjeux de ce d\u00e9bat fondamental, il est n\u00e9cessaire de revenir en arri\u00e8re, aux d\u00e9buts de la \u00ab\u00a0R\u00e9volution constitutionnelle\u00a0\u00bb men\u00e9e par le juge Aharon Barak dans les ann\u00e9es 1980 et 1990. C\u2019est depuis lors que la Cour supr\u00eame s\u2019est octroy\u00e9e la comp\u00e9tence de dire le droit \u00e0 la place du l\u00e9gislateur, d\u2019annuler les d\u00e9cisions du gouvernement et de l\u2019administration, les nominations de fonctionnaires et de ministres et les d\u00e9cisions des commandants de l\u2019arm\u00e9e, etc. Aucun domaine n\u2019\u00e9chappe plus \u00e0 son contr\u00f4le omnipr\u00e9sent.<\/p>\n<p style=\\\"font-weight: 400;\\\">Dans son nouveau livre, Pierre Lur\u00e7at retrace l\u2019histoire de cette R\u00e9volution pass\u00e9e inaper\u00e7ue du grand public et explique les enjeux du projet de r\u00e9forme actuel, en la repla\u00e7ant dans son contexte historique. Il rappelle ainsi pourquoi Isra\u00ebl ne poss\u00e8de pas de Constitution et montre comment l\u2019extension du domaine de la comp\u00e9tence de la Cour supr\u00eame a affaibli les pouvoirs ex\u00e9cutif et l\u00e9gislatif, en la transformant\u00a0<em>de facto<\/em>\u00a0en premier pouvoir.<\/p>\n<p style=\\\"font-weight: 400;\\\">Repla\u00e7ant la probl\u00e9matique isra\u00e9lienne dans un contexte plus vaste \u2013 celui de la mont\u00e9e en puissance d\u2019un \u00ab\u00a0gouvernement des juges\u00a0\u00bb dans la plupart des pays occidentaux, il s\u2019interroge \u00e9galement sur les causes profondes de l\u2019engouement pour la notion d\u2019un pouvoir des juges et du rejet concomitant de la d\u00e9mocratie repr\u00e9sentative et du pouvoir politique en g\u00e9n\u00e9ral.<\/p>\n<p><img class=\\\"alignnone size-full wp-image-61484\\\" src=\\\"https:\/\/israelmagazine.co.il\/wp-content\/uploads\/2023\/04\/pierre-lurcat-300x2721-1.jpg\\\" alt=\\\"\\\" width=\\\"300\\\" height=\\\"272\\\" \/><\/p>\n<p style=\\\"font-weight: 400;\\\"><strong><em>L\u2019auteur<\/em><\/strong><\/p>\n<p style=\\\"font-weight: 400;\\\">N\u00e9 \u00e0 Princeton, Pierre Lur\u00e7at a grandi \u00e0 Paris et vit \u00e0 J\u00e9rusalem. Il a publi\u00e9 plusieurs essais, parmi lesquels des\u00a0<em>Pr\u00e9ceptes tir\u00e9s de la sagesse juive\u00a0<\/em>(Presses du Chatelet),\u00a0<em>Isra\u00ebl, le r\u00eave inachev\u00e9\u00a0<\/em>(\u00e9ditions de Paris), et\u00a0<em>Les mythes fondateurs de l\u2019antisionisme contemporain (<\/em>\u00e9ditions L\u2019\u00e9l\u00e9phant). Il a fond\u00e9 en 2021 la Biblioth\u00e8que sioniste, qui vise \u00e0 mettre \u00e0 la port\u00e9e du lectorat francophone les grands textes des fondateurs du mouvement sioniste et dirigeants de l\u2019Etat d\u2019Isra\u00ebl.<\/p>\n<p style=\\\"font-weight: 400;\\\"><strong><em>\u00a0<\/em><\/strong><\/p>\n<p style=\\\"font-weight: 400;\\\"><strong><em>\u00a0<\/em><\/strong><\/p>\n<table style=\\\"font-weight: 400;\\\" width=\\\"602\\\">\n<tbody>\n<tr>\n<td width=\\\"602\\\"><strong><em>Nous serons heureux de vous faire parvenir un exemplaire en service de presse (papier ou num\u00e9rique)<\/em><\/strong><\/p>\n<p><strong><em>\u00a0<\/em><\/strong><\/p>\n<p><a href=\\\"mailto:editionslelephant@gmail.com\\\"><strong>editionslelephant@gmail.com<\/strong><\/a><\/p>\n<p><strong><u>\u00a0<\/u><\/strong><\/p>\n<p><strong><u><a href=\\\"http:\/\/www.editions-elephant.com\/\\\" data-saferedirecturl=\\\"https:\/\/www.google.com\/url?q=http:\/\/www.editions-elephant.com&amp;source=gmail&amp;ust=1680670963959000&amp;usg=AOvVaw0vUThXUCjnfX1bpdUSs2YN\\\">www.editions-elephant.com<\/a><\/u><\/strong><\/td>\n<\/tr>\n<\/tbody>\n<\/table>\n<p style=\\\"font-weight: 400;\\\"><strong><em>\u00a0<\/em><\/strong><\/p>\n","protected":false},"excerpt":{"rendered":"<p>\u00c9ditions L\u2019\u00e9l\u00e9phant J\u00e9rusalem, le 3 avril 2023 \u00a0 COMMUNIQU\u00c9 &#8211; Parution du livre \u201cQuelle D\u00e9mocratie pour Isra\u00ebl ?\u201d La violente pol\u00e9mique et les manifestations publiques incessantes suscit\u00e9es depuis quelques mois en Isra\u00ebl par le projet de r\u00e9forme judiciaire posent une question essentielle. Comment expliquer que des dizaines de milliers d\u2019Isra\u00e9liens manifestent en scandant \u00ab\u00a0D\u00e9mocratie !\u00a0\u00bb, &hellip;<\/p>\n<p class=\"read-more\"> <a class=\"\" href=\"https:\/\/israelmagazine.net\/?p=61480\"> <span class=\"screen-reader-text\">Parution du livre \u201cQuelle D\u00e9mocratie pour Isra\u00ebl ?\u201d, Pierre Lur\u00e7at<\/span> Lire la suite \u00bb<\/a><\/p>\n","protected":false},"author":4,"featured_media":61483,"comment_status":"open","ping_status":"open","sticky":false,"template":"","format":"standard","meta":{"site-sidebar-layout":"default","site-content-layout":"default","ast-global-header-display":"","ast-main-header-display":"","ast-hfb-above-header-display":"","ast-hfb-below-header-display":"","ast-hfb-mobile-header-display":"","site-post-title":"","ast-breadcrumbs-content":"","ast-featured-img":"","footer-sml-layout":"","theme-transparent-header-meta":"","adv-header-id-meta":"","stick-header-meta":"","header-above-stick-meta":"","header-main-stick-meta":"","header-below-stick-meta":""},"categories":[892,1621,814,1612,3194,1617,1674,1623,1191,3191],"tags":[],"sujet":[],"_links":{"self":[{"href":"https:\/\/israelmagazine.net\/index.php?rest_route=\/wp\/v2\/posts\/61480"}],"collection":[{"href":"https:\/\/israelmagazine.net\/index.php?rest_route=\/wp\/v2\/posts"}],"about":[{"href":"https:\/\/israelmagazine.net\/index.php?rest_route=\/wp\/v2\/types\/post"}],"author":[{"embeddable":true,"href":"https:\/\/israelmagazine.net\/index.php?rest_route=\/wp\/v2\/users\/4"}],"replies":[{"embeddable":true,"href":"https:\/\/israelmagazine.net\/index.php?rest_route=%2Fwp%2Fv2%2Fcomments&post=61480"}],"version-history":[{"count":0,"href":"https:\/\/israelmagazine.net\/index.php?rest_route=\/wp\/v2\/posts\/61480\/revisions"}],"wp:featuredmedia":[{"embeddable":true,"href":"https:\/\/israelmagazine.net\/index.php?rest_route=\/"}],"wp:attachment":[{"href":"https:\/\/israelmagazine.net\/index.php?rest_route=%2Fwp%2Fv2%2Fmedia&parent=61480"}],"wp:term":[{"taxonomy":"category","embeddable":true,"href":"https:\/\/israelmagazine.net\/index.php?rest_route=%2Fwp%2Fv2%2Fcategories&post=61480"},{"taxonomy":"post_tag","embeddable":true,"href":"https:\/\/israelmagazine.net\/index.php?rest_route=%2Fwp%2Fv2%2Ftags&post=61480"},{"taxonomy":"sujet","embeddable":true,"href":"https:\/\/israelmagazine.net\/index.php?rest_route=%2Fwp%2Fv2%2Fsujet&post=61480"}],"curies":[{"name":"wp","href":"https:\/\/api.w.org\/{rel}","templated":true}]}}