{"id":61565,"date":"2023-04-08T20:26:21","date_gmt":"2023-04-08T17:26:21","guid":{"rendered":"https:\/\/israelmagazine.net\/?p=61565"},"modified":"2023-04-08T20:26:21","modified_gmt":"2023-04-08T17:26:21","slug":"litalie-revulsee-par-la-culture-criminelle-palestinienne","status":"publish","type":"post","link":"https:\/\/israelmagazine.net\/?p=61565","title":{"rendered":"L\\&rsquo;Italie r\u00e9vuls\u00e9e par la culture criminelle palestinienne"},"content":{"rendered":"<blockquote class=\"twitter-tweet\" data-width=\"500\" data-dnt=\"true\">\n<p lang=\"iw\" dir=\"rtl\">\u05d4\u05e4\u05d9\u05d2\u05d5\u05e2 \u05d1\u05d8\u05d9\u05d9\u05dc\u05ea \u05d1\u05ea\u05dc \u05d0\u05d1\u05d9\u05d1:  \u05ea\u05d9\u05e2\u05d5\u05d3 \u05d4\u05e4\u05d9\u05d2\u05d5\u05e2 \u05de\u05de\u05e6\u05dc\u05de\u05d5\u05ea \u05d4\u05d0\u05d1\u05d8\u05d7\u05d4 | \u05e2\u05d3\u05db\u05d5\u05e0\u05d9\u05dd \u05e9\u05d5\u05d8\u05e4\u05d9\u05dd &gt;&gt; <a href=\"https:\/\/t.co\/aBDhe9QGeb\">https:\/\/t.co\/aBDhe9QGeb<\/a> <a href=\"https:\/\/t.co\/tQETL8A4kP\">pic.twitter.com\/tQETL8A4kP<\/a><\/p>\n<p>&mdash; \u05db\u05d0\u05df \u05d7\u05d3\u05e9\u05d5\u05ea (@kann_news) <a href=\"https:\/\/twitter.com\/kann_news\/status\/1644435697527320576?ref_src=twsrc%5Etfw\">April 7, 2023<\/a><\/p><\/blockquote>\n<p><script async src=\"https:\/\/platform.twitter.com\/widgets.js\" charset=\"utf-8\"><\/script><\/p>\n<h2><span class=\\\"im\\\"><span style=\\\"font-size: xx-large;\\\">L\\&rsquo;Italie r\u00e9vuls\u00e9e par la culture criminelle palestinienne<\/span><br \/>\n<\/span><\/h2>\n<div>\n<h2>L\\&rsquo;attentat du vendredi 7 avril fait les gros titres de la presse italienne : le touriste Alessandro Farini, avocat de 35 ans, originaire de Rome et fra\u00eechement d\u00e9barqu\u00e9, le matin m\u00eame, est d\u00e9c\u00e9d\u00e9, apr\u00e8s que Yossef Abu Jaber, de Kfar Kassem l\\&rsquo;a percut\u00e9 avec son v\u00e9hicule \\\u00a0\u00bbfou\\\u00a0\u00bb lanc\u00e9 \u00e0 toute vitesse sur la promenade Charles Clore de Tel Aviv.<\/h2>\n<p>L\\&rsquo;assassin voulait d\u00e9cupler les d\u00e9g\u00e2ts humains en tirant aussi \u00e0 l\\&rsquo;arme \u00e0 feu, apr\u00e8s avoir poursuivi ses victimes avec son v\u00e9hicule pour les percuter. Des policiers ne lui en ont pas laiss\u00e9 le temps et l\\&rsquo;ont stopp\u00e9 net.<\/p>\n<h2>Le m\u00e9pris de la vie au c\u0153ur de l\\&rsquo;id\u00e9ologie palestinienne<\/h2>\n<p>5 des 7 autres bless\u00e9s sont \u00e9galement des touristes britanniques ou italiens. Alors que Giorgia Meloni protestait \u00e9nergiquement contre ces crimes gratuits qui caract\u00e9risent la soi-disant forme de lutte palestinienne, le Jihad Islamique et le Hamas revendiquaient\u00a0haut et clair ces meurtres comme nourrissant la l\u00e9gitimit\u00e9 de leur \\\u00a0\u00bbcombat\\\u00a0\u00bb.<\/p>\n<p>On ne conna\u00eet pas d\\&rsquo;ant\u00e9c\u00e9dents s\u00e9curitaires au terroriste, b\u00e9douin originaire d\\&rsquo;un village arabe isra\u00e9lien, pr\u00e8s de Rosh Aayin. Il \u00e9tait nettoyeur dans une \u00e9cole de Kiryat Ono. N\u00e9anmoins, cet\u00a0attentat s\\&rsquo;est produit exactement un an apr\u00e8s la fusillade au bar Ilka de la rue Dizengoff dans la ville, au cours de laquelle trois Isra\u00e9liens ont \u00e9t\u00e9 assassin\u00e9s.\u00a0Le porte-parole du Jihad islamique en Judee Samarie qui s\\&rsquo;est f\u00e9licit\u00e9 de l\\&rsquo;attaque, a \u00e9voqu\u00e9 dans son message le lien entre les deux \u00e9v\u00e9nements.\u00a0Pourquoi le pr\u00e9tendu \\\u00a0\u00bbloup solitaire\\\u00a0\u00bb n\\&rsquo;aurait-il pas fait ce rapprochement, avant de choisir d\\&rsquo;autres cibles \u00e0 Tel Aviv?<\/p>\n<div class=\\\"yj6qo ajU\\\">\n<h2 id=\\\":pu\\\" class=\\\"ajR\\\" tabindex=\\\"0\\\" role=\\\"button\\\" aria-label=\\\"Masquer le contenu d\u00e9velopp\u00e9\\\" aria-expanded=\\\"true\\\" data-tooltip=\\\"Masquer le contenu d\u00e9velopp\u00e9\\\"><img class=\\\"ajT\\\" src=\\\"https:\/\/ssl.gstatic.com\/ui\/v1\/icons\/mail\/images\/cleardot.gif\\\" \/>Syndrome propre \u00e0 la culture palestinienne<\/h2>\n<\/div>\n<div class=\\\"adL\\\">\n<div class=\\\"im\\\">\n<p>L\\&rsquo;absence d\\&rsquo;appartenance marqu\u00e9e ou de pass\u00e9 identifiable nous renvoie \u00e0 des situations de syndrome propre \u00e0 une culture donn\u00e9e, comme si ces passages \u00e0 l\\&rsquo;acte relevaient de la psychologie de masse, \u00e0 l\\&rsquo;instar des cas de folie malaisienne dite \\\u00a0\u00bbAmok\\\u00a0\u00bb : un Malais s\\&#8217;empare soudainement de son kris et tue absolument tout ce qui se pr\u00e9sente devant lui\u00a0 : on ne peut mettre un terme \u00e0 une telle crise qu\\&rsquo;en tuant l\\&rsquo;Amok. Ce type de comportement est classifi\u00e9 en 1994 dans la DSM IV des maladies mentales. La culture palestinienne, encadr\u00e9e par le Fatah, le Hamas et le Djihad, \u00e0 laquelle s\\&rsquo;identifient certains Arabes Isra\u00e9liens, a-t-elle d\\&rsquo;autre r\u00e9f\u00e9rence historique que le meurtre et l\\&rsquo;incitation \u00e0 en commettre ? Le processus d\\&rsquo;Oslo a atteint un point de non-retour, d\u00e8s que l\\&rsquo;Autorit\u00e9 Palestinienne a conc\u00e9d\u00e9 le contr\u00f4le des territoires \u00e0 des groupuscules arm\u00e9s, du type de \\\u00a0\u00bbFosse aux Lions\\\u00a0\u00bb, qui font assaut de photo-ops et r\u00e8gnent par le racket sur des quartiers entiers de Naplouse, J\u00e9nine et J\u00e9richo. Cette entit\u00e9 perd toute cr\u00e9dibilit\u00e9, quant \u00e0 sa capacit\u00e9 \u00e0 faire respecter quelque norme internationale que ce soit.\u00a0 Que faut-il faire d\\&rsquo;un \\\u00a0\u00bbpeuple\\\u00a0\u00bb en \u00e9tat d\\&rsquo;auto-hypnose terroriste, dangereux pour lui-m\u00eame et pour les autres ?<\/p>\n<h2>Extraits de la presse italienne au matin du 08\/04<\/h2>\n<blockquote class=\"twitter-tweet\" data-width=\"500\" data-dnt=\"true\">\n<p lang=\"iw\" dir=\"rtl\">\u05ea\u05d9\u05e2\u05d5\u05d3 \u05d7\u05d9\u05e1\u05d5\u05dc \u05d4\u05de\u05d7\u05d1\u05dc \u05de\u05d4\u05e4\u05d9\u05d2\u05d5\u05e2 \u05d1\u05ea\u05dc \u05d0\u05d1\u05d9\u05d1 <a href=\"https:\/\/t.co\/WrAafvcBen\">pic.twitter.com\/WrAafvcBen<\/a><\/p>\n<p>&mdash; \u05d5\u05d5\u05d0\u05dc\u05d4! (@WallaNews) <a href=\"https:\/\/twitter.com\/WallaNews\/status\/1644421352953110528?ref_src=twsrc%5Etfw\">April 7, 2023<\/a><\/p><\/blockquote>\n<p><script async src=\"https:\/\/platform.twitter.com\/widgets.js\" charset=\"utf-8\"><\/script><\/p>\n<div>\n<div>\n<div role=\\\"list\\\">\n<div role=\\\"listitem\\\" aria-expanded=\\\"true\\\">\n<div>\n<div>\n<div id=\\\"m_1478686406836409187m_7399865153384963358m_4156126576139387335m_-5709977763900485252m_-8922251450078485827m_1785132099525505597m_-3494970980919837400gmail-:15o\\\">\n<div>\n<div>\n<div>\n<div id=\\\"m_1478686406836409187m_7399865153384963358m_4156126576139387335m_-5709977763900485252m_-8922251450078485827m_1785132099525505597m_-3494970980919837400gmail-:15r\\\">\n<div id=\\\"m_1478686406836409187m_7399865153384963358m_4156126576139387335m_-5709977763900485252m_-8922251450078485827m_1785132099525505597m_-3494970980919837400gmail-:15q\\\">\n<div dir=\\\"ltr\\\">\n<div>\u00c9chantillons de la presse italienne du dimanche 08\/04 :<\/div>\n<\/div>\n<\/div>\n<\/div>\n<\/div>\n<\/div>\n<\/div>\n<\/div>\n<\/div>\n<\/div>\n<\/div>\n<\/div>\n<\/div>\n<\/div>\n<\/div>\n<\/div>\n<\/div>\n<div class=\\\"nH aHU\\\">\n<div class=\\\"nH hx\\\">\n<div class=\\\"nH\\\" role=\\\"list\\\">\n<div class=\\\"h7 ie nH oy8Mbf\\\" tabindex=\\\"-1\\\" role=\\\"listitem\\\" aria-expanded=\\\"true\\\">\n<div class=\\\"Bk\\\">\n<div class=\\\"G3 G2\\\">\n<div id=\\\":15o\\\">\n<div class=\\\"adn ads\\\" data-message-id=\\\"#msg-a:r4145724375800421534\\\" data-legacy-message-id=\\\"1875f7d00274ec5a\\\">\n<div class=\\\"gs\\\">\n<div class=\\\"\\\">\n<div id=\\\":15r\\\" class=\\\"ii gt\\\">\n<div id=\\\":15q\\\" class=\\\"a3s aiL \\\">\n<div dir=\\\"ltr\\\">\n<div>\n<p><img id=\\\"m_-7909589659574261699gmail-ReduxEditableImage_ArticleImageData.H1e11Lrd0Zh\\\" class=\\\"CToWUd a6T\\\" tabindex=\\\"0\\\" title=\\\"\\\" src=\\\"https:\/\/ci5.googleusercontent.com\/proxy\/hHpvXxO1cv2XASLbx0RK1u_JSt59Nauw3QL8FCrdbATQ2qsxH4i9K4JC1cNmBA6S5NKUhHwu7VWx4rezDGFe77hXZox5-kMp0dVgypb4pfeScrd0C5N9WbalbVlaa-AamjLLwvmvLMDTfeZOYCs81y5f_6Bmv_SeOe2FVFzCynWocg=s0-d-e1-ft#https:\/\/ynet-pic1.yit.co.il\/picserver5\/crop_images\/2023\/04\/08\/H1bW1HuRW2\/H1bW1HuRW2_24_0_1201_676_0_x-large.jpg\\\" alt=\\\"La page d\\'accueil d\\'un site d\\'information italien qui rapporte le meurtre du touriste Alessandro Farini \u00e0 Tel Aviv\\\" aria-hidden=\\\"false\\\" data-bit=\\\"iit\\\" \/><\/p>\n<div>\n<div><\/div>\n<div><\/div>\n<\/div>\n<\/div>\n<div>\n<p><a id=\\\"m_-7909589659574261699gmail-image_ArticleImageData.Bkltwru0Zn\\\" aria-label=\\\"ouvrir la galerie d\\'articles\\\"><\/a><img id=\\\"m_-7909589659574261699gmail-ReduxEditableImage_ArticleImageData.Bkltwru0Zn\\\" class=\\\"CToWUd a6T\\\" tabindex=\\\"0\\\" title=\\\"\\\" src=\\\"https:\/\/ci6.googleusercontent.com\/proxy\/TFFExdPSJ2TpKZLrOHFhjS0MNroV9VMpZU5HaV_7ySe-B-efhAeGWaH-Hvag_5wz-e-qBDvGhlSM0jgyZgk32VwLzXXaeWRz2kuvC8CzWEBec3X73_xY5U6vIc171tjjosIMzPv4EUP1pWNi8JkUEY-G2FcfJNKJS6LA1XCL=s0-d-e1-ft#https:\/\/ynet-pic1.yit.co.il\/picserver5\/crop_images\/2023\/04\/08\/S1bJSd0Zn\/S1bJSd0Zn_0_0_930_922_0_x-large.jpg\\\" alt=\\\"La page d\\'accueil d\\'un site d\\'information italien qui rapporte le meurtre du touriste Alessandro Farini \u00e0 Tel Aviv\\\" aria-hidden=\\\"false\\\" data-bit=\\\"iit\\\" \/><\/p>\n<div>\n<div><\/div>\n<div><\/div>\n<\/div>\n<\/div>\n<div>\n<div>\n<div>\n<div>\n<div>\n<div id=\\\"m_-7909589659574261699gmail-art_video_caption_id\\\"><\/div>\n<\/div>\n<p>&nbsp;<\/p>\n<\/div>\n<\/div>\n<\/div>\n<div>\n<div><\/div>\n<\/div>\n<div>\n<div aria-hidden=\\\"true\\\"><\/div>\n<p><a id=\\\"m_-7909589659574261699gmail-image_ArticleImageData.Skl11cgGA112\\\" aria-label=\\\"ouvrir la galerie d\\'articles\\\"><\/a><img id=\\\"m_-7909589659574261699gmail-ReduxEditableImage_ArticleImageData.Skl11cgGA112\\\" class=\\\"CToWUd a6T\\\" tabindex=\\\"0\\\" title=\\\"L\\'attentat \u00e0 la une des sites d\\'information en Italie, hier. Ceci est un titre du Corriere della Sera.\\\" src=\\\"https:\/\/ci5.googleusercontent.com\/proxy\/i02PipitAzhtco0r01V1adX3EQzILxH9G_kdUuPmtNkx8lIVb4U9QalQanceKLpWOYdIBj-zYWm5YTQb5XBK2fU_FPa0CNC8A9LSCjbLRu-YxjFW9vvjkxRGm0Cghm5m1fu01d-Zaug6A92KiBgOwRGT7ZlkskQFTephuTLwUOsj8Ggx=s0-d-e1-ft#https:\/\/ynet-pic1.yit.co.il\/picserver5\/crop_images\/2023\/04\/08\/SJ0HEbA113\/SJ0HEbA113_164_140_971_547_0_x-large.jpg\\\" alt=\\\"Les gros titres d\\'un site italien apr\u00e8s l\\'attaque de la promenade de Tel-Aviv au cours de laquelle un touriste italien a \u00e9t\u00e9 assassin\u00e9\\\" aria-hidden=\\\"false\\\" data-bit=\\\"iit\\\" \/><\/p>\n<div>\n<div>L\\&rsquo;attentat \u00e0 la une des sites d\\&rsquo;information en Italie, hier.\u00a0Ceci est un titre du Corriere della Sera.<\/div>\n<div><\/div>\n<\/div>\n<\/div>\n<div>\n<div aria-hidden=\\\"true\\\">\n<div>\n<p><a id=\\\"m_-7909589659574261699gmail-image_ArticleImageData.rJlPuef0b3\\\" aria-label=\\\"ouvrir la galerie d\\'articles\\\"><\/a><img id=\\\"m_-7909589659574261699gmail-ReduxEditableImage_ArticleImageData.rJlPuef0b3\\\" class=\\\"CToWUd a6T\\\" tabindex=\\\"0\\\" title=\\\"Alessandro Farini et le lieu de l\\'attentat (Photo : AFP)\\\" src=\\\"https:\/\/ci3.googleusercontent.com\/proxy\/NZAk3Nuza4jTbbXj096U1tCPv34iUTRn3dZ7xyNrRRsJ4Zzd0WGRSOxIIeb6kGcPgwQv3lJIAV5CNl9WQKzGC5YaQcuUqt2dSosobx8AZQilTVjr8LRdHx3zjVyOj0LjbOoUN-yNA7sBP27deyn7cROb5mY9w_ueONoKC_kNMCI=s0-d-e1-ft#https:\/\/ynet-pic1.yit.co.il\/picserver5\/crop_images\/2023\/04\/08\/r1gYSpbCWh\/r1gYSpbCWh_0_0_850_479_0_x-large.jpg\\\" alt=\\\"Alessandro Farini\\\" aria-hidden=\\\"false\\\" data-bit=\\\"iit\\\" \/><\/p>\n<div>\n<div>Alessandro Farini et la sc\u00e8ne de l\\&rsquo;attentat<\/div>\n<div>(\u00a0Photo : AFP\u00a0)<\/div>\n<\/div>\n<\/div>\n<div>\n<div aria-hidden=\\\"true\\\"><\/div>\n<p><a id=\\\"m_-7909589659574261699gmail-image_ArticleImageData.SkxrkE00AWh\\\" aria-label=\\\"ouvrir la galerie d\\'articles\\\"><\/a><img id=\\\"m_-7909589659574261699gmail-ReduxEditableImage_ArticleImageData.SkxrkE00AWh\\\" class=\\\"CToWUd a6T\\\" tabindex=\\\"0\\\" title=\\\"&quot;J\\'ai ador\u00e9 parcourir le monde.&quot; Farini\\\" src=\\\"https:\/\/ci5.googleusercontent.com\/proxy\/Nm3BCDnG_5eIFIZF5wczy566GtQir2FjIjjb6un1Pkb1FbiEK7Z3bM-bWoB7MDaxczaz0RsY1nk3wXhbz2nS33N7XPkHiF86nQYwalt5PCdG3WmceTz--v5FZ74PUYUyfSwHE_2BxEOByZnLrb-n-_dtL7-ei811QSdx_7eB=s0-d-e1-ft#https:\/\/ynet-pic1.yit.co.il\/picserver5\/crop_images\/2023\/04\/08\/ByZGzORZ2\/ByZGzORZ2_0_0_620_340_0_x-large.jpg\\\" alt=\\\"Alessandro Farini qui a \u00e9t\u00e9 assassin\u00e9 lors de l\\'attaque de la promenade de Tel Aviv\\\" aria-hidden=\\\"false\\\" data-bit=\\\"iit\\\" \/><\/p>\n<div>\n<div>\\\u00a0\u00bbJ\\&rsquo;ai ador\u00e9 parcourir le monde.\\\u00a0\u00bb\u00a0Farini<\/div>\n<div><\/div>\n<\/div>\n<\/div>\n<div>\n<div aria-hidden=\\\"true\\\"><\/div>\n<p><a id=\\\"m_-7909589659574261699gmail-image_ArticleImageData.HJglgNOAbh\\\" aria-label=\\\"ouvrir la galerie d\\'articles\\\"><\/a><img id=\\\"m_-7909589659574261699gmail-ReduxEditableImage_ArticleImageData.HJglgNOAbh\\\" class=\\\"CToWUd a6T\\\" tabindex=\\\"0\\\" title=\\\"Les gros titres en Italie ce matin\\\" src=\\\"https:\/\/ci6.googleusercontent.com\/proxy\/JxyiCvz9onDnu1AO7mVZjQrpJkPES5dEDUtJ5-vu5a_g52JgKilBTkFnBfyomYvv3_7zrgVaPEGkeBAKaFBWOd7qfwEvZbGEwMPV_534SwUGTz-RHr7pea64QOuxUvfn0CCrsSx5XAcdfP5Xfu0K0zpZNibyhAuy0f0JHhu9=s0-d-e1-ft#https:\/\/ynet-pic1.yit.co.il\/picserver5\/crop_images\/2023\/04\/08\/rJIVzOCW2\/rJIVzOCW2_0_0_846_900_0_x-large.jpg\\\" alt=\\\"La page d\\'accueil d\\'un site d\\'information italien qui rapporte le meurtre du touriste Alessandro Farini \u00e0 Tel Aviv\\\" aria-hidden=\\\"false\\\" data-bit=\\\"iit\\\" \/><\/p>\n<div>\n<div>Les gros titres en Italie ce matin<\/div>\n<div><\/div>\n<\/div>\n<\/div>\n<div>\n<div aria-hidden=\\\"true\\\"><\/div>\n<p><a id=\\\"m_-7909589659574261699gmail-image_ArticleImageData.H1l2rBORb2\\\" aria-label=\\\"ouvrir la galerie d\\'articles\\\"><\/a><img id=\\\"m_-7909589659574261699gmail-ReduxEditableImage_ArticleImageData.H1l2rBORb2\\\" class=\\\"CToWUd a6T\\\" tabindex=\\\"0\\\" title=\\\"\\\" src=\\\"https:\/\/ci5.googleusercontent.com\/proxy\/2ctUEnwDm07CxmKkRcRe30Kke_6PIaYqyjGIKLIlinbK1cNzNEFoQValKWhNJ67tw-aehanf-NxIfHJn3QOcm2JK7OFDdegSICfpjlOu0xoxiPF1Oz1RRUKBLAjMfHVwySERyN7p9ZsKyASAdKCdvzcXEsUqs9CqxQdv4S8nRJiZ=s0-d-e1-ft#https:\/\/ynet-pic1.yit.co.il\/picserver5\/crop_images\/2023\/04\/08\/SklZJHO0bn\/SklZJHO0bn_0_0_1306_735_0_x-large.jpg\\\" alt=\\\"La page d\\'accueil d\\'un site d\\'information italien qui rapporte le meurtre du touriste Alessandro Farini \u00e0 Tel Aviv\\\" aria-hidden=\\\"false\\\" data-bit=\\\"iit\\\" \/><\/p>\n<div>\n<div><\/div>\n<div><\/div>\n<\/div>\n<\/div>\n<\/div>\n<div aria-hidden=\\\"true\\\"><\/div>\n<div aria-hidden=\\\"true\\\"><\/div>\n<p><img id=\\\"m_-7909589659574261699gmail-ReduxEditableImage_ArticleImageData.Skx0txzCW2\\\" class=\\\"CToWUd a6T\\\" tabindex=\\\"0\\\" title=\\\"Les gros titres de &quot;La Stampa&quot;\\\" src=\\\"https:\/\/ci5.googleusercontent.com\/proxy\/LcH7iAXSwuyMy5FRx5UjOrUnEKQNX51KP-ngCaTt8XodgpyraLMlwsF_KB80oMhaVoU12ABKKUKordO6X0042oq6TomfYJT7wYi30H23fWWFHKzqzn5gyLkDK-wJpdK514bkKN4I5RwwE-SLX5FAY5WItXIcTQM0c4nlcBZ0HdOoqZpnOgYnsSs=s0-d-e1-ft#https:\/\/ynet-pic1.yit.co.il\/picserver5\/crop_images\/2023\/04\/08\/SJ110SVbR11n\/SJ110SVbR11n_172_109_1011_569_0_x-large.jpg\\\" alt=\\\"Les gros titres d\\'un site italien apr\u00e8s l\\'attaque de la promenade de Tel-Aviv au cours de laquelle un touriste italien a \u00e9t\u00e9 assassin\u00e9\\\" aria-hidden=\\\"false\\\" data-bit=\\\"iit\\\" \/><\/p>\n<div>\n<div>Les gros titres de \\\u00a0\u00bbLa Stampa\\\u00a0\u00bb<\/div>\n<div><\/div>\n<\/div>\n<\/div>\n<div>\n<div aria-hidden=\\\"true\\\"><\/div>\n<p><a id=\\\"m_-7909589659574261699gmail-image_ArticleImageData.H1lrcgM0113\\\" aria-label=\\\"ouvrir la galerie d\\'articles\\\"><\/a><img id=\\\"m_-7909589659574261699gmail-ReduxEditableImage_ArticleImageData.H1lrcgM0113\\\" class=\\\"CToWUd a6T\\\" tabindex=\\\"0\\\" title=\\\"Titre &quot;La Repubblica&quot;, \u00e0 c\u00f4t\u00e9 de la documentation de l\\'attaque\\\" src=\\\"https:\/\/ci5.googleusercontent.com\/proxy\/3VhEunvHfPvcIS47uUf_LtptoqiPf7MQk6pnOwB2Rx4w0be7pkczMBTRyoFDFh71ITFx2rdvkrerrcfWcy4cnvqNwVEvCEHyULlcU48zHlXifzf6on8HE7V65LzIP5FqLXSMkaO4YGzHakvAhgrXXQA6cFPjEvC_U-o_X1S4lRDVvcVLjA=s0-d-e1-ft#https:\/\/ynet-pic1.yit.co.il\/picserver5\/crop_images\/2023\/04\/08\/HJx0S4W0b2\/HJx0S4W0b2_135_107_1015_571_0_x-large.jpg\\\" alt=\\\"Les gros titres d\\'un site italien apr\u00e8s l\\'attaque de la promenade de Tel-Aviv au cours de laquelle un touriste italien a \u00e9t\u00e9 assassin\u00e9\\\" aria-hidden=\\\"false\\\" data-bit=\\\"iit\\\" \/><\/p>\n<div>\n<div>Titre \\\u00a0\u00bbLa Repubblica\\\u00a0\u00bb, \u00e0 c\u00f4t\u00e9 de la vid\u00e9o de l\\&rsquo;attaque<\/div>\n<div><\/div>\n<\/div>\n<\/div>\n<div><\/div>\n<\/div>\n<\/div>\n<\/div>\n<\/div>\n<\/div>\n<\/div>\n<\/div>\n<div class=\\\"gA gt acV\\\">\n<div class=\\\"gB xu\\\">\n<div class=\\\"ip iq\\\">\n<div id=\\\":15s\\\"><\/div>\n<\/div>\n<\/div>\n<\/div>\n<\/div>\n<\/div>\n<\/div>\n<\/div>\n<\/div>\n<div class=\\\"nH\\\"><\/div>\n<div class=\\\"nH\\\"><\/div>\n<\/div>\n<\/div>\n<div class=\\\"nH\\\"><\/div>\n","protected":false},"excerpt":{"rendered":"<p>L\\&rsquo;Italie r\u00e9vuls\u00e9e par la culture criminelle palestinienne L\\&rsquo;attentat du vendredi 7 avril fait les gros titres de la presse italienne : le touriste Alessandro Farini, avocat de 35 ans, originaire de Rome et fra\u00eechement d\u00e9barqu\u00e9, le matin m\u00eame, est d\u00e9c\u00e9d\u00e9, apr\u00e8s que Yossef Abu Jaber, de Kfar Kassem l\\&rsquo;a percut\u00e9 avec son v\u00e9hicule \\\u00a0\u00bbfou\\\u00a0\u00bb lanc\u00e9 &hellip;<\/p>\n<p class=\"read-more\"> <a class=\"\" href=\"https:\/\/israelmagazine.net\/?p=61565\"> <span class=\"screen-reader-text\">L\\&rsquo;Italie r\u00e9vuls\u00e9e par la culture criminelle palestinienne<\/span> Lire la suite \u00bb<\/a><\/p>\n","protected":false},"author":4,"featured_media":61570,"comment_status":"open","ping_status":"open","sticky":false,"template":"","format":"standard","meta":{"site-sidebar-layout":"default","site-content-layout":"default","ast-global-header-display":"","ast-main-header-display":"","ast-hfb-above-header-display":"","ast-hfb-below-header-display":"","ast-hfb-mobile-header-display":"","site-post-title":"","ast-breadcrumbs-content":"","ast-featured-img":"","footer-sml-layout":"","theme-transparent-header-meta":"","adv-header-id-meta":"","stick-header-meta":"","header-above-stick-meta":"","header-main-stick-meta":"","header-below-stick-meta":""},"categories":[84,1621,1387],"tags":[823,955,931,877],"sujet":[],"_links":{"self":[{"href":"https:\/\/israelmagazine.net\/index.php?rest_route=\/wp\/v2\/posts\/61565"}],"collection":[{"href":"https:\/\/israelmagazine.net\/index.php?rest_route=\/wp\/v2\/posts"}],"about":[{"href":"https:\/\/israelmagazine.net\/index.php?rest_route=\/wp\/v2\/types\/post"}],"author":[{"embeddable":true,"href":"https:\/\/israelmagazine.net\/index.php?rest_route=\/wp\/v2\/users\/4"}],"replies":[{"embeddable":true,"href":"https:\/\/israelmagazine.net\/index.php?rest_route=%2Fwp%2Fv2%2Fcomments&post=61565"}],"version-history":[{"count":0,"href":"https:\/\/israelmagazine.net\/index.php?rest_route=\/wp\/v2\/posts\/61565\/revisions"}],"wp:featuredmedia":[{"embeddable":true,"href":"https:\/\/israelmagazine.net\/index.php?rest_route=\/"}],"wp:attachment":[{"href":"https:\/\/israelmagazine.net\/index.php?rest_route=%2Fwp%2Fv2%2Fmedia&parent=61565"}],"wp:term":[{"taxonomy":"category","embeddable":true,"href":"https:\/\/israelmagazine.net\/index.php?rest_route=%2Fwp%2Fv2%2Fcategories&post=61565"},{"taxonomy":"post_tag","embeddable":true,"href":"https:\/\/israelmagazine.net\/index.php?rest_route=%2Fwp%2Fv2%2Ftags&post=61565"},{"taxonomy":"sujet","embeddable":true,"href":"https:\/\/israelmagazine.net\/index.php?rest_route=%2Fwp%2Fv2%2Fsujet&post=61565"}],"curies":[{"name":"wp","href":"https:\/\/api.w.org\/{rel}","templated":true}]}}