{"id":61608,"date":"2023-04-11T09:20:46","date_gmt":"2023-04-11T06:20:46","guid":{"rendered":"https:\/\/israelmagazine.net\/?p=61608"},"modified":"2023-04-11T09:20:46","modified_gmt":"2023-04-11T06:20:46","slug":"netanyahou-gallant-reste-ministre-de-la-defense","status":"publish","type":"post","link":"https:\/\/israelmagazine.net\/?p=61608","title":{"rendered":"Netanyahou : Gallant reste ministre de la D\u00e9fense"},"content":{"rendered":"<h2 dir=\\\"ltr\\\"><span style=\\\"font-size: xx-large;\\\"> <img class=\\\"alignnone size-medium wp-image-61610\\\" src=\\\"https:\/\/israelmagazine.co.il\/wp-content\/uploads\/2023\/04\/Mon-projet-2023-04-11T091716.297-240x300.jpg\\\" alt=\\\"\\\" width=\\\"240\\\" height=\\\"300\\\" \/><\/span><\/h2>\n<h2 dir=\\\"ltr\\\"><span style=\\\"font-size: xx-large;\\\">Reprendre la situation s\u00e9curitaire \u00e0 bras le corps<\/span><\/h2>\n<p dir=\\\"ltr\\\">Netanyahou\u00a0<span id=\\\"m_-6273684969168007529:1jn.3\\\" role=\\\"menuitem\\\" aria-haspopup=\\\"true\\\">a<\/span>\u00a0<span id=\\\"m_-6273684969168007529:1jn.4\\\" role=\\\"menuitem\\\" aria-haspopup=\\\"true\\\">donn\u00e9<\/span> une conf\u00e9rence de presse lundi soir au si\u00e8ge du minist\u00e8re de la D\u00e9fense \u00e0 Tel-Aviv pour r\u00e9pondre aux <strong><em>pr\u00e9occupations de s\u00e9curit\u00e9 nationale<\/em><\/strong> suscit\u00e9es par la r\u00e9cente vague d\\&rsquo;attentats terroristes meurtriers. Le Premier ministre Benjamin Netanyahou <span id=\\\"m_-6273684969168007529:1jn.6\\\" role=\\\"menuitem\\\" aria-haspopup=\\\"true\\\">a<\/span>\u00a0annul\u00e9 lundi soir sa d\u00e9cision de limoger le ministre de la D\u00e9fense Yoav Gallant, apr\u00e8s une semaine de tirs de roquettes et d\\&rsquo;attentats terroristes.<\/p>\n<h2 dir=\\\"ltr\\\">Travail en tandem et en harmonie ?<\/h2>\n<p dir=\\\"ltr\\\"><b>\u00ab Ces derniers jours, nous avons travaill\u00e9 ensemble et nous nous sommes associ\u00e9s 24 heures sur 24 sur tous les fronts contre les d\u00e9fis s\u00e9curitaires \u00bb,\u00a0<span id=\\\"m_-6273684969168007529:1jn.7\\\" role=\\\"menuitem\\\" aria-haspopup=\\\"true\\\">a<\/span>\u00a0d\u00e9clar\u00e9 Netanyahou aux journalistes.<\/b><\/p>\n<p dir=\\\"ltr\\\">\u00ab Il y\u00a0<span id=\\\"m_-6273684969168007529:1jn.8\\\" role=\\\"menuitem\\\" aria-haspopup=\\\"true\\\">a<\/span>\u00a0eu des d\u00e9saccords entre nous, m\u00eame difficiles, sur certains sujets, mais j\\&rsquo;ai d\u00e9cid\u00e9 de les laisser derri\u00e8re moi. Gallant restera \u00e0 son poste et continuera \u00e0 travailler dur au nom de l\\&rsquo;\u00c9tat d\\&rsquo;Isra\u00ebl \u00bb,\u00a0<span id=\\\"m_-6273684969168007529:1jn.9\\\" role=\\\"menuitem\\\" aria-haspopup=\\\"true\\\">a<\/span>-t-il d\u00e9clar\u00e9. Gallant n\\&rsquo;\u00e9tait pas avec lui. Gallant\u00a0<span id=\\\"m_-6273684969168007529:1jn.11\\\" role=\\\"menuitem\\\" aria-haspopup=\\\"true\\\">a<\/span>\u00a0tweet\u00e9 apr\u00e8s le discours de Netanyahou : \u00ab Nous continuerons ensemble de toutes nos forces, pour le bien de la s\u00e9curit\u00e9 d\\&rsquo;Isra\u00ebl \u00bb. Netanyahou avait initialement limog\u00e9 Gallant le 26 mars pour avoir averti publiquement que les <strong><em>troubles politiques en Isra\u00ebl\u00a0<span id=\\\"m_-6273684969168007529:1jn.12\\\" role=\\\"menuitem\\\" aria-haspopup=\\\"true\\\">nuisaient<\/span> \u00e0 la s\u00e9curit\u00e9 d\\&rsquo;Isra\u00ebl<\/em><\/strong>. Suite la large d\u00e9sapprobation publique. Netanyahou <span id=\\\"m_-6273684969168007529:1jn.13\\\" role=\\\"menuitem\\\" aria-haspopup=\\\"true\\\">avait<\/span>\u00a0l\u00e9g\u00e8rement recul\u00e9 et d\u00e9clar\u00e9 qu\\&rsquo;il retarderait le limogeage.<\/p>\n<h2 dir=\\\"ltr\\\">La vision apocalyptique de Cassandre Lapid<\/h2>\n<p dir=\\\"ltr\\\">Lors de la conf\u00e9rence de presse qui\u00a0<span id=\\\"m_-6273684969168007529:1jn.16\\\" role=\\\"menuitem\\\" aria-haspopup=\\\"true\\\">a<\/span>\u00a0dur\u00e9 pr\u00e8s d\\&rsquo;une demi-heure, Netanyahou\u00a0<span id=\\\"m_-6273684969168007529:1jn.17\\\" role=\\\"menuitem\\\" aria-haspopup=\\\"true\\\">a<\/span>\u00a0d\u00e9fendu sa proposition de refonte judiciaire, qui, selon les opposants, transformera Isra\u00ebl d\\&rsquo;une d\u00e9mocratie en un syst\u00e8me autoritaire.<\/p>\n<p dir=\\\"ltr\\\">Netanyahou\u00a0<span id=\\\"m_-6273684969168007529:1jn.18\\\" role=\\\"menuitem\\\" aria-haspopup=\\\"true\\\">a<\/span>\u00a0accus\u00e9 les politiciens de l\\&rsquo;opposition (comme\u00a0<span id=\\\"m_-6273684969168007529:1jn.19\\\" role=\\\"menuitem\\\" aria-haspopup=\\\"true\\\">l\u2019hyst\u00e9rique<\/span>\u00a0Lapid) de nuire \u00e0 la s\u00e9curit\u00e9 d\\&rsquo;Isra\u00ebl en avertissant que son plan d\u00e9truisait le pays.<\/p>\n<p dir=\\\"ltr\\\">\u00ab Quand <em><strong>vous dites qu\\&rsquo;Isra\u00ebl s\\&rsquo;effondre<\/strong><\/em>, comment pensez-vous que nos ennemis l\\&rsquo;entendent ? Nos ennemis l\u2019entendent et ils croient qu\\&rsquo;ils peuvent nous d\u00e9truire. Les d\u00e9clarations de soldats indiquant qu\\&rsquo;ils refuseraient de servir dans l\\&rsquo;arm\u00e9e ont \u00e9t\u00e9 particuli\u00e8rement pr\u00e9judiciables, <span id=\\\"m_-6273684969168007529:1jn.20\\\" role=\\\"menuitem\\\" aria-haspopup=\\\"true\\\">a<\/span>-t-il d\u00e9clar\u00e9.<\/p>\n<h2 dir=\\\"ltr\\\">La pirouette consistant \u00e0 bl\u00e2mer le pr\u00e9c\u00e9dent gouvernement<\/h2>\n<p dir=\\\"ltr\\\">Netanyahou\u00a0<span id=\\\"m_-6273684969168007529:1jn.21\\\" role=\\\"menuitem\\\" aria-haspopup=\\\"true\\\">a<\/span>\u00a0\u00e9galement bl\u00e2m\u00e9 le gouvernement pr\u00e9c\u00e9dent pour les erreurs qui ont conduit \u00e0 la violence que conna\u00eet actuellement Isra\u00ebl. Il s\\&rsquo;agit notamment,\u00a0<span id=\\\"m_-6273684969168007529:1jn.22\\\" role=\\\"menuitem\\\" aria-haspopup=\\\"true\\\">a<\/span>-t-il dit, de l\\&rsquo;accord gazier conclu par l\\&rsquo;ancien gouvernement avec le Liban sans le droit de le faire et de la pr\u00e9sence du parti isra\u00e9lo-arabe Ra\\&rsquo;am dans l\\&rsquo;ancienne coalition.<\/p>\n<p dir=\\\"ltr\\\">Dans le pass\u00e9,\u00a0<span id=\\\"m_-6273684969168007529:1jn.23\\\" role=\\\"menuitem\\\" aria-haspopup=\\\"true\\\">a<\/span>\u00a0d\u00e9clar\u00e9 Netanyahou, il\u00a0<span id=\\\"m_-6273684969168007529:1jn.24\\\" role=\\\"menuitem\\\" aria-haspopup=\\\"true\\\">a<\/span>\u00a0\u00a0<span id=\\\"m_-6273684969168007529:1jn.25\\\" role=\\\"menuitem\\\" aria-haspopup=\\\"true\\\">pr\u00e9serv\u00e9e<\/span> la s\u00e9curit\u00e9 d\\&rsquo;Isra\u00ebl et il\u00a0<span id=\\\"m_-6273684969168007529:1jn.27\\\" role=\\\"menuitem\\\" aria-haspopup=\\\"true\\\">r\u00e9tablira<\/span>\u00a0le calme et\u00a0<span id=\\\"m_-6273684969168007529:1jn.28\\\" role=\\\"menuitem\\\" aria-haspopup=\\\"true\\\">corrigera<\/span>\u00a0les faiblesses \u00ab dont nous avons h\u00e9rit\u00e9 \u00bb et mettra fin \u00e0 la violence. Si les ennemis d\\&rsquo;Isra\u00ebl pensent que les d\u00e9clarations des soldats indiquant qu\\&rsquo;ils refuseraient de suivre les ordres symbolisent une faiblesse interne, \u00ab ils se trompent \u00bb,\u00a0<span id=\\\"m_-6273684969168007529:1jn.29\\\" role=\\\"menuitem\\\" aria-haspopup=\\\"true\\\">a<\/span>-t-il d\u00e9clar\u00e9. \\\u00a0\u00bbAu moment d\u2019\u00eatre face au feu, tout le monde sert.\\\u00a0\u00bb Netanyahou\u00a0<span id=\\\"m_-6273684969168007529:1jn.30\\\" role=\\\"menuitem\\\" aria-haspopup=\\\"true\\\">a<\/span>\u00a0parl\u00e9 sp\u00e9cifiquement des six roquettes lanc\u00e9es depuis la Syrie au cours du week-end, expliquant que la contre-attaque d\\&rsquo;Isra\u00ebl n\\&rsquo;\u00e9tait que le d\u00e9but. Le r\u00e9gime du pr\u00e9sident syrien Bashar Assad \u00ab paiera un lourd tribut \u00bb s\\&rsquo;il continue d\\&rsquo;attaquer Isra\u00ebl,\u00a0<span id=\\\"m_-6273684969168007529:1jn.31\\\" role=\\\"menuitem\\\" aria-haspopup=\\\"true\\\">a<\/span>-t-il d\u00e9clar\u00e9.<\/p>\n<h2 dir=\\\"ltr\\\">Le Hamas bient\u00f4t \u00e9quivalent au Hezbollah au Liban ?<\/h2>\n<p dir=\\\"ltr\\\">Netanyahou\u00a0<span id=\\\"m_-6273684969168007529:1jn.32\\\" role=\\\"menuitem\\\" aria-haspopup=\\\"true\\\">a<\/span>\u00a0d\u00e9clar\u00e9 qu\\&rsquo;Isra\u00ebl ne permettrait pas au Hamas de construire une infrastructure terroriste au Liban parall\u00e8lement \u00e0 l\\&rsquo;infrastructure existante du Hezbollah.<\/p>\n<p dir=\\\"ltr\\\">La conf\u00e9rence de presse\u00a0<span id=\\\"m_-6273684969168007529:1jn.33\\\" role=\\\"menuitem\\\" aria-haspopup=\\\"true\\\">a<\/span>\u00a0eu lieu juste un jour apr\u00e8s qu\\&rsquo;un sondage de la Treizi\u00e8me cha\u00eene\u00a0<span id=\\\"m_-6273684969168007529:1jn.34\\\" role=\\\"menuitem\\\" aria-haspopup=\\\"true\\\">a<\/span>\u00a0montr\u00e9 que si des \u00e9lections avaient lieu maintenant, Netanyahou n\\&rsquo;obtiendrait que 20 si\u00e8ges, contre 32 pour son parti Likoud lors des \u00e9lections de novembre 2022.<\/p>\n<p dir=\\\"ltr\\\">L\\&rsquo;ancien ministre de la D\u00e9fense et chef du Parti de l\\&rsquo;unit\u00e9 nationale, le d\u00e9put\u00e9 Benny Gantz,\u00a0<span id=\\\"m_-6273684969168007529:1jn.35\\\" role=\\\"menuitem\\\" aria-haspopup=\\\"true\\\">a<\/span>\u00a0tweet\u00e9 en r\u00e9ponse aux commentaires de Netanyahou : \u00ab <strong><em>Se plaindre ne renforce pas le leadership.<\/em><\/strong><\/p>\n<p dir=\\\"ltr\\\">Le chef de l\\&rsquo;opposition, le d\u00e9put\u00e9 Yair Lapid (Yesh Atid),\u00a0<span id=\\\"m_-6273684969168007529:1jn.36\\\" role=\\\"menuitem\\\" aria-haspopup=\\\"true\\\">a<\/span>\u00a0\u00e9crit en r\u00e9ponse aux d\u00e9clarations du Premier ministre : \u00ab Le Premier ministre\u00a0<span id=\\\"m_-6273684969168007529:1jn.37\\\" role=\\\"menuitem\\\" aria-haspopup=\\\"true\\\">a<\/span> perdu le contr\u00f4le\\\u00a0\u00bb.<\/p>\n<p><strong>La suite de l\u2019article se trouve dans le prochain num\u00e9ro d\u2019Isra\u00ebl Magazine<\/strong><\/p>\n<p><strong>D\u00e9couvrez un exemplaire du magazine gratuitement et cliquez ensuite sur le rebord droit<\/strong><\/p>\n<p><a href=\\\"https:\/\/online.fliphtml5.com\/rjspi\/ypmm\/#p=1\\\"><strong>https:\/\/online.fliphtml5.com\/rjspi\/ypmm\/#p=1<\/strong><\/a><\/p>\n<p><strong>Votre magazine est livr\u00e9 chez vous en toute confidentialit\u00e9<br \/>\nS\u2019abonner au magazine par t\u00e9l\u00e9phone ou par whats app 00972 (0) 54 254 45 20 ou au 01 86 98 27 27<\/strong><\/p>\n<p><strong>Par email\u00a0\u00a0<\/strong><a href=\\\"mailto:Andredarmon21@gmail.com\\\"><strong>Andredarmon21@gmail.com<\/strong><\/a><strong>\u00a0 pay pal<\/strong><\/p>\n<p><strong>Ou directement sur le site<\/strong><\/p>\n<p><a href=\\\"https:\/\/israelmagazine.co.il\/sabonner-au-magazine\/\\\"><strong>https:\/\/israelmagazine.co.il\/sabonner-au-magazine\/<\/strong><\/a><\/p>\n<p><strong>Loi du Retour ou qui est Juif ?Ou encore S\u2019abonner au magazine livr\u00e9 chez vous en toute confidentialit\u00e9. Remplir le formulaire<\/strong><\/p>\n<p dir=\\\"ltr\\\"><a href=\\\"https:\/\/docs.google.com\/forms\/d\/e\/1FAIpQLSfPYJfb8KjEya-X17w0DGPAuBlCGvqVUdh_Is8EL810Lxw82A\/viewform?entry.1189475001=Recipient_Email\\\"><strong>https:\/\/docs.google.com\/forms\/d\/e\/1FAIpQLSfPYJfb8KjEya-X17w0DGPAuBlCGvqVUdh_Is8EL810Lxw82A\/viewform?entry.1189475001=Recipient_Email<\/strong><\/a><\/p>\n","protected":false},"excerpt":{"rendered":"<p>Reprendre la situation s\u00e9curitaire \u00e0 bras le corps Netanyahou\u00a0a\u00a0donn\u00e9 une conf\u00e9rence de presse lundi soir au si\u00e8ge du minist\u00e8re de la D\u00e9fense \u00e0 Tel-Aviv pour r\u00e9pondre aux pr\u00e9occupations de s\u00e9curit\u00e9 nationale suscit\u00e9es par la r\u00e9cente vague d\\&rsquo;attentats terroristes meurtriers. Le Premier ministre Benjamin Netanyahou a\u00a0annul\u00e9 lundi soir sa d\u00e9cision de limoger le ministre de la &hellip;<\/p>\n<p class=\"read-more\"> <a class=\"\" href=\"https:\/\/israelmagazine.net\/?p=61608\"> <span class=\"screen-reader-text\">Netanyahou : Gallant reste ministre de la D\u00e9fense<\/span> Lire la suite \u00bb<\/a><\/p>\n","protected":false},"author":4,"featured_media":61615,"comment_status":"open","ping_status":"open","sticky":false,"template":"","format":"standard","meta":{"site-sidebar-layout":"default","site-content-layout":"default","ast-global-header-display":"","ast-main-header-display":"","ast-hfb-above-header-display":"","ast-hfb-below-header-display":"","ast-hfb-mobile-header-display":"","site-post-title":"","ast-breadcrumbs-content":"","ast-featured-img":"","footer-sml-layout":"","theme-transparent-header-meta":"","adv-header-id-meta":"","stick-header-meta":"","header-above-stick-meta":"","header-main-stick-meta":"","header-below-stick-meta":""},"categories":[84,1621,1612,1617,822,1674,1623,1191,3191,1624,1616],"tags":[1739,823,955,1628,1700,742],"sujet":[],"_links":{"self":[{"href":"https:\/\/israelmagazine.net\/index.php?rest_route=\/wp\/v2\/posts\/61608"}],"collection":[{"href":"https:\/\/israelmagazine.net\/index.php?rest_route=\/wp\/v2\/posts"}],"about":[{"href":"https:\/\/israelmagazine.net\/index.php?rest_route=\/wp\/v2\/types\/post"}],"author":[{"embeddable":true,"href":"https:\/\/israelmagazine.net\/index.php?rest_route=\/wp\/v2\/users\/4"}],"replies":[{"embeddable":true,"href":"https:\/\/israelmagazine.net\/index.php?rest_route=%2Fwp%2Fv2%2Fcomments&post=61608"}],"version-history":[{"count":0,"href":"https:\/\/israelmagazine.net\/index.php?rest_route=\/wp\/v2\/posts\/61608\/revisions"}],"wp:featuredmedia":[{"embeddable":true,"href":"https:\/\/israelmagazine.net\/index.php?rest_route=\/"}],"wp:attachment":[{"href":"https:\/\/israelmagazine.net\/index.php?rest_route=%2Fwp%2Fv2%2Fmedia&parent=61608"}],"wp:term":[{"taxonomy":"category","embeddable":true,"href":"https:\/\/israelmagazine.net\/index.php?rest_route=%2Fwp%2Fv2%2Fcategories&post=61608"},{"taxonomy":"post_tag","embeddable":true,"href":"https:\/\/israelmagazine.net\/index.php?rest_route=%2Fwp%2Fv2%2Ftags&post=61608"},{"taxonomy":"sujet","embeddable":true,"href":"https:\/\/israelmagazine.net\/index.php?rest_route=%2Fwp%2Fv2%2Fsujet&post=61608"}],"curies":[{"name":"wp","href":"https:\/\/api.w.org\/{rel}","templated":true}]}}