{"id":61617,"date":"2023-04-11T11:40:05","date_gmt":"2023-04-11T08:40:05","guid":{"rendered":"https:\/\/israelmagazine.net\/?p=61617"},"modified":"2023-04-11T11:40:05","modified_gmt":"2023-04-11T08:40:05","slug":"le-cri-dun-pere-michele-mazel","status":"publish","type":"post","link":"https:\/\/israelmagazine.net\/?p=61617","title":{"rendered":"Le cri d\u2019un p\u00e8re, Mich\u00e8le Mazel"},"content":{"rendered":"<h1><img class=\\\"alignnone wp-image-61623 size-full\\\" src=\\\"https:\/\/israelmagazine.co.il\/wp-content\/uploads\/2023\/04\/VDD090405081.jpeg\\\" alt=\\\"\\\" width=\\\"690\\\" height=\\\"517\\\" \/><\/h1>\n<h1>Le cri d\u2019un p\u00e8re<\/h1>\n<h1>Mich\u00e8le Mazel<\/h1>\n<p>&nbsp;<\/p>\n<h2>\u00a0\u00ab Pourquoi ? qu\u2019a-t-il obtenu ce terroriste anonyme avec sa kalachnikov ?<\/h2>\n<p>Est-il le produit d\u2019une culture qui ne fait pas la diff\u00e9rence entre le bien et le mal ? \u00bb\u00a0 Qui saurait r\u00e9pondre \u00e0 cet homme qui vient de perdre ses deux grandes filles et sa femme, victimes de celui qu\u2019on voudrait nous pr\u00e9senter comme un courageux combattant pour la cause palestinienne parce qu\u2019il a vid\u00e9 son chargeur sur trois femmes sans d\u00e9fense, seules dans leur voiture. \u00c0 bout portant.<\/p>\n<p>C\u2019est en vain qu\u2019on attendrait une manifestation de sympathie pour cette famille tristement endeuill\u00e9e dans les colonnes de ce qui fut un grand quotidien d\u2019information. \u00ab Deux s\u0153urs isra\u00e9lo-britanniques de 16 et 20 ans, originaires de la colonie isra\u00e9lienne d\u2019Efrat, ont \u00e9t\u00e9 tu\u00e9es, et leur m\u00e8re a \u00e9t\u00e9 gri\u00e8vement bless\u00e9e dans une attaque palestinienne en Cisjordanie, territoire palestinien occup\u00e9 par Isra\u00ebl depuis 1967. \u00bb<\/p>\n<p>Relisez. Les victimes <em>sont originaires d\u2019une colonie isra\u00e9lienne<\/em> et l\u2019attaque a eu lieu <em>en territoire palestinien occup\u00e9<\/em>.\u00a0 Vous avez compris. Inutile de s\u2019attendre \u00e0 un reportage sur ces deux jeunes filles rieuses, sur cette m\u00e8re \u00e9panouie, fauch\u00e9es sur la route des vacances. \u00a0On ne parlera pas de la double trag\u00e9die de celui qui hier encore\u00a0? posait avec sa femme et leurs cinq enfants et qui doit maintenant r\u00e9conforter les trois petits qui lui restent.<\/p>\n<h2>Des lecteurs ivres de l\\&rsquo;opium du peuple<\/h2>\n<p>Apr\u00e8s tout, ce sont des colons, n\u2019est-ce pas ? Pire, les mod\u00e9rateurs du Monde ont accept\u00e9 avec bienveillance cet ignoble commentaire : \u00ab La pr\u00e9sence de ces dames est due \u00e0 la colonisation de la Cisjordanie. Elles sont la marque d\\&rsquo;un acte ill\u00e9gal et ill\u00e9gitime de la part d\\&rsquo;Isra\u00ebl au regard du droit international qui leur enl\u00e8ve leur caract\u00e8re de simples civils. Elle ressortissent donc mutadis [sic] \u00a0mutandis \u00e0 la th\u00e9orie des boucliers humains, l\\&rsquo;arm\u00e9e isra\u00e9lienne faisant occuper les territoires qu\\&rsquo;elle a conquis par des civils. \u00bb \u00a0Bref, leur pr\u00e9sence \u00e9tait ill\u00e9gale et c\u2019est Isra\u00ebl qui est responsable de ce qui leur est arriv\u00e9.<\/p>\n<h2>Plus le massacre est sanglant, plus il est encens\u00e9<\/h2>\n<p>En attendant le Hamas a encens\u00e9 l\u2019h\u00e9ro\u00efsme de ce minable terroriste, qui se terre aujourd\u2019hui dans les territoires si mal contr\u00f4l\u00e9s par l\u2019Autorit\u00e9 palestinienne qui s\u2019est bien gard\u00e9e de le condamner. Il se sait traqu\u00e9 par l\u2019arm\u00e9e qui l\u2019atteindra t\u00f4t ou tard.<\/p>\n<p>S\u2019il est pris vivant, il sera accueilli en h\u00e9ros par ses camarades de captivit\u00e9 et jouira d\u2019une rente confortable des autorit\u00e9s de Ramallah\u00a0\u00a0 ; s\u2019il refuse de se rendre et meurt les armes \u00e0 la main, gageons que l\u2019on aura droit \u00e0 de longs d\u00e9veloppements sur son d\u00e9vouement \u00e0 la cause, le soutien sans faille de ses parents. Le Hamas criera vengeance et il faudra s\u2019attendre \u00e0 des \u00ab repr\u00e9sailles \u00bb amor\u00e7ant un nouveau cycle de violences. \u00a0Une nouvelle fois des d\u00e9clarations l\u00e9nifiantes appelleront \u00ab les deux parties \u00bb \u00e0 faire preuve de mod\u00e9ration sans que l\u2019on sache au juste quelles sont ces parties : Isra\u00ebl, bien s\u00fbr mais l\u2019autre ? Le Hamas ? L\u2019Autorit\u00e9 palestinienne ? Les groupes jihadistes ? Le Hezbollah peut-\u00eatre ?<\/p>\n<p>Qui \u00e9coute ce p\u00e8re, cet \u00e9poux qui clame que \u00ab \u00a0Nous n\u2019accepterons jamais le terrorisme comme l\u00e9gitime&#8230; Il n\u2019existe pas d\u2019\u00e9quivalent moral entre terroriste et victime. Le terroriste est toujours malfaisant\u00a0\u00bb ?<\/p>\n<p><strong>La suite de l\u2019article se trouve dans le prochain num\u00e9ro d\u2019Isra\u00ebl Magazine<\/strong><\/p>\n<p><strong>D\u00e9couvrez un exemplaire du magazine gratuitement et cliquez ensuite sur le rebord droit<\/strong><\/p>\n<p><a href=\\\"https:\/\/online.fliphtml5.com\/rjspi\/ypmm\/#p=1\\\"><strong>https:\/\/online.fliphtml5.com\/rjspi\/ypmm\/#p=1<\/strong><\/a><\/p>\n<p><strong>Votre magazine est livr\u00e9 chez vous en toute confidentialit\u00e9<br \/>\nS\u2019abonner au magazine par t\u00e9l\u00e9phone ou par whats app 00972 (0) 54 254 45 20 ou au 01 86 98 27 27<\/strong><\/p>\n<p><strong>Par email\u00a0\u00a0<\/strong><a href=\\\"mailto:Andredarmon21@gmail.com\\\"><strong>Andredarmon21@gmail.com<\/strong><\/a><strong>\u00a0 pay pal<\/strong><\/p>\n<p><strong>Ou directement sur le site<\/strong><\/p>\n<p><a href=\\\"https:\/\/israelmagazine.co.il\/sabonner-au-magazine\/\\\"><strong>https:\/\/israelmagazine.co.il\/sabonner-au-magazine\/<\/strong><\/a><\/p>\n<p><strong>Loi du Retour ou qui est Juif ?Ou encore S\u2019abonner au magazine livr\u00e9 chez vous en toute confidentialit\u00e9. Remplir le formulaire<\/strong><\/p>\n<p><a href=\\\"https:\/\/docs.google.com\/forms\/d\/e\/1FAIpQLSfPYJfb8KjEya-X17w0DGPAuBlCGvqVUdh_Is8EL810Lxw82A\/viewform?entry.1189475001=Recipient_Email\\\"><strong>https:\/\/docs.google.com\/forms\/d\/e\/1FAIpQLSfPYJfb8KjEya-X17w0DGPAuBlCGvqVUdh_Is8EL810Lxw82A\/viewform?entry.1189475001=Recipient_Email<\/strong><\/a><\/p>\n<p><strong><u>\u00a0<\/u><\/strong><\/p>\n","protected":false},"excerpt":{"rendered":"<p>Le cri d\u2019un p\u00e8re Mich\u00e8le Mazel &nbsp; \u00a0\u00ab Pourquoi ? qu\u2019a-t-il obtenu ce terroriste anonyme avec sa kalachnikov ? Est-il le produit d\u2019une culture qui ne fait pas la diff\u00e9rence entre le bien et le mal ? \u00bb\u00a0 Qui saurait r\u00e9pondre \u00e0 cet homme qui vient de perdre ses deux grandes filles et sa femme, &hellip;<\/p>\n<p class=\"read-more\"> <a class=\"\" href=\"https:\/\/israelmagazine.net\/?p=61617\"> <span class=\"screen-reader-text\">Le cri d\u2019un p\u00e8re, Mich\u00e8le Mazel<\/span> Lire la suite \u00bb<\/a><\/p>\n","protected":false},"author":4,"featured_media":61619,"comment_status":"open","ping_status":"open","sticky":false,"template":"","format":"standard","meta":{"site-sidebar-layout":"default","site-content-layout":"default","ast-global-header-display":"","ast-main-header-display":"","ast-hfb-above-header-display":"","ast-hfb-below-header-display":"","ast-hfb-mobile-header-display":"","site-post-title":"","ast-breadcrumbs-content":"","ast-featured-img":"","footer-sml-layout":"","theme-transparent-header-meta":"","adv-header-id-meta":"","stick-header-meta":"","header-above-stick-meta":"","header-main-stick-meta":"","header-below-stick-meta":""},"categories":[84,1621,1387,1612,841,822,1614,1674,1623,1616,1624],"tags":[825,823,877,1761,821],"sujet":[],"_links":{"self":[{"href":"https:\/\/israelmagazine.net\/index.php?rest_route=\/wp\/v2\/posts\/61617"}],"collection":[{"href":"https:\/\/israelmagazine.net\/index.php?rest_route=\/wp\/v2\/posts"}],"about":[{"href":"https:\/\/israelmagazine.net\/index.php?rest_route=\/wp\/v2\/types\/post"}],"author":[{"embeddable":true,"href":"https:\/\/israelmagazine.net\/index.php?rest_route=\/wp\/v2\/users\/4"}],"replies":[{"embeddable":true,"href":"https:\/\/israelmagazine.net\/index.php?rest_route=%2Fwp%2Fv2%2Fcomments&post=61617"}],"version-history":[{"count":0,"href":"https:\/\/israelmagazine.net\/index.php?rest_route=\/wp\/v2\/posts\/61617\/revisions"}],"wp:featuredmedia":[{"embeddable":true,"href":"https:\/\/israelmagazine.net\/index.php?rest_route=\/"}],"wp:attachment":[{"href":"https:\/\/israelmagazine.net\/index.php?rest_route=%2Fwp%2Fv2%2Fmedia&parent=61617"}],"wp:term":[{"taxonomy":"category","embeddable":true,"href":"https:\/\/israelmagazine.net\/index.php?rest_route=%2Fwp%2Fv2%2Fcategories&post=61617"},{"taxonomy":"post_tag","embeddable":true,"href":"https:\/\/israelmagazine.net\/index.php?rest_route=%2Fwp%2Fv2%2Ftags&post=61617"},{"taxonomy":"sujet","embeddable":true,"href":"https:\/\/israelmagazine.net\/index.php?rest_route=%2Fwp%2Fv2%2Fsujet&post=61617"}],"curies":[{"name":"wp","href":"https:\/\/api.w.org\/{rel}","templated":true}]}}