{"id":61632,"date":"2023-04-13T09:47:22","date_gmt":"2023-04-13T06:47:22","guid":{"rendered":"https:\/\/israelmagazine.net\/?p=61632"},"modified":"2023-04-13T09:47:22","modified_gmt":"2023-04-13T06:47:22","slug":"ben-gvir-soppose-a-bibi-netanyahou","status":"publish","type":"post","link":"https:\/\/israelmagazine.net\/?p=61632","title":{"rendered":"Ben-Gvir s\u2019oppose \u00e0 Bibi Netanyahou\u00a0"},"content":{"rendered":"<h1 dir=\\\"ltr\\\"><img class=\\\"alignnone wp-image-61633 size-full\\\" src=\\\"https:\/\/israelmagazine.co.il\/wp-content\/uploads\/2023\/04\/Mon-projet-2023-04-13T093451.527.jpg\\\" alt=\\\"\\\" width=\\\"1080\\\" height=\\\"566\\\" \/><\/h1>\n<h1 dir=\\\"ltr\\\"><span style=\\\"font-size: xx-large;\\\">Ben-Gvir s\u2019oppose \u00e0 Bibi Netanyahou\u00a0<\/span><\/h1>\n<h2 dir=\\\"ltr\\\"><span style=\\\"font-size: large;\\\">et \u00e0 l\u2019appareil s\u00e9curitaire sur la pr\u00e9sence juive sur le Mont du Temple pendant Ramadan<\/span><\/h2>\n<p dir=\\\"ltr\\\">Le Cabinet de s\u00e9curit\u00e9 a pris cette d\u00e9cision malgr\u00e9 un calme relatif sur le mont du Temple et malgr\u00e9 l\\&rsquo;opposition du ministre de la S\u00e9curit\u00e9 nationale, Itamar Ben-Gvir.\u00a0Le mont du Temple sera ferm\u00e9 aux visiteurs juifs de mercredi jusqu\\&rsquo;\u00e0 la fin du mois de Ramadan, qui devrait se terminer vers la fin de la semaine prochaine. C\u2019est ce qu\u2019a d\u00e9cid\u00e9 mardi apr\u00e8s-midi le Premier ministre Benjamin Netanyahou. Il a pris cette d\u00e9cision alors que la situation sur le Mont du Temple est rest\u00e9e relativement calme ces derniers jours et malgr\u00e9 l\\&rsquo;opposition du ministre de la S\u00e9curit\u00e9 nationale, Itamar Ben-Gvir.<\/p>\n<h2 dir=\\\"ltr\\\">Ben Gvir contre tout l\\&rsquo;appareil s\u00e9curitaire<\/h2>\n<p dir=\\\"ltr\\\">La d\u00e9cision de fermer le mont du Temple aux visiteurs juifs est une \u00ab grave erreur qui\u00a0<b><i>n\\&rsquo;apportera pas le calme\u00a0<\/i><\/b>\u00bb dans la r\u00e9gion, a d\u00e9clar\u00e9 Ben-Gvir dans une attaque directe contre Netanyahou. \\\u00a0\u00bbCela ne peut faire\u00a0<i><b>qu\\&rsquo;aggraver la situation.\u00a0<\/b><\/i>\\\u00a0\u00bbL\\&rsquo;absence de pr\u00e9sence juive sur le mont du Temple entra\u00eenera automatiquement une diminution de la pr\u00e9sence polici\u00e8re sur le mont, ce qui cr\u00e9era un terrain fertile pour les appels \u00e0 l\\&rsquo;incitation au meurtre de Juifs\\\u00a0\u00bb, a accus\u00e9 le ministre de la S\u00e9curit\u00e9 nationale.<\/p>\n<h2 dir=\\\"ltr\\\"><span style=\\\"font-size: large;\\\">\\\u00a0\u00bbLorsque la terreur frappe, il faut r\u00e9agir fermement plut\u00f4t que de succomber \u00e0 ses caprices.\\\u00a0\u00bb<\/span><\/h2>\n<p dir=\\\"ltr\\\">Le Premier ministre aurait pris cette d\u00e9cision sur la base de la<em><strong> recommandation unanime du ministre de la D\u00e9fense Yoav Gallant, du chef d\\&rsquo;\u00e9tat-major de Tsahal, Herzi Halevi, du chef du Shin Bet Ronen Bar et du chef de la police isra\u00e9lienne Kobi Shabtai.<\/strong><\/em><\/p>\n<p dir=\\\"ltr\\\">Peu de temps avant l\\&rsquo;annonce de la d\u00e9cision, le mouvement Hamas a appel\u00e9 les Palestiniens \u00e0 se rendre \u00e0 la mosqu\u00e9e al-Aqsa et \u00e0 y passer la nuit et a mis en garde Isra\u00ebl \u00ab contre tout acte insens\u00e9 contre al-Aqsa \u00bb.Plus t\u00f4t mardi matin, 748 Juifs ont visit\u00e9 le site, <strong><em>sans incidents ni violence inhabituels<\/em><\/strong>, tout comme les visites de visiteurs juifs les deux jours pr\u00e9c\u00e9dents, malgr\u00e9 les menaces de violence du Hamas et d\\&rsquo;autres groupes terroristes palestiniens.<\/p>\n<h2 dir=\\\"ltr\\\">Privil\u00e9gier les visites dans le calme<\/h2>\n<p dir=\\\"ltr\\\">Au total, 303 Juifs ont visit\u00e9 le Mont du Temple pendant les jours interm\u00e9diaires de la P\u00e2que cette ann\u00e9e, soit une augmentation de 32 % par rapport \u00e0 la m\u00eame p\u00e9riode l\\&rsquo;an dernier.\u00a0Depuis 2013, le Mont du Temple est ferm\u00e9 aux visiteurs juifs pendant au moins six des dix derniers jours du Ramadan chaque ann\u00e9e (y compris le vendredi et le samedi, lorsque le Mont est ferm\u00e9 aux Juifs toute l\\&rsquo;ann\u00e9e).<\/p>\n<p dir=\\\"ltr\\\">L\\&rsquo;administration du mont du Temple a exprim\u00e9 l\\&rsquo;espoir que le site resterait ouvert aux visiteurs juifs tout au long des dix derniers jours du Ramadan cette ann\u00e9e, pour revenir \u00e0 la situation d\\&rsquo;avant 2013.<\/p>\n<p><strong>La suite de l\u2019article se trouve dans le prochain num\u00e9ro d\u2019Isra\u00ebl Magazine<\/strong><\/p>\n<p><strong>D\u00e9couvrez un exemplaire du magazine gratuitement et cliquez ensuite sur le rebord droit<\/strong><\/p>\n<p><a href=\\\"https:\/\/online.fliphtml5.com\/rjspi\/ypmm\/#p=1\\\"><strong>https:\/\/online.fliphtml5.com\/rjspi\/ypmm\/#p=1<\/strong><\/a><\/p>\n<p><strong>Votre magazine est livr\u00e9 chez vous en toute confidentialit\u00e9<br \/>\nS\u2019abonner au magazine par t\u00e9l\u00e9phone ou par whats app 00972 (0) 54 254 45 20 ou au 01 86 98 27 27<\/strong><\/p>\n<p><strong>Par email\u00a0\u00a0<\/strong><a href=\\\"mailto:Andredarmon21@gmail.com\\\"><strong>Andredarmon21@gmail.com<\/strong><\/a><strong>\u00a0 pay pal<\/strong><\/p>\n<p><strong>Ou directement sur le site<\/strong><\/p>\n<p><a href=\\\"https:\/\/israelmagazine.co.il\/sabonner-au-magazine\/\\\"><strong>https:\/\/israelmagazine.co.il\/sabonner-au-magazine\/<\/strong><\/a><\/p>\n<p><strong>Loi du Retour ou qui est Juif ?Ou encore S\u2019abonner au magazine livr\u00e9 chez vous en toute confidentialit\u00e9. Remplir le formulaire<\/strong><\/p>\n<p><a href=\\\"https:\/\/docs.google.com\/forms\/d\/e\/1FAIpQLSfPYJfb8KjEya-X17w0DGPAuBlCGvqVUdh_Is8EL810Lxw82A\/viewform?entry.1189475001=Recipient_Email\\\"><strong>https:\/\/docs.google.com\/forms\/d\/e\/1FAIpQLSfPYJfb8KjEya-X17w0DGPAuBlCGvqVUdh_Is8EL810Lxw82A\/viewform?entry.1189475001=Recipient_Email<\/strong><\/a><\/p>\n<p><strong><u>\u00a0<\/u><\/strong><\/p>\n","protected":false},"excerpt":{"rendered":"<p>Ben-Gvir s\u2019oppose \u00e0 Bibi Netanyahou\u00a0 et \u00e0 l\u2019appareil s\u00e9curitaire sur la pr\u00e9sence juive sur le Mont du Temple pendant Ramadan Le Cabinet de s\u00e9curit\u00e9 a pris cette d\u00e9cision malgr\u00e9 un calme relatif sur le mont du Temple et malgr\u00e9 l\\&rsquo;opposition du ministre de la S\u00e9curit\u00e9 nationale, Itamar Ben-Gvir.\u00a0Le mont du Temple sera ferm\u00e9 aux visiteurs &hellip;<\/p>\n<p class=\"read-more\"> <a class=\"\" href=\"https:\/\/israelmagazine.net\/?p=61632\"> <span class=\"screen-reader-text\">Ben-Gvir s\u2019oppose \u00e0 Bibi Netanyahou\u00a0<\/span> Lire la suite \u00bb<\/a><\/p>\n","protected":false},"author":4,"featured_media":61634,"comment_status":"open","ping_status":"open","sticky":false,"template":"","format":"standard","meta":{"site-sidebar-layout":"default","site-content-layout":"default","ast-global-header-display":"","ast-main-header-display":"","ast-hfb-above-header-display":"","ast-hfb-below-header-display":"","ast-hfb-mobile-header-display":"","site-post-title":"","ast-breadcrumbs-content":"","ast-featured-img":"","footer-sml-layout":"","theme-transparent-header-meta":"","adv-header-id-meta":"","stick-header-meta":"","header-above-stick-meta":"","header-main-stick-meta":"","header-below-stick-meta":""},"categories":[84,1621,1612,841,1674,1623,1191,1624],"tags":[1739,1474,823,931,1628,2569,742],"sujet":[],"_links":{"self":[{"href":"https:\/\/israelmagazine.net\/index.php?rest_route=\/wp\/v2\/posts\/61632"}],"collection":[{"href":"https:\/\/israelmagazine.net\/index.php?rest_route=\/wp\/v2\/posts"}],"about":[{"href":"https:\/\/israelmagazine.net\/index.php?rest_route=\/wp\/v2\/types\/post"}],"author":[{"embeddable":true,"href":"https:\/\/israelmagazine.net\/index.php?rest_route=\/wp\/v2\/users\/4"}],"replies":[{"embeddable":true,"href":"https:\/\/israelmagazine.net\/index.php?rest_route=%2Fwp%2Fv2%2Fcomments&post=61632"}],"version-history":[{"count":0,"href":"https:\/\/israelmagazine.net\/index.php?rest_route=\/wp\/v2\/posts\/61632\/revisions"}],"wp:featuredmedia":[{"embeddable":true,"href":"https:\/\/israelmagazine.net\/index.php?rest_route=\/"}],"wp:attachment":[{"href":"https:\/\/israelmagazine.net\/index.php?rest_route=%2Fwp%2Fv2%2Fmedia&parent=61632"}],"wp:term":[{"taxonomy":"category","embeddable":true,"href":"https:\/\/israelmagazine.net\/index.php?rest_route=%2Fwp%2Fv2%2Fcategories&post=61632"},{"taxonomy":"post_tag","embeddable":true,"href":"https:\/\/israelmagazine.net\/index.php?rest_route=%2Fwp%2Fv2%2Ftags&post=61632"},{"taxonomy":"sujet","embeddable":true,"href":"https:\/\/israelmagazine.net\/index.php?rest_route=%2Fwp%2Fv2%2Fsujet&post=61632"}],"curies":[{"name":"wp","href":"https:\/\/api.w.org\/{rel}","templated":true}]}}