{"id":61644,"date":"2023-04-13T12:13:26","date_gmt":"2023-04-13T09:13:26","guid":{"rendered":"https:\/\/israelmagazine.net\/?p=61644"},"modified":"2023-04-13T12:13:26","modified_gmt":"2023-04-13T09:13:26","slug":"yair-lapid-sabote-israel-a-letranger","status":"publish","type":"post","link":"https:\/\/israelmagazine.net\/?p=61644","title":{"rendered":"Yair Lapid sabote Isra\u00ebl \u00e0 l\u2019\u00e9tranger"},"content":{"rendered":"<p dir=\\\"ltr\\\"><img src=\\\"https:\/\/images.jpost.com\/image\/upload\/f_auto,fl_lossy\/c_fill,g_faces:center,h_537,w_822\/533733\\\" \/><\/p>\n<p dir=\\\"ltr\\\"><span style=\\\"font-size: xx-large;\\\">Yair Lapid sabote Isra\u00ebl \u00e0 l\u2019\u00e9tranger<\/span><\/p>\n<h2 dir=\\\"ltr\\\"><span style=\\\"font-size: large;\\\">Et r\u00e9pand l\u2019antis\u00e9mitisme en Diaspora<\/span><\/h2>\n<p dir=\\\"ltr\\\"><span style=\\\"font-size: large;\\\">Dans une lettre, les dirigeants juifs orthodoxes ont affirm\u00e9 que Lapid \u00ab <em><strong>creuse un foss\u00e9 pr\u00e9judiciable entre Isra\u00ebl et les Juifs du monde entier<\/strong><\/em> \u00bb.<\/span><\/p>\n<p dir=\\\"ltr\\\">Une organisation juive orthodoxe am\u00e9ricaine, qui fait du lobbying pour Isra\u00ebl, a envoy\u00e9 une lettre au chef de l\\&rsquo;opposition, le d\u00e9put\u00e9 Yair Lapid, affirmant qu\\&rsquo;il \\\u00a0\u00bb<strong><em>sape la r\u00e9putation du gouvernement isra\u00e9lien<\/em><\/strong> \u00e0 l\\&rsquo;ext\u00e9rieur des fronti\u00e8res d\\&rsquo;Isra\u00ebl, en appelant les Juifs de la diaspora \u00e0<em><strong> s\u2019opposer au gouvernement<\/strong><\/em>\\\u00a0\u00bb. Ces propos sur le radicalisme de Lapid font directement suite \u00e0 une r\u00e9union qu\\&rsquo;il a tenue en d\u00e9but de cette semaine avec les dirigeants des principales organisations juives.<\/p>\n<h2 dir=\\\"ltr\\\">Lapid semeur de discorde et de d\u00e9l\u00e9gitimation<\/h2>\n<p dir=\\\"ltr\\\">La lettre, sign\u00e9e par Shlomo Werdiger et le Dr Irving Lebovics, les copr\u00e9sidents de l\\&rsquo;organisation Am Echad, exprime leur \\\u00a0\u00bb<b><i>grave pr\u00e9occupation<\/i><\/b>\u00a0concernant ses commentaires lors de la r\u00e9union avec les membres des F\u00e9d\u00e9rations juives \u00e0 New York\\\u00a0\u00bb. Les deux hommes ont expliqu\u00e9 qu\\&rsquo;\u00ab en tant qu\\&rsquo;organisation vou\u00e9e au\u00a0<b><i>renforcement des relations entre Isra\u00ebl et la communaut\u00e9 juive<\/i><\/b>\u00a0de la diaspora, nous consid\u00e9rons ces commentaires comme\u00a0<b><i>semant la discorde et d\u00e9l\u00e9gitimant<\/i><\/b>\u00a0non seulement le gouvernement isra\u00e9lien actuel, mais\u00a0<b><i>Isra\u00ebl lui-m\u00eame aux yeux du monde<\/i><\/b>, qu\\&rsquo;il soit juif ou non. \\\u00a0\u00bb<\/p>\n<div class=\\\"yj6qo ajU\\\">\n<h2 id=\\\":nv\\\" class=\\\"ajR\\\" tabindex=\\\"0\\\" role=\\\"button\\\" aria-label=\\\"Masquer le contenu d\u00e9velopp\u00e9\\\" aria-expanded=\\\"true\\\" data-tooltip=\\\"Masquer le contenu d\u00e9velopp\u00e9\\\"><img class=\\\"ajT\\\" src=\\\"https:\/\/ssl.gstatic.com\/ui\/v1\/icons\/mail\/images\/cleardot.gif\\\" \/>Lapid, l\\&rsquo;ennemi du juste milieu et de la bonne mesure<\/h2>\n<\/div>\n<div class=\\\"adL\\\">\n<div class=\\\"im\\\">\n<p dir=\\\"ltr\\\">En tant qu\\&rsquo;ancien Premier ministre et actuel chef de l\\&rsquo;opposition, Lapid a rencontr\u00e9 les dirigeants juifs nord-am\u00e9ricains \u00e0 New York, lundi dans le cadre de sa visite aux \u00c9tats-Unis. Celle-ci consisterait \u00e0 \\\u00a0\u00bbessayer d\\&rsquo;aider \u00e0 r\u00e9parer les liens qui s\\&rsquo;effilochent entre les deux pays\\\u00a0\u00bb. En r\u00e9alit\u00e9, il utiliserait ces cr\u00e9neaux pour faire exactement le contraire et\u00a0<b><i>saboter l\u2019image d\u2019Isra\u00ebl\u00a0<\/i><\/b>au regard ext\u00e9rieur.<\/p>\n<h2 dir=\\\"ltr\\\">Les grandes associations am\u00e9ricaines \u00e9taient pr\u00e9sentes<\/h2>\n<p dir=\\\"ltr\\\">La convocation, organis\u00e9e par les F\u00e9d\u00e9rations juives d\\&rsquo;Am\u00e9rique du Nord au si\u00e8ge de la F\u00e9d\u00e9ration UJA de New York \u00e0 Manhattan, comprenait des dirigeants de : la Ligue anti-diffamation, du Comit\u00e9 juif am\u00e9ricain, de la Conf\u00e9rence des pr\u00e9sidents des principales organisations juives am\u00e9ricaines, de l\\&rsquo;Agence juive pour Isra\u00ebl, Isra\u00ebl Policy Forum, National Council of Jewish Women, Hillel International, Orthodox Union, Reconstructing Judaism, Israel Judaism Committee, National Coalition Supporting Soviet Jewry, Zioness, Jewish Federation of Greater MetroWest et UJA-Federation of New York.<\/p>\n<h2 dir=\\\"ltr\\\">Rarement un leader d\\&rsquo;opposition s\\&rsquo;est attir\u00e9 de telles critiques<\/h2>\n<p dir=\\\"ltr\\\">Ils ont soulign\u00e9 que Lapid, dans son r\u00f4le de chef de l\\&rsquo;opposition, est : \\\u00a0\u00bb \u00e0 la fois\u00a0<b><i>autoris\u00e9 et tenu de critiquer<\/i><\/b>\u00a0le gouvernement\\\u00a0\u00bb, cependant, \\\u00a0\u00bbcela ne va pas jusqu\\&rsquo;\u00e0 saper le gouvernement en dehors des fronti\u00e8res d\\&rsquo;Isra\u00ebl, appelant les Juifs de la diaspora \u00e0\u00a0<b><i>contrer le gouvernement et creuser un foss\u00e9 entre Isra\u00ebl et les Juifs du monde entier<\/i><\/b>\u00a0\u00bb, selon ces dirigeants orthodoxes aux \u00c9tats-Unis.<\/p>\n<h2 dir=\\\"ltr\\\">Le refus de la clairvoyance<\/h2>\n<p dir=\\\"ltr\\\">Ils ont ajout\u00e9 que \\\u00a0\u00bbdans vos remarques, vous avez accus\u00e9 le gouvernement actuel d\\&rsquo;\u00eatre\\\u00a0\u00bb le plus extr\u00e9miste de l\\&rsquo;histoire\u2026 causant des dommages \u00e0 la s\u00e9curit\u00e9, \u00e0 l\\&rsquo;\u00e9conomie, \u00e0 la coh\u00e9sion sociale et aux relations avec la diaspora juive \\\u00a0\u00bb. Ce serait un euph\u00e9misme de dire que les probl\u00e8mes auxquels Isra\u00ebl est confront\u00e9 aujourd\\&rsquo;hui sont\u00a0<b><i>controvers\u00e9s<\/i><\/b>\u00a0et, \u00e0 tout le moins, de larges pans de la population isra\u00e9lienne soutiennent les actions du gouvernement et les consid\u00e8rent comme la concr\u00e9tisation des\u00a0<i><b>promesses \u00e9lectorales<\/b><\/i>. \u00bb<\/p>\n<h2 dir=\\\"ltr\\\">Malveillance envers les relations Isra\u00ebl-Diaspora<\/h2>\n<p dir=\\\"ltr\\\">Werdiger et Lebovics ont \u00e9crit qu\\&rsquo;\u00ab il est\u00a0<b><i>malhonn\u00eate de votre part<\/i><\/b>\u00a0d\\&rsquo;accuser le gouvernement de saper la d\u00e9mocratie isra\u00e9lienne et d\\&rsquo;appeler les\u00a0<b><i>Juifs am\u00e9ricains \u00e0 prendre les armes<\/i><\/b>\u00a0pour prot\u00e9ger Isra\u00ebl de ses propres dirigeants. Alors que nous pouvons discuter des politiques et performances, ainsi que de la prudence et de la sagesse du gouvernement actuel, la rh\u00e9torique caract\u00e9risant le gouvernement comme \u00ab extr\u00e9miste \u00bb et \u00ab antid\u00e9mocratique \u00bb\u00a0<b><i>met en p\u00e9ril les relations entre Isra\u00ebl et les Juifs<\/i><\/b>\u00a0du monde. \u00bb<\/p>\n<h2 dir=\\\"ltr\\\">Lapid devrait s\\&rsquo;abstenir de mettre en p\u00e9ril les communaut\u00e9s juives<\/h2>\n<p dir=\\\"ltr\\\">Selon Am Echad, \\\u00a0\u00bblorsque de telles d\u00e9clarations sont diffus\u00e9es dans les m\u00e9dias grand public, elles\u00a0<b><i>d\u00e9l\u00e9gitiment Isra\u00ebl lui-m\u00eame<\/i><\/b>\u00a0et, par extension, constituent un\u00a0<i><b>r\u00e9el danger pour la s\u00e9curit\u00e9 des communaut\u00e9s<\/b><\/i>\u00a0de la diaspora\\\u00a0\u00bb. Ils ont ajout\u00e9 \u00e0 Lapid que \\\u00a0\u00bblorsque vous retournerez en Isra\u00ebl, nous, dans la diaspora, ferons face aux cons\u00e9quences potentielles d\\&rsquo;encore plus d\\&rsquo;antis\u00e9mitisme, aliment\u00e9 par vos paroles\\\u00a0\u00bb.<\/p>\n<p dir=\\\"ltr\\\">Ils ont conclu en demandant \u00e0 Lapid de \\\u00a0\u00bb<b><i>s\\&rsquo;abstenir<\/i><\/b>\u00a0de toute rh\u00e9torique pr\u00e9judiciable et incendiaire contre Isra\u00ebl et son gouvernement lors des r\u00e9unions de la diaspora\\\u00a0\u00bb.<\/p>\n<p dir=\\\"ltr\\\">La rencontre avec Lapid a eu lieu alors que le d\u00e9bat sur une proposition de r\u00e9forme judiciaire s\\&rsquo;intensifie en Isra\u00ebl.<\/p>\n<h2 dir=\\\"ltr\\\">Au moment m\u00eame o\u00f9 coalition et opposition se rencontrent et discutent<\/h2>\n<p dir=\\\"ltr\\\">Le mois dernier, dans un mouvement sans pr\u00e9c\u00e9dent, 30 dirigeants de la F\u00e9d\u00e9ration sont venus en Isra\u00ebl depuis les \u00c9tats-Unis pendant 24 heures pour rencontrer des l\u00e9gislateurs de la coalition au pouvoir ainsi que de l\\&rsquo;opposition parlementaire. Leur objectif principal \u00e9tait une proposition qui permettrait \u00e0 une majorit\u00e9 simple du parlement isra\u00e9lien, la Knesset,\u00a0<b><i>d\\&rsquo;annuler les d\u00e9cisions de la Haute Cour.<\/i><\/b><\/p>\n<p dir=\\\"ltr\\\">Am Echad est une organisation orthodoxe qui s\\&rsquo;est fait entendre apr\u00e8s que le gouvernement isra\u00e9lien a approuv\u00e9 le compromis de Kotel, puis l\\&rsquo;a rejet\u00e9. Werdiger et Lebovics sont tous deux des hauts dirigeants la\u00efcs du mouvement Agudath Israel aux \u00c9tats-Unis, ce qui explique l\\&rsquo;id\u00e9ologie de cette organisation.<\/p>\n<\/div>\n<p><strong>La suite de l\u2019article se trouve dans le prochain num\u00e9ro d\u2019Isra\u00ebl Magazine<\/strong><\/p>\n<p><strong>D\u00e9couvrez un exemplaire du magazine gratuitement et cliquez ensuite sur le rebord droit<\/strong><\/p>\n<p><a href=\\\"https:\/\/online.fliphtml5.com\/rjspi\/ypmm\/#p=1\\\"><strong>https:\/\/online.fliphtml5.com\/rjspi\/ypmm\/#p=1<\/strong><\/a><\/p>\n<p><strong>Votre magazine est livr\u00e9 chez vous en toute confidentialit\u00e9<br \/>\nS\u2019abonner au magazine par t\u00e9l\u00e9phone ou par whats app 00972 (0) 54 254 45 20 ou au 01 86 98 27 27<\/strong><\/p>\n<p><strong>Par email\u00a0\u00a0<\/strong><a href=\\\"mailto:Andredarmon21@gmail.com\\\"><strong>Andredarmon21@gmail.com<\/strong><\/a><strong>\u00a0 pay pal<\/strong><\/p>\n<p><strong>Ou directement sur le site<\/strong><\/p>\n<p><a href=\\\"https:\/\/israelmagazine.co.il\/sabonner-au-magazine\/\\\"><strong>https:\/\/israelmagazine.co.il\/sabonner-au-magazine\/<\/strong><\/a><\/p>\n<p><strong>Loi du Retour ou qui est Juif ?Ou encore S\u2019abonner au magazine livr\u00e9 chez vous en toute confidentialit\u00e9. Remplir le formulaire<\/strong><\/p>\n<p><a href=\\\"https:\/\/docs.google.com\/forms\/d\/e\/1FAIpQLSfPYJfb8KjEya-X17w0DGPAuBlCGvqVUdh_Is8EL810Lxw82A\/viewform?entry.1189475001=Recipient_Email\\\"><strong>https:\/\/docs.google.com\/forms\/d\/e\/1FAIpQLSfPYJfb8KjEya-X17w0DGPAuBlCGvqVUdh_Is8EL810Lxw82A\/viewform?entry.1189475001=Recipient_Email<\/strong><\/a><\/p>\n<p><strong><u>\u00a0<\/u><\/strong><\/p>\n<\/div>\n","protected":false},"excerpt":{"rendered":"<p>Yair Lapid sabote Isra\u00ebl \u00e0 l\u2019\u00e9tranger Et r\u00e9pand l\u2019antis\u00e9mitisme en Diaspora Dans une lettre, les dirigeants juifs orthodoxes ont affirm\u00e9 que Lapid \u00ab creuse un foss\u00e9 pr\u00e9judiciable entre Isra\u00ebl et les Juifs du monde entier \u00bb. Une organisation juive orthodoxe am\u00e9ricaine, qui fait du lobbying pour Isra\u00ebl, a envoy\u00e9 une lettre au chef de l\\&rsquo;opposition, &hellip;<\/p>\n<p class=\"read-more\"> <a class=\"\" href=\"https:\/\/israelmagazine.net\/?p=61644\"> <span class=\"screen-reader-text\">Yair Lapid sabote Isra\u00ebl \u00e0 l\u2019\u00e9tranger<\/span> Lire la suite \u00bb<\/a><\/p>\n","protected":false},"author":4,"featured_media":61647,"comment_status":"open","ping_status":"open","sticky":false,"template":"","format":"standard","meta":{"site-sidebar-layout":"default","site-content-layout":"default","ast-global-header-display":"","ast-main-header-display":"","ast-hfb-above-header-display":"","ast-hfb-below-header-display":"","ast-hfb-mobile-header-display":"","site-post-title":"","ast-breadcrumbs-content":"","ast-featured-img":"","footer-sml-layout":"","theme-transparent-header-meta":"","adv-header-id-meta":"","stick-header-meta":"","header-above-stick-meta":"","header-main-stick-meta":"","header-below-stick-meta":""},"categories":[84,1621,814,1612,1617,1679,841,3191],"tags":[810,845,881,1474],"sujet":[],"_links":{"self":[{"href":"https:\/\/israelmagazine.net\/index.php?rest_route=\/wp\/v2\/posts\/61644"}],"collection":[{"href":"https:\/\/israelmagazine.net\/index.php?rest_route=\/wp\/v2\/posts"}],"about":[{"href":"https:\/\/israelmagazine.net\/index.php?rest_route=\/wp\/v2\/types\/post"}],"author":[{"embeddable":true,"href":"https:\/\/israelmagazine.net\/index.php?rest_route=\/wp\/v2\/users\/4"}],"replies":[{"embeddable":true,"href":"https:\/\/israelmagazine.net\/index.php?rest_route=%2Fwp%2Fv2%2Fcomments&post=61644"}],"version-history":[{"count":0,"href":"https:\/\/israelmagazine.net\/index.php?rest_route=\/wp\/v2\/posts\/61644\/revisions"}],"wp:featuredmedia":[{"embeddable":true,"href":"https:\/\/israelmagazine.net\/index.php?rest_route=\/"}],"wp:attachment":[{"href":"https:\/\/israelmagazine.net\/index.php?rest_route=%2Fwp%2Fv2%2Fmedia&parent=61644"}],"wp:term":[{"taxonomy":"category","embeddable":true,"href":"https:\/\/israelmagazine.net\/index.php?rest_route=%2Fwp%2Fv2%2Fcategories&post=61644"},{"taxonomy":"post_tag","embeddable":true,"href":"https:\/\/israelmagazine.net\/index.php?rest_route=%2Fwp%2Fv2%2Ftags&post=61644"},{"taxonomy":"sujet","embeddable":true,"href":"https:\/\/israelmagazine.net\/index.php?rest_route=%2Fwp%2Fv2%2Fsujet&post=61644"}],"curies":[{"name":"wp","href":"https:\/\/api.w.org\/{rel}","templated":true}]}}