{"id":61682,"date":"2023-04-17T10:14:40","date_gmt":"2023-04-17T07:14:40","guid":{"rendered":"https:\/\/israelmagazine.net\/?p=61682"},"modified":"2023-04-17T10:14:40","modified_gmt":"2023-04-17T07:14:40","slug":"amihai-chikli-appelle-a-la-destitution-de-lenvoyee-speciale-antisemite-de-lonu-albanese","status":"publish","type":"post","link":"https:\/\/israelmagazine.net\/?p=61682","title":{"rendered":"\u00a0Ami\\&rsquo;Hai Chikli appelle \u00e0 la destitution de l\u2019envoy\u00e9e sp\u00e9ciale antis\u00e9mite de l\u2019ONU, Albanese"},"content":{"rendered":"<div class=\\\"adn ads\\\" data-message-id=\\\"#msg-f:1763403432119208766\\\" data-legacy-message-id=\\\"1878de141f2b8b3e\\\">\n<div class=\\\"gs\\\">\n<div class=\\\"\\\">\n<div id=\\\":px\\\" class=\\\"ii gt\\\">\n<div id=\\\":py\\\" class=\\\"a3s aiL \\\">\n<div dir=\\\"ltr\\\">\n<div class=\\\"gmail_quote\\\">\n<div dir=\\\"ltr\\\">\n<div>\n<p dir=\\\"ltr\\\"><span style=\\\"font-size: xx-large;\\\">\u00a0Ami\\&rsquo;Hai Chikli appelle \u00e0 la destitution de l\u2019envoy\u00e9e sp\u00e9ciale antis\u00e9mite de l\u2019ONU, Albanese<\/span><\/p>\n<p dir=\\\"ltr\\\">Francesca Albanese a d\u00e9clar\u00e9 sur Twitter, qu\u2019Isra\u00ebl n\u2019a aucun droit \u00e0 se d\u00e9fendre contre les terroristes. La rapporteure sp\u00e9ciale de l\\&rsquo;ONU pour les territoires palestiniens, Francesca Albanese, a r\u00e9pondu dimanche \u00e0 sa demande de renvoi sine di\u00e9, par ministre des Affaires de la diaspora et de la lutte contre l\\&rsquo;antis\u00e9mitisme, Amichai Chikli, \u00e0 la lumi\u00e8re de propos et d\\&rsquo;actions antis\u00e9mites.<\/p>\n<p dir=\\\"ltr\\\">Chikli a envoy\u00e9 vendredi une lettre s\u00e9v\u00e8re au secr\u00e9taire g\u00e9n\u00e9ral des Nations unies, Ant\u00f3nio Guterres, et au haut-commissaire des Nations unies aux droits de l\\&rsquo;homme, le Dr Volker T\u00fcrk. Le ministre isra\u00e9lien a appel\u00e9 au limogeage d\\&rsquo;Albanese en raison de son \u00ab parti pris implacable, syst\u00e9matique et irrationnel contre Isra\u00ebl et de ses manifestations d\\&rsquo;antis\u00e9mitisme \u00bb. \\\u00a0\u00bb<\/p>\n<h2 dir=\\\"ltr\\\">L\\&rsquo;appel indirect au meurtre des Juifs<\/h2>\n<p dir=\\\"ltr\\\">Albanese a r\u00e9pondu : \u00ab Je me demande comment la \\\u00a0\u00bbresponsabilit\u00e9 morale de ne pas tuer\\\u00a0\u00bb vieille de 3 000 ans peut \u00eatre concili\u00e9e avec les milliers de Palestiniens tu\u00e9s depuis 2007 dans les TPO (4 000 hors conflit ; 4 400 en conflit, c\\&rsquo;est-\u00e0-dire en Gaza : 2008\/9, 2012, 2014, 2018\/9, 2021, 2022). \u00bb\u00a0Albanese, sur Twitter, affirmait qu\\&rsquo;Isra\u00ebl ne pouvait pas revendiquer son droit de se d\u00e9fendre contre \\\u00a0\u00bbles peuples qu\\&rsquo;il opprime et dont il colonise les terres\\\u00a0\u00bb.<\/p>\n<h2 dir=\\\"ltr\\\"><span style=\\\"font-size: large;\\\">L\\&rsquo;antis\u00e9mitisme et l\\&rsquo;antisionisme d\\&rsquo;Albanese<\/span><\/h2>\n<p dir=\\\"ltr\\\">Albanese s\\&rsquo;exprime ouvertement sur les r\u00e9seaux sociaux sur son soutien \u00e0 la cause palestinienne et son d\u00e9go\u00fbt pour \\\u00a0\u00bbl\\&rsquo;occupation\\\u00a0\u00bb et \\\u00a0\u00bbl\\&rsquo;apartheid\\\u00a0\u00bb isra\u00e9liens. Selon la Mission permanente d\\&rsquo;Isra\u00ebl aupr\u00e8s des Nations Unies \u00e0 Gen\u00e8ve, Albanese a \u00e9crit lors de l\\&rsquo;op\u00e9ration Bordure protectrice :\u00a0\\\u00a0\u00bbL\\&rsquo;Am\u00e9rique et l\\&rsquo;Europe, l\\&rsquo;une subjugu\u00e9e par le Lobby juif, et l\\&rsquo;autre par le sentiment de culpabilit\u00e9 face \u00e0 la Shoah, restent \u00e0 l\\&rsquo;\u00e9cart&#8230;\\\u00a0\u00bb\u00a0Le \u00ab lobby juif \u00bb est un pr\u00e9jug\u00e9 antis\u00e9mite grave qui insinue que les Juifs ont une sorte d\u2019influence subtile sur les personnalit\u00e9s politiques et les m\u00e9dias, pour servir ses seuls int\u00e9r\u00eats.<\/p>\n<\/div>\n<\/div>\n<div class=\\\"yj6qo\\\">\n<p><strong>La suite de l\u2019article se trouve dans le prochain num\u00e9ro d\u2019Isra\u00ebl Magazine<\/strong><\/p>\n<p><strong>D\u00e9couvrez un exemplaire du magazine gratuitement et cliquez ensuite sur le rebord droit<\/strong><\/p>\n<p><a href=\\\"https:\/\/online.fliphtml5.com\/rjspi\/ypmm\/#p=1\\\"><strong>https:\/\/online.fliphtml5.com\/rjspi\/ypmm\/#p=1<\/strong><\/a><\/p>\n<p><strong>Votre magazine est livr\u00e9 chez vous en toute confidentialit\u00e9<br \/>\nS\u2019abonner au magazine par t\u00e9l\u00e9phone ou par whats app 00972 (0) 54 254 45 20 ou au 01 86 98 27 27<\/strong><\/p>\n<p><strong>Par email\u00a0\u00a0<\/strong><a href=\\\"mailto:Andredarmon21@gmail.com\\\"><strong>Andredarmon21@gmail.com<\/strong><\/a><strong>\u00a0 pay pal<\/strong><\/p>\n<p><strong>Ou directement sur le site<\/strong><\/p>\n<p><a href=\\\"https:\/\/israelmagazine.co.il\/sabonner-au-magazine\/\\\"><strong>https:\/\/israelmagazine.co.il\/sabonner-au-magazine\/<\/strong><\/a><\/p>\n<p><strong>Loi du Retour ou qui est Juif ?Ou encore S\u2019abonner au magazine livr\u00e9 chez vous en toute confidentialit\u00e9. Remplir le formulaire<\/strong><\/p>\n<p><a href=\\\"https:\/\/docs.google.com\/forms\/d\/e\/1FAIpQLSfPYJfb8KjEya-X17w0DGPAuBlCGvqVUdh_Is8EL810Lxw82A\/viewform?entry.1189475001=Recipient_Email\\\"><strong>https:\/\/docs.google.com\/forms\/d\/e\/1FAIpQLSfPYJfb8KjEya-X17w0DGPAuBlCGvqVUdh_Is8EL810Lxw82A\/viewform?entry.1189475001=Recipient_Email<\/strong><\/a><\/div>\n<div class=\\\"adL\\\"><\/div>\n<\/div>\n<\/div>\n<div class=\\\"adL\\\"><\/div>\n<\/div>\n<\/div>\n<div class=\\\"hi\\\"><\/div>\n<\/div>\n<\/div>\n<div class=\\\"ajx\\\"><\/div>\n<\/div>\n<div class=\\\"gA gt acV\\\">\n<div class=\\\"gB xu\\\">\n<div class=\\\"ip iq\\\"><\/div>\n<\/div>\n<\/div>\n","protected":false},"excerpt":{"rendered":"<p>\u00a0Ami\\&rsquo;Hai Chikli appelle \u00e0 la destitution de l\u2019envoy\u00e9e sp\u00e9ciale antis\u00e9mite de l\u2019ONU, Albanese Francesca Albanese a d\u00e9clar\u00e9 sur Twitter, qu\u2019Isra\u00ebl n\u2019a aucun droit \u00e0 se d\u00e9fendre contre les terroristes. La rapporteure sp\u00e9ciale de l\\&rsquo;ONU pour les territoires palestiniens, Francesca Albanese, a r\u00e9pondu dimanche \u00e0 sa demande de renvoi sine di\u00e9, par ministre des Affaires de &hellip;<\/p>\n<p class=\"read-more\"> <a class=\"\" href=\"https:\/\/israelmagazine.net\/?p=61682\"> <span class=\"screen-reader-text\">\u00a0Ami\\&rsquo;Hai Chikli appelle \u00e0 la destitution de l\u2019envoy\u00e9e sp\u00e9ciale antis\u00e9mite de l\u2019ONU, Albanese<\/span> Lire la suite \u00bb<\/a><\/p>\n","protected":false},"author":4,"featured_media":61685,"comment_status":"open","ping_status":"open","sticky":false,"template":"","format":"standard","meta":{"site-sidebar-layout":"default","site-content-layout":"default","ast-global-header-display":"","ast-main-header-display":"","ast-hfb-above-header-display":"","ast-hfb-below-header-display":"","ast-hfb-mobile-header-display":"","site-post-title":"","ast-breadcrumbs-content":"","ast-featured-img":"","footer-sml-layout":"","theme-transparent-header-meta":"","adv-header-id-meta":"","stick-header-meta":"","header-above-stick-meta":"","header-main-stick-meta":"","header-below-stick-meta":""},"categories":[84,1621,814,1612,3194,841,1624,1616],"tags":[825,1474,1628,821],"sujet":[],"_links":{"self":[{"href":"https:\/\/israelmagazine.net\/index.php?rest_route=\/wp\/v2\/posts\/61682"}],"collection":[{"href":"https:\/\/israelmagazine.net\/index.php?rest_route=\/wp\/v2\/posts"}],"about":[{"href":"https:\/\/israelmagazine.net\/index.php?rest_route=\/wp\/v2\/types\/post"}],"author":[{"embeddable":true,"href":"https:\/\/israelmagazine.net\/index.php?rest_route=\/wp\/v2\/users\/4"}],"replies":[{"embeddable":true,"href":"https:\/\/israelmagazine.net\/index.php?rest_route=%2Fwp%2Fv2%2Fcomments&post=61682"}],"version-history":[{"count":0,"href":"https:\/\/israelmagazine.net\/index.php?rest_route=\/wp\/v2\/posts\/61682\/revisions"}],"wp:featuredmedia":[{"embeddable":true,"href":"https:\/\/israelmagazine.net\/index.php?rest_route=\/"}],"wp:attachment":[{"href":"https:\/\/israelmagazine.net\/index.php?rest_route=%2Fwp%2Fv2%2Fmedia&parent=61682"}],"wp:term":[{"taxonomy":"category","embeddable":true,"href":"https:\/\/israelmagazine.net\/index.php?rest_route=%2Fwp%2Fv2%2Fcategories&post=61682"},{"taxonomy":"post_tag","embeddable":true,"href":"https:\/\/israelmagazine.net\/index.php?rest_route=%2Fwp%2Fv2%2Ftags&post=61682"},{"taxonomy":"sujet","embeddable":true,"href":"https:\/\/israelmagazine.net\/index.php?rest_route=%2Fwp%2Fv2%2Fsujet&post=61682"}],"curies":[{"name":"wp","href":"https:\/\/api.w.org\/{rel}","templated":true}]}}