{"id":61689,"date":"2023-04-17T10:42:04","date_gmt":"2023-04-17T07:42:04","guid":{"rendered":"https:\/\/israelmagazine.net\/?p=61689"},"modified":"2023-04-17T10:42:04","modified_gmt":"2023-04-17T07:42:04","slug":"israel-se-rapproche-de-deux-pays-musulmans-frontaliers-de-liran","status":"publish","type":"post","link":"https:\/\/israelmagazine.net\/?p=61689","title":{"rendered":"Isra\u00ebl se rapproche de deux pays musulmans frontaliers de l\\&rsquo;Iran"},"content":{"rendered":"<h2><img class=\\\"alignnone wp-image-61695 size-full\\\" src=\\\"https:\/\/israelmagazine.co.il\/wp-content\/uploads\/2023\/04\/Mon-projet-2023-04-17T104415.664.jpg\\\" alt=\\\"\\\" width=\\\"1080\\\" height=\\\"566\\\" \/><\/h2>\n<h2>Isra\u00ebl se rapproche de deux pays musulmans frontaliers de l\\&rsquo;Iran<\/h2>\n<p>Un r\u00e9chauffement inhabituel des relations d\\&rsquo;Isra\u00ebl avec le Turkm\u00e9nistan et l\\&rsquo;Azerba\u00efdjan,\u00a0deux pays musulmans frontaliers de l\\&rsquo;Iran\u00a0inqui\u00e8te T\u00e9h\u00e9ran : malgr\u00e9 les pressions de l\\&rsquo;Iran et les tentatives de faire annuler la visite du ministre des Affaires \u00e9trang\u00e8res Eli Cohen, celui-ci devrait arriver dans la capitale Achgabat, \u00e0 une vingtaine de kilom\u00e8tres de la fronti\u00e8re. Cohen se rendra en Azerba\u00efdjan, qui devrait \u00e9galement accueillir le pr\u00e9sident Herzog, fin mai.<\/p>\n<h2>D\u00e9nier l\\&rsquo;influence r\u00e9gionale chiite de l\\&rsquo;Iran<\/h2>\n<p>Les Ayatollahs y voient une tentative isra\u00e9lienne de resserrer un \u00e9tau pour \u00e9trangler l\\&rsquo;Iran qui exerce des pressions sur le Turkm\u00e9nistan, pour tenter d\\&#8217;emp\u00eacher la visite pr\u00e9vue du ministre des Affaires \u00e9trang\u00e8res Eli Cohen dans la capitale Ashgabat. Cohen pense de se rendre en Azerba\u00efdjan, le premier pays musulman chiite qui envisage d\\&rsquo;ouvrir une ambassade en Isra\u00ebl malgr\u00e9 les pressions de T\u00e9h\u00e9ran.<\/p>\n<p>La visite pr\u00e9vue de Cohen au Turkm\u00e9nistan est la premi\u00e8re visite d\\&rsquo;un ministre isra\u00e9lien dans le pays en pr\u00e8s de 30 ans. La pr\u00e9c\u00e9dente visite remonte \u00e0 1995, lorsque le ministre de la Sant\u00e9 de l\\&rsquo;\u00e9poque, Ephraim Sana, s\\&rsquo;\u00e9tait rendu dans le pays. Un an plus t\u00f4t, le ministre des Affaires \u00e9trang\u00e8res, Shimon Peres, y avait effectu\u00e9 une visite. Le Turkm\u00e9nistan est consid\u00e9r\u00e9 comme l\\&rsquo;un des pays les plus ferm\u00e9s au monde &#8211; selon beaucoup, il se trouve m\u00eame juste derri\u00e8re la\u00a0<b><i>Cor\u00e9e du Nord<\/i><\/b>.<\/p>\n<h2>Raissi tente, en vain, de rassembler autour de la mosqu\u00e9e Al Aqsa<\/h2>\n<p>Conversation t\u00e9l\u00e9phonique extraordinaire entre le pr\u00e9sident iranien Ibrahim Raisi et le pr\u00e9sident turkm\u00e8ne Sardar Berdimuhamedov, au cours de laquelle Raisi a attaqu\u00e9 les \\\u00a0\u00bbcrimes du r\u00e9gime sioniste\\\u00a0\u00bb. Raisi a soulign\u00e9 \u00e0 son coll\u00e8gue la n\u00e9cessit\u00e9 du rassemblement des pays islamiques, se r\u00e9f\u00e9rant \u00e0 ce qu\\&rsquo;il a d\u00e9fini comme \\\u00a0\u00bbles crimes commis r\u00e9cemment par le\u00a0<b><i>r\u00e9gime sioniste \u00e0 la mosqu\u00e9e Al-Aqsa<\/i><\/b>\u00a0et contre les habitants de la Palestine et du Liban\\\u00a0\u00bb. Raisi a \u00e9galement soulign\u00e9 la n\u00e9cessit\u00e9 de continuer \u00e0 d\u00e9velopper les relations bilat\u00e9rales entre les pays.<\/p>\n<h2>Ouverture d\\&rsquo;ambassades<\/h2>\n<p>Berdimuhamedov a d\u00e9clar\u00e9 lors d\\&rsquo;une conversation avec Raisi que \\\u00a0\u00bble Turkm\u00e9nistan est d\u00e9termin\u00e9 \u00e0 d\u00e9velopper des relations avec la R\u00e9publique islamique d\\&rsquo;Iran dans tous les domaines au profit des deux peuples\\\u00a0\u00bb. Cependant, le Turkm\u00e9nistan a l\\&rsquo;intention\u00a0<b><i>d\\&rsquo;autoriser la visite de Cohen dans le pays<\/i><\/b>, au cours de laquelle il rencontrera les dirigeants et inaugurera la structure permanente de\u00a0<b><i>l\\&rsquo;ambassade d\\&rsquo;Isra\u00ebl \u00e0 Achgabat<\/i><\/b>\u00a0&#8211; qui a fonctionn\u00e9 au cours de la derni\u00e8re d\u00e9cennie \u00e0 partir de structures temporaires.<\/p>\n<p>Avant le Turkm\u00e9nistan, Cohen se rendra en Azerba\u00efdjan, pays musulman-chiite, \u00e0 la t\u00eate d\\&rsquo;une d\u00e9l\u00e9gation d\\&rsquo;hommes d\\&rsquo;affaires. Sa visite l\u00e0-bas est la derni\u00e8re \u00e9tape dans le r\u00e9chauffement des relations entre les pays, qui ont atteint le niveau\u00a0<b><i>d\\&rsquo;un partenariat strat\u00e9gique<\/i><\/b>. Le mois dernier, le ministre az\u00e9ri des Affaires \u00e9trang\u00e8res Jayhun Bayermov s\\&rsquo;est rendu en Isra\u00ebl et a\u00a0<b><i>inaugur\u00e9 l\\&rsquo;ambassade d\\&rsquo;Azerba\u00efdjan en Isra\u00ebl<\/i><\/b>. Pendant environ 30 ans, l\\&rsquo;Azerba\u00efdjan n\\&rsquo;a pas eu de repr\u00e9sentation diplomatique officielle en Isra\u00ebl.<\/p>\n<h2>1er \u00e0 reconna\u00eetre l\\&rsquo;Azerba\u00efdjan<\/h2>\n<p>Isra\u00ebl a \u00e9t\u00e9 l\\&rsquo;un des premiers pays au monde \u00e0 reconna\u00eetre l\\&rsquo;ind\u00e9pendance de l\\&rsquo;Azerba\u00efdjan\u00a0<b><i>en d\u00e9cembre 1991<\/i><\/b>\u00a0et y a ouvert une ambassade en 1993. L\\&rsquo;Azerba\u00efdjan, pays d\u00e9fini comme la\u00efc, est le premier pays musulman-chiite \u00e0 ouvrir une ambassade en Isra\u00ebl. \u00c0 ce jour, l\\&rsquo;Azerba\u00efdjan s\\&rsquo;est abstenu de cette d\u00e9marche en raison de la pression de l\\&rsquo;Iran et d\\&rsquo;autres pays musulmans.<\/p>\n<p>Le mois prochain, le pr\u00e9sident du pays, Itzhak Herzog, devrait se rendre \u00e0 Bakou, invit\u00e9 par le pr\u00e9sident de l\\&rsquo;Azerba\u00efdjan. L\\&rsquo;Iran a demand\u00e9 des \u00e9claircissements \u00e0 Bakou et a averti qu\\&rsquo;il ne resterait pas indiff\u00e9rent \u00e0 ce qu\\&rsquo;il d\u00e9finit comme \u00ab le front uni d\\&rsquo;Isra\u00ebl et de\u00a0<b><i>l\\&rsquo;Azerba\u00efdjan contre l\\&rsquo;Iran<\/i><\/b>\u00a0\u00bb. Il convient de noter que l\\&rsquo;Iran et l\\&rsquo;Azerba\u00efdjan partagent une fronti\u00e8re commune d\\&rsquo;environ\u00a0<b><i>765 km et que des dizaines de millions d\\&rsquo;Az\u00e9ris<\/i><\/b>\u00a0vivent en Iran.<\/p>\n<h2>Front uni dans son arri\u00e8re-cour<\/h2>\n<p>Les Iraniens ont \u00e9t\u00e9 scandalis\u00e9s par les propos du ministre des Affaires \u00e9trang\u00e8res, Eli Cohen, dans la d\u00e9claration conjointe avec Bayermov. Cohen a d\u00e9clar\u00e9 \u00e0 l\\&rsquo;\u00e9poque : \u00ab J\\&rsquo;ai convenu avec le ministre des Affaires \u00e9trang\u00e8res, Bayramov, de\u00a0<b><i>former un front uni contre l\\&rsquo;Iran et de renforcer la coop\u00e9ration<\/i><\/b>\u00a0dans les domaines de l\\&rsquo;\u00e9conomie, de la s\u00e9curit\u00e9 \u00e9nerg\u00e9tique et de l\\&rsquo;innovation. Nous devons travailler ensemble pour emp\u00eacher l\\&rsquo;Iran d\\&rsquo;obtenir des capacit\u00e9s nucl\u00e9aires. Pour ce faire, il faut utiliser des outils politiques et \u00e9conomiques, et en m\u00eame temps \u00e9tablir une menace militaire cr\u00e9dible.\\\u00a0\u00bb<\/p>\n<p>Le porte-parole du minist\u00e8re des Affaires \u00e9trang\u00e8res \u00e0 T\u00e9h\u00e9ran, Nasser Kanani, a d\u00e9clar\u00e9 que ces mots montraient les\u00a0<b><i>\u00ab mauvaises intentions \u00bb d\\&rsquo;Isra\u00ebl<\/i><\/b> de transformer le territoire de l\\&rsquo;Azerba\u00efdjan en une menace pour l\\&rsquo;Iran. Kanani a d\u00e9crit les propos de Cohen comme une \\\u00a0\u00bbconfirmation implicite de l\\&rsquo;orientation anti-iranienne, dans la coop\u00e9ration entre Isra\u00ebl et l\\&rsquo;Azerba\u00efdjan\\\u00a0\u00bb, et a not\u00e9 que \\\u00a0\u00bbl\\&rsquo;Iran a demand\u00e9 des \u00e9claircissements \u00e0 Bakou \\\u00a0\u00bb.\u00a0Le porte-parole du minist\u00e8re az\u00e9ri des Affaires \u00e9trang\u00e8res, Ihan Hijazada, a d\u00e9clar\u00e9 que \\\u00a0\u00bbr\u00e9cemment, on entend de plus en plus de menaces de l\\&rsquo;Iran contre notre pays, et que l\u2019Iran s\u2019adonne \u00e0 des provocations contre l\\&rsquo;Azerba\u00efdjan qui incluent les exercices militaires men\u00e9s par la partie iranienne le long de la fronti\u00e8re. avec l\\&rsquo;Azerba\u00efdjan, la cr\u00e9ation et la diffusion de vid\u00e9os anti-az\u00e9ries et l\\&rsquo;attentat contre l\\&rsquo;ambassade de notre pays \u00e0 T\u00e9h\u00e9ran \u00bb.<\/p>\n<div class=\\\"yj6qo ajU\\\">\n<h2 id=\\\":px\\\" class=\\\"ajR\\\" tabindex=\\\"0\\\" role=\\\"button\\\" aria-label=\\\"Masquer le contenu d\u00e9velopp\u00e9\\\" aria-expanded=\\\"true\\\" data-tooltip=\\\"Masquer le contenu d\u00e9velopp\u00e9\\\"><img class=\\\"ajT\\\" src=\\\"https:\/\/ssl.gstatic.com\/ui\/v1\/icons\/mail\/images\/cleardot.gif\\\" \/>Attentats iraniens en Azerba\u00efdjan<\/h2>\n<\/div>\n<div class=\\\"adL\\\">\n<div class=\\\"adm\\\"><\/div>\n<div class=\\\"im\\\">\n<p>L\\&rsquo;attaque s\\&rsquo;est produite en janvier de cette ann\u00e9e, lorsqu\\&rsquo;un citoyen iranien est entr\u00e9 par effraction dans l\\&rsquo;ambassade d\\&rsquo;Azerba\u00efdjan \u00e0 T\u00e9h\u00e9ran et a tu\u00e9 par balle\u00a0<b><i>le garde de s\u00e9curit\u00e9 de l\\&rsquo;ambassade<\/i><\/b>. En outre, il a bless\u00e9 deux autres personnes dans l\\&rsquo;attaque. Suite \u00e0 l\\&rsquo;attaque, l\\&rsquo;Azerba\u00efdjan a d\u00e9cid\u00e9 d\\&rsquo;\u00e9vacuer l\u2019ambassade et a renvoy\u00e9 ses repr\u00e9sentants \u00e0 Bakou. De plus, l\u2019Azerba\u00efdjan accuse des avions iraniens d\u2019avoir p\u00e9n\u00e9tr\u00e9 l\u2019espace a\u00e9rien du pays.<\/p>\n<p><strong>La suite de l\u2019article se trouve dans le prochain num\u00e9ro d\u2019Isra\u00ebl Magazine<\/strong><\/p>\n<p><strong>D\u00e9couvrez un exemplaire du magazine gratuitement et cliquez ensuite sur le rebord droit<\/strong><\/p>\n<p><a href=\\\"https:\/\/online.fliphtml5.com\/rjspi\/ypmm\/#p=1\\\"><strong>https:\/\/online.fliphtml5.com\/rjspi\/ypmm\/#p=1<\/strong><\/a><\/p>\n<p><strong>Votre magazine est livr\u00e9 chez vous en toute confidentialit\u00e9<br \/>\nS\u2019abonner au magazine par t\u00e9l\u00e9phone ou par whats app 00972 (0) 54 254 45 20 ou au 01 86 98 27 27<\/strong><\/p>\n<p><strong>Par email\u00a0\u00a0<\/strong><a href=\\\"mailto:Andredarmon21@gmail.com\\\"><strong>Andredarmon21@gmail.com<\/strong><\/a><strong>\u00a0 pay pal<\/strong><\/p>\n<p><strong>Ou directement sur le site<\/strong><\/p>\n<p><a href=\\\"https:\/\/israelmagazine.co.il\/sabonner-au-magazine\/\\\"><strong>https:\/\/israelmagazine.co.il\/sabonner-au-magazine\/<\/strong><\/a><\/p>\n<p><strong>Loi du Retour ou qui est Juif ?Ou encore S\u2019abonner au magazine livr\u00e9 chez vous en toute confidentialit\u00e9. Remplir le formulaire<\/strong><\/p>\n<p><a href=\\\"https:\/\/docs.google.com\/forms\/d\/e\/1FAIpQLSfPYJfb8KjEya-X17w0DGPAuBlCGvqVUdh_Is8EL810Lxw82A\/viewform?entry.1189475001=Recipient_Email\\\"><strong>https:\/\/docs.google.com\/forms\/d\/e\/1FAIpQLSfPYJfb8KjEya-X17w0DGPAuBlCGvqVUdh_Is8EL810Lxw82A\/viewform?entry.1189475001=Recipient_Email<\/strong><\/a><\/p>\n<\/div>\n<\/div>\n","protected":false},"excerpt":{"rendered":"<p>Isra\u00ebl se rapproche de deux pays musulmans frontaliers de l\\&rsquo;Iran Un r\u00e9chauffement inhabituel des relations d\\&rsquo;Isra\u00ebl avec le Turkm\u00e9nistan et l\\&rsquo;Azerba\u00efdjan,\u00a0deux pays musulmans frontaliers de l\\&rsquo;Iran\u00a0inqui\u00e8te T\u00e9h\u00e9ran : malgr\u00e9 les pressions de l\\&rsquo;Iran et les tentatives de faire annuler la visite du ministre des Affaires \u00e9trang\u00e8res Eli Cohen, celui-ci devrait arriver dans la capitale Achgabat, &hellip;<\/p>\n<p class=\"read-more\"> <a class=\"\" href=\"https:\/\/israelmagazine.net\/?p=61689\"> <span class=\"screen-reader-text\">Isra\u00ebl se rapproche de deux pays musulmans frontaliers de l\\&rsquo;Iran<\/span> Lire la suite \u00bb<\/a><\/p>\n","protected":false},"author":4,"featured_media":61690,"comment_status":"open","ping_status":"open","sticky":false,"template":"","format":"standard","meta":{"site-sidebar-layout":"default","site-content-layout":"default","ast-global-header-display":"","ast-main-header-display":"","ast-hfb-above-header-display":"","ast-hfb-below-header-display":"","ast-hfb-mobile-header-display":"","site-post-title":"","ast-breadcrumbs-content":"","ast-featured-img":"","footer-sml-layout":"","theme-transparent-header-meta":"","adv-header-id-meta":"","stick-header-meta":"","header-above-stick-meta":"","header-main-stick-meta":"","header-below-stick-meta":""},"categories":[41],"tags":[931,1700,821],"sujet":[],"_links":{"self":[{"href":"https:\/\/israelmagazine.net\/index.php?rest_route=\/wp\/v2\/posts\/61689"}],"collection":[{"href":"https:\/\/israelmagazine.net\/index.php?rest_route=\/wp\/v2\/posts"}],"about":[{"href":"https:\/\/israelmagazine.net\/index.php?rest_route=\/wp\/v2\/types\/post"}],"author":[{"embeddable":true,"href":"https:\/\/israelmagazine.net\/index.php?rest_route=\/wp\/v2\/users\/4"}],"replies":[{"embeddable":true,"href":"https:\/\/israelmagazine.net\/index.php?rest_route=%2Fwp%2Fv2%2Fcomments&post=61689"}],"version-history":[{"count":0,"href":"https:\/\/israelmagazine.net\/index.php?rest_route=\/wp\/v2\/posts\/61689\/revisions"}],"wp:featuredmedia":[{"embeddable":true,"href":"https:\/\/israelmagazine.net\/index.php?rest_route=\/"}],"wp:attachment":[{"href":"https:\/\/israelmagazine.net\/index.php?rest_route=%2Fwp%2Fv2%2Fmedia&parent=61689"}],"wp:term":[{"taxonomy":"category","embeddable":true,"href":"https:\/\/israelmagazine.net\/index.php?rest_route=%2Fwp%2Fv2%2Fcategories&post=61689"},{"taxonomy":"post_tag","embeddable":true,"href":"https:\/\/israelmagazine.net\/index.php?rest_route=%2Fwp%2Fv2%2Ftags&post=61689"},{"taxonomy":"sujet","embeddable":true,"href":"https:\/\/israelmagazine.net\/index.php?rest_route=%2Fwp%2Fv2%2Fsujet&post=61689"}],"curies":[{"name":"wp","href":"https:\/\/api.w.org\/{rel}","templated":true}]}}