{"id":61698,"date":"2023-04-18T08:41:28","date_gmt":"2023-04-18T05:41:28","guid":{"rendered":"https:\/\/israelmagazine.net\/?p=61698"},"modified":"2023-04-18T08:41:28","modified_gmt":"2023-04-18T05:41:28","slug":"boaz-bismuth-contraint-de-quitter-une-synagogue-a-yom-hashoah-a-cause-de-fascistes-de-gauche","status":"publish","type":"post","link":"https:\/\/israelmagazine.net\/?p=61698","title":{"rendered":"Boaz Bismuth contraint de quitter une synagogue \u00e0 Yom Hashoah, \u00e0 cause de fascistes de gauche"},"content":{"rendered":"<p dir=\\\"ltr\\\"><img class=\\\"alignnone wp-image-61702 size-full\\\" src=\\\"https:\/\/israelmagazine.co.il\/wp-content\/uploads\/2023\/04\/62931_ZEL_9908_2017-06-26-scaled1.jpg\\\" alt=\\\"\\\" width=\\\"2560\\\" height=\\\"1884\\\" \/><\/p>\n<p dir=\\\"ltr\\\"><span style=\\\"font-size: xx-large;\\\">Boaz Bismuth contraint de quitter une synagogue \u00e0 Yom Hashoah, \u00e0 cause de fascistes de gauche<\/span><\/p>\n<p dir=\\\"ltr\\\"><span style=\\\"font-size: large;\\\">Quand le simple fait de repr\u00e9senter un parti devient un motif de pers\u00e9cutions sectaires et de rejet de l\u2019histoire commune. Les cons\u00e9quences graves d\\&rsquo;une id\u00e9ologie de \\\u00a0\u00bb<em>reductio ad Hitlerum<\/em>\\\u00a0\u00bb o\u00f9 tout homme de droite est identifi\u00e9 comme \\\u00a0\u00bbennemi\\\u00a0\u00bb de l\\&rsquo;humanit\u00e9.\u00a0<\/span><\/p>\n<p dir=\\\"ltr\\\">Une \u00e9meute a failli virer \u00e0 la violence : le depute Bismuth a \u00e9t\u00e9 contraint de quitter une c\u00e9r\u00e9monie \u00e0 Tel-Aviv<\/p>\n<p dir=\\\"ltr\\\">Le d\u00e9put\u00e9 de la Knesset Boaz Bismuth a d\u00fb quitter la c\u00e9r\u00e9monie de la Journ\u00e9e de la Shoah qui s\\&rsquo;est d\u00e9roul\u00e9e dans une synagogue de Tel-Aviv. Des personnes pr\u00e9sentes l\u2019ont copieusement insult\u00e9. Dans la vid\u00e9o, on voit les personnes pr\u00e9sentes crier \\\u00a0\u00bbhonte \u00e0 toi !\\\u00a0\u00bb. En r\u00e9alit\u00e9, ce sont bien les gauchistes qui sortent de l\u2019ethos isra\u00e9lien commun.<\/p>\n<h2>La perte du sens commun<\/h2>\n<p dir=\\\"ltr\\\">Dans la vid\u00e9o publi\u00e9e sur les r\u00e9seaux sociaux, on voit certains d\\&rsquo;entre eux exiger qu\\&rsquo;il ne prononce pas de discours, criant \\\u00a0\u00bbhonte\\\u00a0\u00bb. En m\u00eame temps, il y avait ceux qui exigeaient qu\\&rsquo;ils arr\u00eatent. L\\&rsquo; incident a presque atteint un degr\u00e9 de violence physique.<\/p>\n<p dir=\\\"ltr\\\">Apr\u00e8s cela, Bismuth a quitt\u00e9 les lieux et a d\u00e9clar\u00e9 : \u00ab Le jour de la Shoah est au-del\u00e0 de toute autre controverse politique ou partisane. C\\&rsquo;est un jour saint destin\u00e9 \u00e0 pr\u00e9server la m\u00e9moire des millions de Juifs qui ont p\u00e9ri. Que les nazis les aient assassin\u00e9s ne les concernait pas au sujet de leur position politique\u202f; ce qui les int\u00e9ressait \u00e9tait qu\\&rsquo;ils \u00e9taient juifs. En ce jour, qu\u2019on puisse oser diviser, se quereller et se battre &#8211; c\\&rsquo;est une chose terrible \u00e0 laquelle je ne pr\u00eaterai pas la main.\\\u00a0\u00bb<\/p>\n<div class=\\\"yj6qo ajU\\\">\n<div id=\\\":q8\\\" class=\\\"ajR\\\" tabindex=\\\"0\\\" role=\\\"button\\\" aria-label=\\\"Masquer le contenu d\u00e9velopp\u00e9\\\" aria-expanded=\\\"true\\\" data-tooltip=\\\"Masquer le contenu d\u00e9velopp\u00e9\\\"><img class=\\\"ajT aligncenter\\\" src=\\\"https:\/\/ssl.gstatic.com\/ui\/v1\/icons\/mail\/images\/cleardot.gif\\\" \/><img class=\\\"alignnone wp-image-61703 size-full\\\" src=\\\"https:\/\/israelmagazine.co.il\/wp-content\/uploads\/2023\/04\/S1fq5IYYG2_0_0_1280_853_0_x-large1.jpg\\\" alt=\\\"\\\" width=\\\"1024\\\" height=\\\"682\\\" \/><\/div>\n<\/div>\n<div class=\\\"adL\\\">\n<div class=\\\"im\\\">\n<h2><span style=\\\"font-size: large;\\\">Benny Gantz outr\u00e9 par les faits et gestes des ultras<\/span><\/h2>\n<p dir=\\\"ltr\\\">Le pr\u00e9sident du camp de l\u2019Unit\u00e9 de l\\&rsquo;\u00c9tat Benny Gantz : \\\u00a0\u00bbEn tant que fils de survivants de l\\&rsquo;Holocauste, les photos du d\u00e9put\u00e9 Bismuth expuls\u00e9 de la c\u00e9r\u00e9monie de la Journ\u00e9e de la Shoah dans une synagogue de l\\&rsquo;\u00c9tat juif sont d\u00e9chirantes. Je condamne cela, et m\u00eame si je comprends les diff\u00e9rences d\\&rsquo;opinion et la d\u00e9tresse ressentie par beaucoup dans la nation, je demande \u00e0 chacun de faire preuve de retenue en ces jours saints.<\/p>\n<\/div>\n<\/div>\n","protected":false},"excerpt":{"rendered":"<p>Boaz Bismuth contraint de quitter une synagogue \u00e0 Yom Hashoah, \u00e0 cause de fascistes de gauche Quand le simple fait de repr\u00e9senter un parti devient un motif de pers\u00e9cutions sectaires et de rejet de l\u2019histoire commune. Les cons\u00e9quences graves d\\&rsquo;une id\u00e9ologie de \\\u00a0\u00bbreductio ad Hitlerum\\\u00a0\u00bb o\u00f9 tout homme de droite est identifi\u00e9 comme \\\u00a0\u00bbennemi\\\u00a0\u00bb de &hellip;<\/p>\n<p class=\"read-more\"> <a class=\"\" href=\"https:\/\/israelmagazine.net\/?p=61698\"> <span class=\"screen-reader-text\">Boaz Bismuth contraint de quitter une synagogue \u00e0 Yom Hashoah, \u00e0 cause de fascistes de gauche<\/span> Lire la suite \u00bb<\/a><\/p>\n","protected":false},"author":4,"featured_media":61700,"comment_status":"open","ping_status":"open","sticky":false,"template":"","format":"standard","meta":{"site-sidebar-layout":"default","site-content-layout":"default","ast-global-header-display":"","ast-main-header-display":"","ast-hfb-above-header-display":"","ast-hfb-below-header-display":"","ast-hfb-mobile-header-display":"","site-post-title":"","ast-breadcrumbs-content":"","ast-featured-img":"","footer-sml-layout":"","theme-transparent-header-meta":"","adv-header-id-meta":"","stick-header-meta":"","header-above-stick-meta":"","header-main-stick-meta":"","header-below-stick-meta":""},"categories":[84,1621,814,1612,841,1191,3191],"tags":[1474,1105,1839,1761],"sujet":[],"_links":{"self":[{"href":"https:\/\/israelmagazine.net\/index.php?rest_route=\/wp\/v2\/posts\/61698"}],"collection":[{"href":"https:\/\/israelmagazine.net\/index.php?rest_route=\/wp\/v2\/posts"}],"about":[{"href":"https:\/\/israelmagazine.net\/index.php?rest_route=\/wp\/v2\/types\/post"}],"author":[{"embeddable":true,"href":"https:\/\/israelmagazine.net\/index.php?rest_route=\/wp\/v2\/users\/4"}],"replies":[{"embeddable":true,"href":"https:\/\/israelmagazine.net\/index.php?rest_route=%2Fwp%2Fv2%2Fcomments&post=61698"}],"version-history":[{"count":0,"href":"https:\/\/israelmagazine.net\/index.php?rest_route=\/wp\/v2\/posts\/61698\/revisions"}],"wp:featuredmedia":[{"embeddable":true,"href":"https:\/\/israelmagazine.net\/index.php?rest_route=\/"}],"wp:attachment":[{"href":"https:\/\/israelmagazine.net\/index.php?rest_route=%2Fwp%2Fv2%2Fmedia&parent=61698"}],"wp:term":[{"taxonomy":"category","embeddable":true,"href":"https:\/\/israelmagazine.net\/index.php?rest_route=%2Fwp%2Fv2%2Fcategories&post=61698"},{"taxonomy":"post_tag","embeddable":true,"href":"https:\/\/israelmagazine.net\/index.php?rest_route=%2Fwp%2Fv2%2Ftags&post=61698"},{"taxonomy":"sujet","embeddable":true,"href":"https:\/\/israelmagazine.net\/index.php?rest_route=%2Fwp%2Fv2%2Fsujet&post=61698"}],"curies":[{"name":"wp","href":"https:\/\/api.w.org\/{rel}","templated":true}]}}