{"id":61732,"date":"2023-04-20T14:50:01","date_gmt":"2023-04-20T11:50:01","guid":{"rendered":"https:\/\/israelmagazine.net\/?p=61732"},"modified":"2023-04-20T14:50:01","modified_gmt":"2023-04-20T11:50:01","slug":"les-tartuffes-du-souvenir-michele-mazel","status":"publish","type":"post","link":"https:\/\/israelmagazine.net\/?p=61732","title":{"rendered":"Les Tartuffes du souvenir  Mich\u00e8le Mazel"},"content":{"rendered":"<h1><img class=\\\"alignnone wp-image-61734 size-full\\\" src=\\\"https:\/\/israelmagazine.co.il\/wp-content\/uploads\/2023\/04\/Mon-projet-2023-04-20T144457.098.jpg\\\" alt=\\\"\\\" width=\\\"1080\\\" height=\\\"1350\\\" \/><\/h1>\n<h1 style=\\\"font-weight: 400;\\\">Les Tartuffes du souvenir<\/h1>\n<h2 style=\\\"font-weight: 400;\\\">Mich\u00e8le Mazel<\/h2>\n<p style=\\\"font-weight: 400;\\\">Cette ann\u00e9e, comme \u00e0 l\u2019accoutum\u00e9e, la comm\u00e9moration de l\u2019Holocauste a \u00e9t\u00e9 observ\u00e9e dans le recueillement, en Isra\u00ebl. Elle a aussi donn\u00e9 lieu \u00e0 ce qu\u2019il faut bien, h\u00e9las, qualifier de platitudes habituelles de la part des grands de ce monde, r\u00e9p\u00e9tant en ch\u0153ur \u00ab plus jamais \u00e7a. \u00bb<\/p>\n<p style=\\\"font-weight: 400;\\\">On veut bien croire qu\u2019ils sont sinc\u00e8res. Pourtant, force est de constater qu\u2019un peu partout dans le monde les manifestations d\u2019antis\u00e9mitisme se multiplient et l\u2019ann\u00e9e 2022 a vu une recrudescence des attaques contre les Juifs.<\/p>\n<h2>L\\&rsquo;insulte, du signe \u00e0 la parole, puis au geste<\/h2>\n<p style=\\\"font-weight: 400;\\\">Ces attaques prennent diverses formes. Il y a d\u2019abord \u00ab les incivilit\u00e9s \u00bb, admirable euph\u00e9misme qui couvre les graffitis injurieux et\/ou mena\u00e7ants sur des monuments et des sites associ\u00e9s au juda\u00efsme, sur des commerces appartenant \u00e0 des Juifs et jusqu\u2019\u00e0 sur des tombes.<\/p>\n<p style=\\\"font-weight: 400;\\\">La presse en parle peu ou pas du tout. Il y a aussi les insultes adress\u00e9es \u00e0 un juif qui marche tranquillement dans la rue, insultes parfois accompagn\u00e9es d\u2019un crachat. Le petit groupe qui \u00ab s\u2019amuse \u00bb \u00e0 terroriser l\u2019\u00e9colier portant kippa en lui barrant \u00a0le passage. La Kippa est parfois jet\u00e9e \u00e0 terre. Pour la seule France, il y aurait des centaines \u00ab d\u2019incidents \u00bb de ce genre ; une fraction seulement est rapport\u00e9e.\u00a0 Les auteurs sont rarement retrouv\u00e9s et plus rarement encore sanctionn\u00e9s.<\/p>\n<h2>Les vieilles dames jet\u00e9es par les balcons en France<\/h2>\n<p style=\\\"font-weight: 400;\\\">Et puis il y a les vieilles dames assassin\u00e9es, l\u2019indulgence de la justice \u00e0 l\u2019\u00e9gard des assassins. Enfin, les attaques contre les synagogues, les fid\u00e8les sans d\u00e9fense mitraill\u00e9s dans la synagogue o\u00f9 ils \u00e9taient venus prier.<\/p>\n<p style=\\\"font-weight: 400;\\\">En toile de fond, la litt\u00e9rature antis\u00e9mite toujours florissante, le faux c\u00e9l\u00e8bre que sont Les protocoles des Sages de Sion \u00e0 la place d\u2019honneur dans les foires du livre des pays arabes, o\u00f9 le n\u00e9gationnisme est plus que jamais pr\u00e9sent et le qualificatif \u00ab soi-disant \u00bb r\u00e9guli\u00e8rement accol\u00e9 \u00e0 la mention de l\u2019holocauste.<\/p>\n<h2>\\\u00a0\u00bbPlus jamais \u00e7a\\\u00a0\u00bb\u202f? Et quand cesseront les th\u00e9ories de la conspiration ?<\/h2>\n<p style=\\\"font-weight: 400;\\\">Le fait nouveau, ce sont les r\u00e9seaux sociaux toujours pr\u00eats \u00e0 colporter les rumeurs les plus insens\u00e9es, pourvu qu\u2019il s\u2019agisse de montrer du doigt les Juifs, de diffuser d\u2019imaginaires th\u00e9ories de conspiration.<\/p>\n<p style=\\\"font-weight: 400;\\\">Alors, \u00ab plus jamais \u00e7a ? \u00bb Soyons s\u00e9rieux, direz-vous. Sans doute. Seulement, \u00e0 bien y r\u00e9fl\u00e9chir, l\u2019horreur de l\u2019holocauste n\u2019aurait pu \u00eatre con\u00e7ue et mise \u00e0 ex\u00e9cution sans l\u2019ambiance qui r\u00e9gnait alors.<\/p>\n<h2>Hier, il a suffi que le d\u00e9cor se mette en sc\u00e8ne. Et la Shoah f\u00fbt<\/h2>\n<p style=\\\"font-weight: 400;\\\">Une solide tradition d\u2019antis\u00e9mitisme sur fond religieux, renforc\u00e9e par une litt\u00e9rature abondante o\u00f9 des auteurs de renom comme Pierre Loti c\u00f4toient des th\u00e9oriciens de la race et autres pamphl\u00e9taires.<\/p>\n<p style=\\\"font-weight: 400;\\\">Souvenons-nous de l\u2019affaire Dreyfus\u00a0; \u00ab\u00a0Que Dreyfus soit coupable, je le tiens de sa race\u00a0\u00bb dit un des protagonistes.<\/p>\n<p style=\\\"font-weight: 400;\\\">Or que voyons-nous aujourd\u2019hui ? D\u2019un c\u00f4t\u00e9 un pays comme l\u2019Iran qui appelle ouvertement \u00e0 la disparition de l\u2019\u00e9tat juif et soutient activement le Hezbollah et le Hamas tout en \u00e9tablissant des bases avanc\u00e9es en Syrie ; de l\u2019autre, une vaste entreprise de d\u00e9l\u00e9gitimation et de diabolisation de l\u2019\u00c9tat juif reposant sur la promotion d\u2019un narratif parall\u00e8le qui fait fi de la v\u00e9rit\u00e9 historique. Il y a aujourd\u2019hui\u00a0 toute une g\u00e9n\u00e9ration qui soutient vigoureusement le programme du mouvement BDS et son slogan \u00ab <strong><em>De la rivi\u00e8re \u00e0 la mer, la Palestine sera libre\u00a0<\/em><\/strong>\u00bb. On imagine ce que ce programme implique.<\/p>\n<p><strong>La suite de l\u2019article se trouve dans le prochain num\u00e9ro d\u2019Isra\u00ebl Magazine<\/strong><\/p>\n<p><strong>D\u00e9couvrez un exemplaire du magazine gratuitement et cliquez ensuite sur le rebord droit<\/strong><\/p>\n<p><a href=\\\"https:\/\/online.fliphtml5.com\/rjspi\/ypmm\/#p=1\\\"><strong>https:\/\/online.fliphtml5.com\/rjspi\/ypmm\/#p=1<\/strong><\/a><\/p>\n<p><strong>Votre magazine est livr\u00e9 chez vous en toute confidentialit\u00e9<br \/>\nS\u2019abonner au magazine par t\u00e9l\u00e9phone ou par whats app 00972 (0) 54 254 45 20 ou au 01 86 98 27 27<\/strong><\/p>\n<p><strong>Par email\u00a0\u00a0<\/strong><a href=\\\"mailto:Andredarmon21@gmail.com\\\"><strong>Andredarmon21@gmail.com<\/strong><\/a><strong>\u00a0 pay pal<\/strong><\/p>\n<p><strong>Ou directement sur le site<\/strong><\/p>\n<p><a href=\\\"https:\/\/israelmagazine.co.il\/sabonner-au-magazine\/\\\"><strong>https:\/\/israelmagazine.co.il\/sabonner-au-magazine\/<\/strong><\/a><\/p>\n<p><strong>Loi du Retour ou qui est Juif ?Ou encore S\u2019abonner au magazine livr\u00e9 chez vous en toute confidentialit\u00e9. Remplir le formulaire<\/strong><\/p>\n<p><a href=\\\"https:\/\/docs.google.com\/forms\/d\/e\/1FAIpQLSfPYJfb8KjEya-X17w0DGPAuBlCGvqVUdh_Is8EL810Lxw82A\/viewform?entry.1189475001=Recipient_Email\\\"><strong>https:\/\/docs.google.com\/forms\/d\/e\/1FAIpQLSfPYJfb8KjEya-X17w0DGPAuBlCGvqVUdh_Is8EL810Lxw82A\/viewform?entry.1189475001=Recipient_Email<\/strong><\/a><\/p>\n<p><strong><u>\u00a0<\/u><\/strong><\/p>\n","protected":false},"excerpt":{"rendered":"<p>Les Tartuffes du souvenir Mich\u00e8le Mazel Cette ann\u00e9e, comme \u00e0 l\u2019accoutum\u00e9e, la comm\u00e9moration de l\u2019Holocauste a \u00e9t\u00e9 observ\u00e9e dans le recueillement, en Isra\u00ebl. Elle a aussi donn\u00e9 lieu \u00e0 ce qu\u2019il faut bien, h\u00e9las, qualifier de platitudes habituelles de la part des grands de ce monde, r\u00e9p\u00e9tant en ch\u0153ur \u00ab plus jamais \u00e7a. \u00bb On &hellip;<\/p>\n<p class=\"read-more\"> <a class=\"\" href=\"https:\/\/israelmagazine.net\/?p=61732\"> <span class=\"screen-reader-text\">Les Tartuffes du souvenir  Mich\u00e8le Mazel<\/span> Lire la suite \u00bb<\/a><\/p>\n","protected":false},"author":4,"featured_media":61739,"comment_status":"open","ping_status":"open","sticky":false,"template":"","format":"standard","meta":{"site-sidebar-layout":"default","site-content-layout":"default","ast-global-header-display":"","ast-main-header-display":"","ast-hfb-above-header-display":"","ast-hfb-below-header-display":"","ast-hfb-mobile-header-display":"","site-post-title":"","ast-breadcrumbs-content":"","ast-featured-img":"","footer-sml-layout":"","theme-transparent-header-meta":"","adv-header-id-meta":"","stick-header-meta":"","header-above-stick-meta":"","header-main-stick-meta":"","header-below-stick-meta":""},"categories":[84,1621,1612,841,811],"tags":[825,1628,821],"sujet":[],"_links":{"self":[{"href":"https:\/\/israelmagazine.net\/index.php?rest_route=\/wp\/v2\/posts\/61732"}],"collection":[{"href":"https:\/\/israelmagazine.net\/index.php?rest_route=\/wp\/v2\/posts"}],"about":[{"href":"https:\/\/israelmagazine.net\/index.php?rest_route=\/wp\/v2\/types\/post"}],"author":[{"embeddable":true,"href":"https:\/\/israelmagazine.net\/index.php?rest_route=\/wp\/v2\/users\/4"}],"replies":[{"embeddable":true,"href":"https:\/\/israelmagazine.net\/index.php?rest_route=%2Fwp%2Fv2%2Fcomments&post=61732"}],"version-history":[{"count":0,"href":"https:\/\/israelmagazine.net\/index.php?rest_route=\/wp\/v2\/posts\/61732\/revisions"}],"wp:featuredmedia":[{"embeddable":true,"href":"https:\/\/israelmagazine.net\/index.php?rest_route=\/"}],"wp:attachment":[{"href":"https:\/\/israelmagazine.net\/index.php?rest_route=%2Fwp%2Fv2%2Fmedia&parent=61732"}],"wp:term":[{"taxonomy":"category","embeddable":true,"href":"https:\/\/israelmagazine.net\/index.php?rest_route=%2Fwp%2Fv2%2Fcategories&post=61732"},{"taxonomy":"post_tag","embeddable":true,"href":"https:\/\/israelmagazine.net\/index.php?rest_route=%2Fwp%2Fv2%2Ftags&post=61732"},{"taxonomy":"sujet","embeddable":true,"href":"https:\/\/israelmagazine.net\/index.php?rest_route=%2Fwp%2Fv2%2Fsujet&post=61732"}],"curies":[{"name":"wp","href":"https:\/\/api.w.org\/{rel}","templated":true}]}}