{"id":61774,"date":"2023-04-24T15:40:34","date_gmt":"2023-04-24T12:40:34","guid":{"rendered":"https:\/\/israelmagazine.net\/?p=61774"},"modified":"2023-04-24T15:40:34","modified_gmt":"2023-04-24T12:40:34","slug":"signal-de-detresse-dabu-dhabi-quant-a-linstabilite-en-israel","status":"publish","type":"post","link":"https:\/\/israelmagazine.net\/?p=61774","title":{"rendered":"Signal de d\u00e9tresse d\\&rsquo;Abu Dhabi quant \u00e0 \\&rsquo;l\u2019instabilit\u00e9\\&rsquo; en Isra\u00ebl ?"},"content":{"rendered":"<h1><img class=\\\"alignnone wp-image-61762 size-large\\\" src=\\\"https:\/\/israelmagazine.co.il\/wp-content\/uploads\/2023\/04\/Mon-projet-2023-04-23T075342.800-819x1024.jpg\\\" alt=\\\"\\\" width=\\\"819\\\" height=\\\"1024\\\" \/><\/h1>\n<h1><span style=\\\"font-size: xx-large;\\\">Signal de d\u00e9tresse d\\&rsquo;Abu Dhabi quant \u00e0 \\&rsquo;l\u2019instabilit\u00e9\\&rsquo; en Isra\u00ebl ?<\/span><\/h1>\n<p>Les Emirats\u00a0<b><i>n\\&rsquo;envisagent en aucun cas<\/i><\/b>, pour le moment, de se retirer des accords d\\&rsquo;Abraham, mais un dilemme va se poser\u00a0<b><i>si Isra\u00ebl ne se \\&rsquo;stabilise pas\\&rsquo;.<\/i><\/b><\/p>\n<p>Alors que le ministre des Affaires \u00e9trang\u00e8res, Eli Cohen, renfor\u00e7ait les liens d\\&rsquo;Isra\u00ebl en Asie centrale, le gouvernement des \u00c9mirats Arabes Unis a invit\u00e9 deux membres de la Knesset Ohad Tal et Moshe Solomon, tous deux du parti religieux sioniste, \u00e0 une s\u00e9rie de rencontres. Les messages entendus par les deux membres religieux de droite de la Knesset \u00e0 Abu Dhabi ces derniers jours pourraient, \u00e0 terme,\u00a0<b><i>sceller le sort des accords d\\&rsquo;Abraham<\/i><\/b>. Est-ce que cela ira jusque-l\u00e0 ?<\/p>\n<h2>Mieux comprendre les intentions du gouvernement isra\u00e9lien<\/h2>\n<p>Tal et Solomon sont invit\u00e9s, par des ministres, des parlementaires et des hommes d\\&rsquo;affaires des \u00c9mirats arabes unis \u00e0 expliquer le sens des intentions et des d\u00e9clarations du gouvernement isra\u00e9lien. Entre autres choses, ils ont rencontr\u00e9 le Dr Ali Rashid Al Nuaimi, l\\&rsquo;un des <b><i>plus grands partisans de la normalisation<\/i><\/b> avec Isra\u00ebl. Lui et les autres ont clairement indiqu\u00e9 que les accords abrahamiques sont irr\u00e9versibles et qu\\&rsquo;il n\\&rsquo;y aura pas de marche-arri\u00e8re pour leur pays.<\/p>\n<p>Pourtant, ils ont demand\u00e9 aux d\u00e9put\u00e9s de leur expliquer le sens des d\u00e9clarations des ministres du gouvernement, les\u00a0<b><i>critiques acerbes d\\&rsquo;Isra\u00ebl dans ses propres m\u00e9dias<\/i><\/b>\u00a0et dans le monde, ainsi que la position de leur parti sur les accords d\\&rsquo;Abraham,\u00a0<b><i>son rapprochement avec l\\&rsquo;Iran et la Chine.<\/i><\/b><b><i><\/i><\/b><\/p>\n<h2>Partager des valeurs et une vision de l\\&rsquo;avenir<\/h2>\n<p>Solomon et Tal ont donn\u00e9 les bonnes r\u00e9ponses : pr\u00e9cis\u00e9ment, en tant que membres de la Knesset issus d\\&rsquo;un parti religieux, \u00ab nous pensons qu\\&rsquo;avoir un <strong><em>dialogue autour de valeurs et de croyances partag\u00e9es<\/em><\/strong> peut ouvrir la voie \u00e0 une nouvelle r\u00e9alit\u00e9 de paix v\u00e9ritable \u00bb.<\/p>\n<p>En d\\&rsquo;autres termes, les deux membres de la Knesset, dont le profil public ne cr\u00e8ve pas l\u2019\u00e9cran et donc, les \u00c9mirats pourraient les inviter sans crainte de critiques, ont\u00a0<b><i>int\u00e9rioris\u00e9 l\\&rsquo;ampleur de l\\&rsquo;\u00e9v\u00e9nement.<\/i><\/b>\u00a0Les \u00c9mirats n\\&rsquo;envisagent en aucun cas pour l\\&rsquo;instant de se retirer des accords d\\&rsquo;Abraham, mais un dilemme se posera\u00a0<b><i>si Isra\u00ebl ne se \\&rsquo;stabilise pas\\&rsquo;<\/i><\/b>, si la droite isra\u00e9lienne ne reprend pas le gouvernail et si des \u00e9l\u00e9ments de la gauche isra\u00e9lienne ne cessent de saboter le statut d\u2019Isra\u00ebl dans le monde, comme s\u2019y adonne Ya\u00efr Lapid.<\/p>\n<p><strong>La suite de l\u2019article se trouve dans le prochain num\u00e9ro d\u2019Isra\u00ebl Magazine<\/strong><\/p>\n<p><strong>D\u00e9couvrez un exemplaire du magazine gratuitement et cliquez ensuite sur le rebord droit<\/strong><\/p>\n<p><a href=\\\"https:\/\/online.fliphtml5.com\/rjspi\/ypmm\/#p=1\\\"><strong>https:\/\/online.fliphtml5.com\/rjspi\/ypmm\/#p=1<\/strong><\/a><\/p>\n<p><strong>Votre magazine est livr\u00e9 chez vous en toute confidentialit\u00e9<br \/>\nS\u2019abonner au magazine par t\u00e9l\u00e9phone ou par whats app 00972 (0) 54 254 45 20 ou au 01 86 98 27 27<\/strong><\/p>\n<p><strong>Par email\u00a0\u00a0<\/strong><a href=\\\"mailto:Andredarmon21@gmail.com\\\"><strong>Andredarmon21@gmail.com<\/strong><\/a><strong>\u00a0 pay pal<\/strong><\/p>\n<p><strong>Ou directement sur le site<\/strong><\/p>\n<p><a href=\\\"https:\/\/israelmagazine.co.il\/sabonner-au-magazine\/\\\"><strong>https:\/\/israelmagazine.co.il\/sabonner-au-magazine\/<\/strong><\/a><\/p>\n<p><strong>Loi du Retour ou qui est Juif ?Ou encore S\u2019abonner au magazine livr\u00e9 chez vous en toute confidentialit\u00e9. Remplir le formulaire<\/strong><\/p>\n<p><a href=\\\"https:\/\/docs.google.com\/forms\/d\/e\/1FAIpQLSfPYJfb8KjEya-X17w0DGPAuBlCGvqVUdh_Is8EL810Lxw82A\/viewform?entry.1189475001=Recipient_Email\\\"><strong>https:\/\/docs.google.com\/forms\/d\/e\/1FAIpQLSfPYJfb8KjEya-X17w0DGPAuBlCGvqVUdh_Is8EL810Lxw82A\/viewform?entry.1189475001=Recipient_Email<\/strong><\/a><\/p>\n<p><strong><u>\u00a0<\/u><\/strong><\/p>\n","protected":false},"excerpt":{"rendered":"<p>Signal de d\u00e9tresse d\\&rsquo;Abu Dhabi quant \u00e0 \\&rsquo;l\u2019instabilit\u00e9\\&rsquo; en Isra\u00ebl ? Les Emirats\u00a0n\\&rsquo;envisagent en aucun cas, pour le moment, de se retirer des accords d\\&rsquo;Abraham, mais un dilemme va se poser\u00a0si Isra\u00ebl ne se \\&rsquo;stabilise pas\\&rsquo;. Alors que le ministre des Affaires \u00e9trang\u00e8res, Eli Cohen, renfor\u00e7ait les liens d\\&rsquo;Isra\u00ebl en Asie centrale, le gouvernement des &hellip;<\/p>\n<p class=\"read-more\"> <a class=\"\" href=\"https:\/\/israelmagazine.net\/?p=61774\"> <span class=\"screen-reader-text\">Signal de d\u00e9tresse d\\&rsquo;Abu Dhabi quant \u00e0 \\&rsquo;l\u2019instabilit\u00e9\\&rsquo; en Isra\u00ebl ?<\/span> Lire la suite \u00bb<\/a><\/p>\n","protected":false},"author":4,"featured_media":61776,"comment_status":"open","ping_status":"open","sticky":false,"template":"","format":"standard","meta":{"site-sidebar-layout":"default","site-content-layout":"default","ast-global-header-display":"","ast-main-header-display":"","ast-hfb-above-header-display":"","ast-hfb-below-header-display":"","ast-hfb-mobile-header-display":"","site-post-title":"","ast-breadcrumbs-content":"","ast-featured-img":"","footer-sml-layout":"","theme-transparent-header-meta":"","adv-header-id-meta":"","stick-header-meta":"","header-above-stick-meta":"","header-main-stick-meta":"","header-below-stick-meta":""},"categories":[84,3160,1621,1617],"tags":[1739,810,1628],"sujet":[],"_links":{"self":[{"href":"https:\/\/israelmagazine.net\/index.php?rest_route=\/wp\/v2\/posts\/61774"}],"collection":[{"href":"https:\/\/israelmagazine.net\/index.php?rest_route=\/wp\/v2\/posts"}],"about":[{"href":"https:\/\/israelmagazine.net\/index.php?rest_route=\/wp\/v2\/types\/post"}],"author":[{"embeddable":true,"href":"https:\/\/israelmagazine.net\/index.php?rest_route=\/wp\/v2\/users\/4"}],"replies":[{"embeddable":true,"href":"https:\/\/israelmagazine.net\/index.php?rest_route=%2Fwp%2Fv2%2Fcomments&post=61774"}],"version-history":[{"count":0,"href":"https:\/\/israelmagazine.net\/index.php?rest_route=\/wp\/v2\/posts\/61774\/revisions"}],"wp:featuredmedia":[{"embeddable":true,"href":"https:\/\/israelmagazine.net\/index.php?rest_route=\/"}],"wp:attachment":[{"href":"https:\/\/israelmagazine.net\/index.php?rest_route=%2Fwp%2Fv2%2Fmedia&parent=61774"}],"wp:term":[{"taxonomy":"category","embeddable":true,"href":"https:\/\/israelmagazine.net\/index.php?rest_route=%2Fwp%2Fv2%2Fcategories&post=61774"},{"taxonomy":"post_tag","embeddable":true,"href":"https:\/\/israelmagazine.net\/index.php?rest_route=%2Fwp%2Fv2%2Ftags&post=61774"},{"taxonomy":"sujet","embeddable":true,"href":"https:\/\/israelmagazine.net\/index.php?rest_route=%2Fwp%2Fv2%2Fsujet&post=61774"}],"curies":[{"name":"wp","href":"https:\/\/api.w.org\/{rel}","templated":true}]}}